{"id":16959,"date":"2024-02-16T07:14:11","date_gmt":"2024-02-16T07:14:11","guid":{"rendered":"https:\/\/www.ahmetsavasan.biz\/?p=16044"},"modified":"2024-02-16T07:14:11","modified_gmt":"2024-02-16T07:14:11","slug":"sigortalarla-ilgili-oneri-ve-emeklilikle-ilgili-tasari-meclis-komitesinde-onaylandi-2","status":"publish","type":"post","link":"https:\/\/ahmetsavasan.com\/tr_tr\/sigortalarla-ilgili-oneri-ve-emeklilikle-ilgili-tasari-meclis-komitesinde-onaylandi-2\/","title":{"rendered":"Sigortalarla \u0130lgili \u00d6neri Ve Emeklilikle \u0130lgili Tasar\u0131 Meclis Komitesinde Onayland\u0131"},"content":{"rendered":"<p>Cumhuriyet Meclisi, \u0130dari, Kamu ve Sa\u011fl\u0131k \u0130\u015fleri Komitesi, bug\u00fcnk\u00fc toplant\u0131s\u0131nda, \u201cK\u0131br\u0131s T\u00fcrk Sosyal Sigortalar (De\u011fi\u015fiklik) Yasa \u00d6nerisi\u201d ve\u00a0\u201cEmeklilik (De\u011fi\u015fiklik) Yasa Tasar\u0131s\u0131\u201d Genel Kurul&#8217;a sevk edildi.<\/p>\n<p>Cumhuriyet Meclisi, \u0130dari, Kamu ve Sa\u011fl\u0131k \u0130\u015fleri Komitesi, bug\u00fcnk\u00fc toplant\u0131s\u0131nda, \u201cK\u0131br\u0131s T\u00fcrk Sosyal Sigortalar (De\u011fi\u015fiklik) Yasa \u00d6nerisi\u201d ve\u00a0\u201cEmeklilik (De\u011fi\u015fiklik) Yasa Tasar\u0131s\u0131\u201dn\u0131 oy birli\u011fi ile onaylayarak Genel Kurul\u2019a sevk etti.<\/p>\n<p>Meclisten yap\u0131lan a\u00e7\u0131klamaya g\u00f6re Cumhuriyet Meclisi, \u0130dari, Kamu ve Sa\u011fl\u0131k \u0130\u015fleri Komitesi, bug\u00fcn saat 09.00\u2019da UBP Milletvekili Komite Ba\u015fkan\u0131\u00a0Emrah Ye\u015fil\u0131rmak\u00a0ba\u015fkanl\u0131\u011f\u0131nda topland\u0131.<\/p>\n<p>Komite, g\u00fcndeminde bulunan UBP Gazima\u011fusa Milletvekili\u00a0O\u011fuzhan Hasipo\u011flu&#8217;nun sundu\u011fu \u201cK\u0131br\u0131s T\u00fcrk Sosyal Sigortalar (De\u011fi\u015fiklik) Yasa \u00d6nerisi&#8217;ni, \u201cEmeklilik (De\u011fi\u015fiklik) Yasa Tasar\u0131s\u0131\u201dn\u0131 ve \u201cYurt D\u0131\u015f\u0131nda G\u00f6rev Yapan Personelin Kadrolar\u0131 ve D\u0131\u015f G\u00f6rev \u00d6denekleri (De\u011fi\u015fiklik) Yasa Tasar\u0131s\u0131\u201dn\u0131 ele ald\u0131.<\/p>\n<p>Komite ilk olarak \u201cK\u0131br\u0131s T\u00fcrk Sosyal Sigortalar (De\u011fi\u015fiklik) Yasa \u00d6nerisi\u2019ni ele ald\u0131 ve oy birli\u011fi ile onaylayarak Genel Kurul\u2019un g\u00fcndemine sevk etti. Toplant\u0131da, \u00f6neri sahibi UBP Gazima\u011fusa Milletvekili\u00a0O\u011fuzhan Hasipo\u011flu\u00a0da haz\u0131r bulundu.<\/p>\n<p>Komite daha sonra, \u201cEmeklilik (De\u011fi\u015fiklik) Yasa Tasar\u0131s\u0131\u201dn\u0131 ele ald\u0131 ve oy birli\u011fi ile Genel Kurul\u2019un g\u00fcndemine sevk etti.<\/p>\n<p>\u201cYurt D\u0131\u015f\u0131nda G\u00f6rev Yapan Personelin Kadrolar\u0131 ve D\u0131\u015f \u00d6denekleri (De\u011fi\u015fiklik) Yasa Tasar\u0131s\u0131\u201dn\u0131 da ele al\u0131p madde madde g\u00f6r\u00fc\u015fmeye devam eden komite, bu tasar\u0131s\u0131yla ilgili \u00e7al\u0131\u015fmalar\u0131na bir sonraki toplant\u0131s\u0131nda devam edecek.<\/p>\n<p>Komite toplant\u0131s\u0131na davetli olarak, Ba\u015fbakan Yard\u0131mc\u0131l\u0131\u011f\u0131, Turizm, K\u00fclt\u00fcr, Gen\u00e7lik ve \u00c7evre Bakanl\u0131\u011f\u0131, Maliye Bakanl\u0131\u011f\u0131, Milli E\u011fitim Bakanl\u0131\u011f\u0131, \u00c7al\u0131\u015fma ve Sosyal G\u00fcvenlik Bakanl\u0131\u011f\u0131, D\u0131\u015fi\u015fleri Bakanl\u0131\u011f\u0131, K\u0131br\u0131s T\u00fcrk Sosyal Sigortalar Dairesi, G\u00fcvenlik Kuvvetleri Komutanl\u0131\u011f\u0131,\u00a0Do\u011fu Akdeniz \u00dcniversitesi,\u00a0DA\u00dc\u00a0B\u0130R-SEN,\u00a0DA\u00dc\u00a0PER-SEN,\u00a0DA\u00dc-SEN, KTAMS ve KAMU-SEN\u2019den yetkililer kat\u0131larak konu ile ilgili g\u00f6r\u00fc\u015flerini sundu.<\/p>\n<p>Toplant\u0131ya, komite \u00fcyesi\u00a0CTP\u00a0Milletvekili\u00a0Devrim Bar\u00e7\u0131n, komite \u00fcyesi UBP Milletvekilleri\u00a0F\u0131rt\u0131na Karanfil\u00a0ve\u00a0Ahmet Sava\u015fan\u00a0da kat\u0131ld\u0131.<\/p>\n","protected":false},"excerpt":{"rendered":"<p>Cumhuriyet Meclisi, \u0130dari, Kamu ve Sa\u011fl\u0131k \u0130\u015fleri Komitesi, bug\u00fcnk\u00fc toplant\u0131s\u0131nda, \u201cK\u0131br\u0131s T\u00fcrk Sosyal Sigortalar (De\u011fi\u015fiklik) Yasa \u00d6nerisi\u201d ve\u00a0\u201cEmeklilik (De\u011fi\u015fiklik) Yasa Tasar\u0131s\u0131\u201d Genel Kurul&#8217;a sevk edildi. Cumhuriyet Meclisi, \u0130dari, Kamu ve Sa\u011fl\u0131k \u0130\u015fleri Komitesi, bug\u00fcnk\u00fc toplant\u0131s\u0131nda, \u201cK\u0131br\u0131s T\u00fcrk Sosyal Sigortalar (De\u011fi\u015fiklik) Yasa \u00d6nerisi\u201d ve\u00a0\u201cEmeklilik (De\u011fi\u015fiklik) Yasa Tasar\u0131s\u0131\u201dn\u0131 oy birli\u011fi ile onaylayarak Genel Kurul\u2019a sevk etti. Meclisten [&hellip;]<\/p>\n","protected":false},"author":1,"featured_media":17048,"comment_status":"open","ping_status":"open","sticky":false,"template":"","format":"standard","meta":{"_monsterinsights_skip_tracking":false,"_monsterinsights_sitenote_active":false,"_monsterinsights_sitenote_note":"","_monsterinsights_sitenote_category":0,"footnotes":""},"categories":[102],"tags":[],"class_list":["post-16959","post","type-post","status-publish","format-standard","has-post-thumbnail","hentry","category-haberler"],"aioseo_notices":[],"_links":{"self":[{"href":"https:\/\/ahmetsavasan.com\/tr_tr\/wp-json\/wp\/v2\/posts\/16959","targetHints":{"allow":["GET"]}}],"collection":[{"href":"https:\/\/ahmetsavasan.com\/tr_tr\/wp-json\/wp\/v2\/posts"}],"about":[{"href":"https:\/\/ahmetsavasan.com\/tr_tr\/wp-json\/wp\/v2\/types\/post"}],"author":[{"embeddable":true,"href":"https:\/\/ahmetsavasan.com\/tr_tr\/wp-json\/wp\/v2\/users\/1"}],"replies":[{"embeddable":true,"href":"https:\/\/ahmetsavasan.com\/tr_tr\/wp-json\/wp\/v2\/comments?post=16959"}],"version-history":[{"count":0,"href":"https:\/\/ahmetsavasan.com\/tr_tr\/wp-json\/wp\/v2\/posts\/16959\/revisions"}],"wp:featuredmedia":[{"embeddable":true,"href":"https:\/\/ahmetsavasan.com\/tr_tr\/wp-json\/wp\/v2\/media\/17048"}],"wp:attachment":[{"href":"https:\/\/ahmetsavasan.com\/tr_tr\/wp-json\/wp\/v2\/media?parent=16959"}],"wp:term":[{"taxonomy":"category","embeddable":true,"href":"https:\/\/ahmetsavasan.com\/tr_tr\/wp-json\/wp\/v2\/categories?post=16959"},{"taxonomy":"post_tag","embeddable":true,"href":"https:\/\/ahmetsavasan.com\/tr_tr\/wp-json\/wp\/v2\/tags?post=16959"}],"curies":[{"name":"wp","href":"https:\/\/api.w.org\/{rel}","templated":true}]}}