{"id":16960,"date":"2024-02-14T07:16:10","date_gmt":"2024-02-14T07:16:10","guid":{"rendered":"https:\/\/www.ahmetsavasan.biz\/?p=16047"},"modified":"2024-02-14T07:16:10","modified_gmt":"2024-02-14T07:16:10","slug":"cumhuriyet-meclisi-idari-kamu-ve-saglik-isleri-komitesi-toplandi-3","status":"publish","type":"post","link":"https:\/\/ahmetsavasan.com\/tr_tr\/cumhuriyet-meclisi-idari-kamu-ve-saglik-isleri-komitesi-toplandi-3\/","title":{"rendered":"Cumhuriyet Meclisi, \u0130dari, Kamu Ve Sa\u011fl\u0131k \u0130\u015fleri Komitesi Topland\u0131"},"content":{"rendered":"<p>Cumhuriyet Meclisi, \u0130dari, Kamu ve Sa\u011fl\u0131k \u0130\u015fleri Komitesi, \u201cKonut Edindirme (De\u011fi\u015fiklik) Yasa Tasar\u0131s\u0131\u201dn\u0131 ele ald\u0131.<\/p>\n<p>Cumhuriyet Meclisi, \u0130dari, Kamu ve Sa\u011fl\u0131k \u0130\u015fleri Komitesi bug\u00fcn saat 10.00\u2019da topland\u0131.<\/p>\n<p>Meclisten verilen bilgiye g\u00f6re, komite, g\u00fcndeminde bulunan \u201cKonut Edindirme (De\u011fi\u015fiklik) Yasa Tasar\u0131s\u0131\u201dn\u0131 ele ald\u0131 ve madde madde g\u00f6r\u00fc\u015fmeye devam etti. Komite, bahse konu Yasa Tasar\u0131s\u0131 ile ilgili \u00e7al\u0131\u015fmalar\u0131na bir sonraki toplant\u0131s\u0131nda devam edecek.<\/p>\n<p>Komite toplant\u0131s\u0131na davetli olarak, Ba\u015fbakan Yard\u0131mc\u0131l\u0131\u011f\u0131, Turizm, K\u00fclt\u00fcr, Gen\u00e7lik ve \u00c7evre Bakanl\u0131\u011f\u0131, Maliye Bakanl\u0131\u011f\u0131, \u0130\u00e7i\u015fleri Bakanl\u0131\u011f\u0131, K\u0131br\u0131s T\u00fcrk Belediyeler Birli\u011fi, K\u0131br\u0131s T\u00fcrk M\u00fchendis ve Mimar Odalar\u0131 Birli\u011fi, K\u0131br\u0131s T\u00fcrk \u0130n\u015faat M\u00fcteahhitleri Birli\u011fi ve K\u0131br\u0131s T\u00fcrk Emlak\u00e7\u0131lar Derne\u011fi\u2019nden yetkililer kat\u0131larak konu ile ilgili g\u00f6r\u00fc\u015flerini sundu.<\/p>\n<p>Kamu ve Sa\u011fl\u0131k \u0130\u015fleri Komitesi toplant\u0131s\u0131na, ba\u015fkan UBP Milletvekili\u00a0Emrah Ye\u015fil\u0131rmak, ba\u015fkan vekili\u00a0CTP\u00a0Milletvekili\u00a0Filiz Besim,\u00a0CTP\u00a0Milletvekili\u00a0Devrim Bar\u00e7\u0131n, UBP Milletvekili\u00a0Ahmet Sava\u015fan\u00a0kat\u0131ld\u0131. Komite toplant\u0131s\u0131na ayr\u0131ca\u00a0CTP\u00a0Milletvekili\u00a0<a href=\"https:\/\/www.kibrispostasi.com\/keyword\/71\">Salahi \u015eahiner<\/a>,\u00a0\u00dcr\u00fcn Solyal\u0131, Ba\u011f\u0131ms\u0131z Milletvekilleri\u00a0Ay\u015feg\u00fcl Baybars\u00a0ve\u00a0Jale Refik Rogers\u00a0da kat\u0131ld\u0131.<\/p>\n<p>&nbsp;<\/p>\n","protected":false},"excerpt":{"rendered":"<p>Cumhuriyet Meclisi, \u0130dari, Kamu ve Sa\u011fl\u0131k \u0130\u015fleri Komitesi, \u201cKonut Edindirme (De\u011fi\u015fiklik) Yasa Tasar\u0131s\u0131\u201dn\u0131 ele ald\u0131. Cumhuriyet Meclisi, \u0130dari, Kamu ve Sa\u011fl\u0131k \u0130\u015fleri Komitesi bug\u00fcn saat 10.00\u2019da topland\u0131. Meclisten verilen bilgiye g\u00f6re, komite, g\u00fcndeminde bulunan \u201cKonut Edindirme (De\u011fi\u015fiklik) Yasa Tasar\u0131s\u0131\u201dn\u0131 ele ald\u0131 ve madde madde g\u00f6r\u00fc\u015fmeye devam etti. Komite, bahse konu Yasa Tasar\u0131s\u0131 ile ilgili \u00e7al\u0131\u015fmalar\u0131na [&hellip;]<\/p>\n","protected":false},"author":1,"featured_media":17049,"comment_status":"open","ping_status":"open","sticky":false,"template":"","format":"standard","meta":{"_monsterinsights_skip_tracking":false,"_monsterinsights_sitenote_active":false,"_monsterinsights_sitenote_note":"","_monsterinsights_sitenote_category":0,"footnotes":""},"categories":[102],"tags":[],"class_list":["post-16960","post","type-post","status-publish","format-standard","has-post-thumbnail","hentry","category-haberler"],"aioseo_notices":[],"_links":{"self":[{"href":"https:\/\/ahmetsavasan.com\/tr_tr\/wp-json\/wp\/v2\/posts\/16960","targetHints":{"allow":["GET"]}}],"collection":[{"href":"https:\/\/ahmetsavasan.com\/tr_tr\/wp-json\/wp\/v2\/posts"}],"about":[{"href":"https:\/\/ahmetsavasan.com\/tr_tr\/wp-json\/wp\/v2\/types\/post"}],"author":[{"embeddable":true,"href":"https:\/\/ahmetsavasan.com\/tr_tr\/wp-json\/wp\/v2\/users\/1"}],"replies":[{"embeddable":true,"href":"https:\/\/ahmetsavasan.com\/tr_tr\/wp-json\/wp\/v2\/comments?post=16960"}],"version-history":[{"count":0,"href":"https:\/\/ahmetsavasan.com\/tr_tr\/wp-json\/wp\/v2\/posts\/16960\/revisions"}],"wp:featuredmedia":[{"embeddable":true,"href":"https:\/\/ahmetsavasan.com\/tr_tr\/wp-json\/wp\/v2\/media\/17049"}],"wp:attachment":[{"href":"https:\/\/ahmetsavasan.com\/tr_tr\/wp-json\/wp\/v2\/media?parent=16960"}],"wp:term":[{"taxonomy":"category","embeddable":true,"href":"https:\/\/ahmetsavasan.com\/tr_tr\/wp-json\/wp\/v2\/categories?post=16960"},{"taxonomy":"post_tag","embeddable":true,"href":"https:\/\/ahmetsavasan.com\/tr_tr\/wp-json\/wp\/v2\/tags?post=16960"}],"curies":[{"name":"wp","href":"https:\/\/api.w.org\/{rel}","templated":true}]}}