{"id":16963,"date":"2024-02-04T07:21:34","date_gmt":"2024-02-04T07:21:34","guid":{"rendered":"https:\/\/www.ahmetsavasan.biz\/?p=16056"},"modified":"2025-08-29T12:01:08","modified_gmt":"2025-08-29T12:01:08","slug":"ustel-ve-savasan-lefkosanin-orgut-baskanlari-ile-bir-araya-geldi","status":"publish","type":"post","link":"https:\/\/ahmetsavasan.com\/tr_tr\/ustel-ve-savasan-lefkosanin-orgut-baskanlari-ile-bir-araya-geldi\/","title":{"rendered":"\u00dcstel Ve Sava\u015fan Lefko\u015fa\u2019n\u0131n \u00d6rg\u00fct Ba\u015fkanlar\u0131 \u0130le Bir Araya Geldi"},"content":{"rendered":"<p>Ba\u015fbakan \u00dcnal \u00dcstel, Genel Sekreter O\u011fuzhan Hasipo\u011flu ve Lefko\u015fa \u0130l\u00e7e Ba\u015fkan\u0131 Ahmet Sava\u015fan Lefko\u015fa \u0130l\u00e7esine ba\u011fl\u0131 b\u00f6lgelerdeki 48 \u00f6rg\u00fct\u00fcn\u00fcn ba\u015fkanlar\u0131yla bir araya geldi.<\/p>\n<p>Ulusal Birlik Partisi (UBP) Genel Ba\u015fkan\u0131, Ba\u015fbakan\u00a0\u00dcnal \u00dcstel, Genel Sekreter\u00a0O\u011fuzhan Hasipo\u011flu\u00a0ve Lefko\u015fa \u0130l\u00e7e Ba\u015fkan\u0131\u00a0Ahmet Sava\u015fan\u00a0ile birlikte Lefko\u015fa \u0130l\u00e7esine ba\u011fl\u0131 b\u00f6lgelerdeki 48 \u00f6rg\u00fct\u00fcn\u00fcn ba\u015fkanlar\u0131yla bir araya geldi.<\/p>\n<p><img fetchpriority=\"high\" decoding=\"async\" class=\"alignnone wp-image-16058 size-full\" src=\"https:\/\/ahmetsavasan.com\/wp-content\/uploads\/2024\/06\/45.1.jpg\" alt=\"\" width=\"971\" height=\"551\" \/><\/p>\n<p>\u00dc\u00e7 a\u015famada ger\u00e7ekle\u015ftirilen ve b\u00f6lgelerin ihtiya\u00e7lar\u0131 ile at\u0131lmas\u0131 gereken ad\u0131mlar\u0131n de\u011ferlendirildi\u011fi toplant\u0131da \u00f6rg\u00fctsel yap\u0131n\u0131n g\u00fc\u00e7lendirilmesi i\u00e7in Lefko\u015fa \u0130l\u00e7e Ba\u015fkanl\u0131\u011f\u0131 koordinasyonunda at\u0131lacak ad\u0131mlar ele al\u0131nd\u0131.<\/p>\n<p>UBP Genel Ba\u015fkan\u0131, Ba\u015fbakan\u00a0\u00dcnal \u00dcstel\u00a0toplant\u0131da yapt\u0131\u011f\u0131 konu\u015fmada ba\u015fta gen\u00e7ler olmak \u00fczere \u00fclke insan\u0131n\u0131n ihtiya\u00e7lar\u0131n\u0131n kar\u015f\u0131lanmas\u0131 ve ayn\u0131 zamanda da UBP ile \u00f6rg\u00fctlerinin g\u00fc\u00e7lendirilmesi i\u00e7in gereken ad\u0131mlar\u0131n kararl\u0131l\u0131kla at\u0131lmaya devam edilece\u011fini vurgulad\u0131.<\/p>\n","protected":false},"excerpt":{"rendered":"<p>Ba\u015fbakan \u00dcnal \u00dcstel, Genel Sekreter O\u011fuzhan Hasipo\u011flu ve Lefko\u015fa \u0130l\u00e7e Ba\u015fkan\u0131 Ahmet Sava\u015fan Lefko\u015fa \u0130l\u00e7esine ba\u011fl\u0131 b\u00f6lgelerdeki 48 \u00f6rg\u00fct\u00fcn\u00fcn ba\u015fkanlar\u0131yla bir araya geldi. Ulusal Birlik Partisi (UBP) Genel Ba\u015fkan\u0131, Ba\u015fbakan\u00a0\u00dcnal \u00dcstel, Genel Sekreter\u00a0O\u011fuzhan Hasipo\u011flu\u00a0ve Lefko\u015fa \u0130l\u00e7e Ba\u015fkan\u0131\u00a0Ahmet Sava\u015fan\u00a0ile birlikte Lefko\u015fa \u0130l\u00e7esine ba\u011fl\u0131 b\u00f6lgelerdeki 48 \u00f6rg\u00fct\u00fcn\u00fcn ba\u015fkanlar\u0131yla bir araya geldi. \u00dc\u00e7 a\u015famada ger\u00e7ekle\u015ftirilen ve b\u00f6lgelerin ihtiya\u00e7lar\u0131 [&hellip;]<\/p>\n","protected":false},"author":1,"featured_media":17052,"comment_status":"open","ping_status":"open","sticky":false,"template":"","format":"standard","meta":{"_monsterinsights_skip_tracking":false,"_monsterinsights_sitenote_active":false,"_monsterinsights_sitenote_note":"","_monsterinsights_sitenote_category":0,"footnotes":""},"categories":[140],"tags":[],"class_list":["post-16963","post","type-post","status-publish","format-standard","has-post-thumbnail","hentry","category-chtc"],"aioseo_notices":[],"_links":{"self":[{"href":"https:\/\/ahmetsavasan.com\/tr_tr\/wp-json\/wp\/v2\/posts\/16963","targetHints":{"allow":["GET"]}}],"collection":[{"href":"https:\/\/ahmetsavasan.com\/tr_tr\/wp-json\/wp\/v2\/posts"}],"about":[{"href":"https:\/\/ahmetsavasan.com\/tr_tr\/wp-json\/wp\/v2\/types\/post"}],"author":[{"embeddable":true,"href":"https:\/\/ahmetsavasan.com\/tr_tr\/wp-json\/wp\/v2\/users\/1"}],"replies":[{"embeddable":true,"href":"https:\/\/ahmetsavasan.com\/tr_tr\/wp-json\/wp\/v2\/comments?post=16963"}],"version-history":[{"count":1,"href":"https:\/\/ahmetsavasan.com\/tr_tr\/wp-json\/wp\/v2\/posts\/16963\/revisions"}],"predecessor-version":[{"id":20212,"href":"https:\/\/ahmetsavasan.com\/tr_tr\/wp-json\/wp\/v2\/posts\/16963\/revisions\/20212"}],"wp:featuredmedia":[{"embeddable":true,"href":"https:\/\/ahmetsavasan.com\/tr_tr\/wp-json\/wp\/v2\/media\/17052"}],"wp:attachment":[{"href":"https:\/\/ahmetsavasan.com\/tr_tr\/wp-json\/wp\/v2\/media?parent=16963"}],"wp:term":[{"taxonomy":"category","embeddable":true,"href":"https:\/\/ahmetsavasan.com\/tr_tr\/wp-json\/wp\/v2\/categories?post=16963"},{"taxonomy":"post_tag","embeddable":true,"href":"https:\/\/ahmetsavasan.com\/tr_tr\/wp-json\/wp\/v2\/tags?post=16963"}],"curies":[{"name":"wp","href":"https:\/\/api.w.org\/{rel}","templated":true}]}}