{"id":19167,"date":"2022-05-22T20:36:08","date_gmt":"2022-05-22T20:36:08","guid":{"rendered":"https:\/\/www.ahmetsavasan.biz\/?p=15185"},"modified":"2022-05-22T20:36:08","modified_gmt":"2022-05-22T20:36:08","slug":"ustel-kara-sinir-kapilarindan-gelenler-bir-devlete-geldiklerini-hissedecek","status":"publish","type":"post","link":"https:\/\/ahmetsavasan.com\/tr_tr\/ustel-kara-sinir-kapilarindan-gelenler-bir-devlete-geldiklerini-hissedecek\/","title":{"rendered":"\u00dcstel: Kara s\u0131n\u0131r kap\u0131lar\u0131ndan gelenler bir devlete geldiklerini hissedecek"},"content":{"rendered":"<p><strong>Ba\u015fbakan \u00dcnal \u00dcstel, KKTC kara s\u0131n\u0131r kap\u0131lar\u0131na gelenlerin bir devlete geldi\u011fini hissedecekleri noktaya getirilece\u011fini s\u00f6yledi.<\/strong><\/p>\n<div class=\"news-copy\">\n<p>Ba\u015fbakan <span class=\"marked\">\u00dcnal \u00dcstel<\/span>, Lefko\u015fa&#8217;n\u0131n ard\u0131ndan\u00a0kara s\u0131n\u0131r kap\u0131lar\u0131ndaki incelemelerine Beyarmudu, Akyar ve Derinya s\u0131n\u0131r kap\u0131lar\u0131yla devam etti.<\/p>\n<p>H\u00fck\u00fcmetin ilk icraat\u0131n\u0131n kara ge\u00e7i\u015f noktalar\u0131ndan ge\u00e7i\u015fleri kolayla\u015ft\u0131rmak oldu\u011funu ifade eden Ba\u015fbakan \u00dcstel, \u201cKap\u0131lar\u0131m\u0131zdan KKTC\u2019ye ge\u00e7ecek olanlar s\u0131n\u0131r kap\u0131m\u0131za geldi\u011fi zaman ge\u00e7i\u015f noktalar\u0131m\u0131z\u0131 bir devlete geldiklerini g\u00f6rebilecekleri d\u00fczeye \u00e7\u0131karaca\u011f\u0131z\u201d dedi.<\/p>\n<p>Ba\u015fbakanl\u0131k Bas\u0131n ve Halkla \u0130li\u015fkiler M\u00fcd\u00fcrl\u00fc\u011f\u00fc&#8217;n\u00fcn a\u00e7\u0131klamas\u0131na g\u00f6re, kara s\u0131n\u0131r kap\u0131lar\u0131ndaki incelemeler s\u0131ras\u0131nda Ba\u015fbakan \u00dcstel\u2019e, \u00c7al\u0131\u015fma ve Sosyal G\u00fcvenlik Bakan\u0131 <span class=\"marked\">Hasan Ta\u00e7oy<\/span>, UBP Lefko\u015fa Milletvekilleri <span class=\"marked\">Ahmet Sava\u015fan<\/span> ve <span class=\"marked\">Ali\u015fan \u015ean<\/span>, Beyarmudu Belediye Ba\u015fkan\u0131 \u0130lker Edip, Gazima\u011fusa Polis M\u00fcd\u00fcr\u00fc H\u00fcseyin Kadir \u00c7ete, D\u0131\u015fi\u015fleri Konsolosluk \u0130\u015fleri M\u00fcd\u00fcr\u00fc, G\u00fcmr\u00fck M\u00fcd\u00fcr\u00fc, Karayollar\u0131 Dairesi M\u00fcd\u00fcr\u00fc de e\u015flik etti.<\/p>\n<p><strong>\u00c7ETE: YAPILACAK YEN\u0130 D\u00dcZENLEMELERLE GE\u00c7\u0130\u015eLERDEK\u0130 SIKINTI ORTADAN KALKAB\u0130L\u0130R<\/strong><\/p>\n<p>Ba\u015fbakan <span class=\"marked\">\u00dcnal \u00dcstel<\/span>\u2019e b\u00f6lgedeki s\u0131n\u0131r kap\u0131lar\u0131 hakk\u0131nda bilgi veren Gazima\u011fusa Polis M\u00fcd\u00fcr\u00fc H\u00fcseyin Kadir \u00c7ete, \u00f6zellikle Beyarmudu kap\u0131s\u0131nda baz\u0131 s\u0131k\u0131nt\u0131lar ya\u015fad\u0131klar\u0131n\u0131 ara\u00e7lar\u0131n direksiyonlar\u0131 sa\u011fda kabinlerin solda oldu\u011funu belirtti.<\/p>\n<p>Bunun giri\u015f ve \u00e7\u0131k\u0131\u015flarda h\u0131zl\u0131 ge\u00e7i\u015fleri engelledi\u011fini ifade eden \u00a0\u00c7ete, b\u00f6lge halk\u0131n\u0131n da yard\u0131mlar\u0131 ile b\u00f6lgede \u00e7al\u0131\u015fma ba\u015flatt\u0131klar\u0131n\u0131 ve kabinlerin kenarlardan orta b\u00f6l\u00fcme al\u0131nmas\u0131 i\u00e7in planlama in\u015faat dairesinin bu proje \u00fczerinde \u00e7al\u0131\u015ft\u0131\u011f\u0131n\u0131 belirtti.<\/p>\n<p>Bat\u0131 kap\u0131s\u0131nda ise ara b\u00f6lgede bulunan tar\u0131m ve hayvanc\u0131lar\u0131n zorunlu ihtiya\u00e7lar\u0131n\u0131 gidermek \u00fczere giri\u015f \u00e7\u0131k\u0131\u015f yap\u0131ld\u0131\u011f\u0131n\u0131 anlatan \u00c7ete, ana kap\u0131da g\u00fcnl\u00fck 3 bin, bat\u0131 kap\u0131s\u0131nda da 350 giri\u015f \u00e7\u0131k\u0131\u015f oldu\u011funu kaydetti.<\/p>\n<p>\u00c7ete, b\u00f6lgede yap\u0131sal d\u00fczenleme olmas\u0131 halinde sorunun giderilece\u011fini ancak \u0130ngiliz \u00dcstler B\u00f6lgesine d\u00fc\u015fen k\u00f6pr\u00fcn\u00fcn geni\u015fletilmesi halinde sorunsuz giri\u015f \u00e7\u0131k\u0131\u015flar\u0131n olaca\u011f\u0131na dikkat \u00e7ekti.<\/p>\n<p>Gazima\u011fusa\u2019ya ba\u011fl\u0131 Derinya s\u0131n\u0131r kap\u0131s\u0131 hakk\u0131nda Ba\u015fbakan\u2019a bilgi veren \u00c7ete, kap\u0131dan 1500 giri\u015f ve 1500 de \u00e7\u0131k\u0131\u015f yapt\u0131\u011f\u0131n\u0131 belirtti.<\/p>\n<p>Akyar s\u0131n\u0131r kap\u0131s\u0131nda ise sadece personel s\u0131k\u0131nt\u0131s\u0131 ya\u015fad\u0131klar\u0131n\u0131 ifade etti.<\/p>\n<p><strong>ED\u0130P: PROJEN\u0130N HIZLANDIRILMASINI BEKL\u0130YORUZ<\/strong><\/p>\n<p>Beyarmudu Belediye Ba\u015fkan\u0131 \u0130lker Edip ise b\u00f6lgede son d\u00f6nemlerdeki yo\u011fun ge\u00e7i\u015fler nedeniyle s\u0131k\u0131nt\u0131lar ya\u015fad\u0131klar\u0131n\u0131 s\u00f6yledi.<\/p>\n<p>B\u00f6lge halk\u0131n\u0131n yan\u0131 s\u0131ra ge\u00e7i\u015f yapanlar\u0131n s\u0131k\u0131\u015f\u0131kl\u0131ktan dolay\u0131 s\u0131k\u0131nt\u0131lar ya\u015fad\u0131klar\u0131n\u0131 ifade eden Edip, \u201cprojenin h\u0131zland\u0131r\u0131lmas\u0131 halinde ge\u00e7i\u015fler artacakt\u0131r. K\u00f6pr\u00fc konusunda da \u00e7al\u0131\u015fman\u0131n tamamlanmas\u0131 ile birlikte b\u00f6lge hakl\u0131na m\u00fcjde verilebilece\u011fiz\u201d dedi.<\/p>\n<p><strong>\u00dcSTEL: SINIR KAPILARI \u0130\u00c7\u0130N GEREKL\u0130 NE \u0130SE YAPILACAK<\/strong><\/p>\n<p>Ba\u015fbakan <span class=\"marked\">\u00dcnal \u00dcstel<\/span>, g\u00f6reve gelmeden \u00f6nce ve geldikten sonra da halk\u0131m\u0131z\u0131n en b\u00fcy\u00fck \u015fikayetlerinden bir tanesinin kara s\u0131n\u0131r kap\u0131lar\u0131ndaki giri\u015f ve \u00e7\u0131k\u0131\u015flarda ya\u015fanan yo\u011funluklar oldu\u011funu belirtti.<\/p>\n<p>Beyarmudu kara s\u0131n\u0131r kap\u0131s\u0131n\u0131n \u00f6nemine de\u011finen \u00dcstel, Larnaka Havaliman\u0131\u2019n\u0131n yak\u0131nl\u0131\u011f\u0131 dolay\u0131s\u0131yla kap\u0131ya bir de\u011fer katt\u0131\u011f\u0131n\u0131 s\u00f6yledi.<\/p>\n<p>S\u0131n\u0131r kap\u0131s\u0131n\u0131n en hareketli kap\u0131lardan birini olu\u015fturdu\u011funu ifade eden \u00dcstel, \u201cSorunlar\u0131 birlikte \u00e7\u00f6zmek i\u00e7in yetkililer ile yerinde g\u00f6rmeye geldik. Polis Te\u015fkilat\u0131m\u0131z ile Belediye Ba\u015fkan\u0131m\u0131zdan ald\u0131\u011f\u0131m\u0131z bilgiler \u0131\u015f\u0131\u011f\u0131nda daha \u00f6nceden \u00e7al\u0131\u015fmas\u0131na ba\u015flan\u0131lan projeyi h\u0131zland\u0131r\u0131p s\u00fcratli bir \u015fekilde \u00e7\u00f6zece\u011fiz. Bu s\u00fcr\u00fcncemede bak\u0131lacak konu de\u011fildir. H\u00fck\u00fcmet bu konularda duyarl\u0131d\u0131r. \u0130lk icraatlar\u0131m\u0131zdan bir tanesi kara giri\u015f kap\u0131lar\u0131ndaki d\u00fczenlemeyi yaparak giri\u015f \u00e7\u0131k\u0131\u015flar\u0131 sa\u011flamakt\u0131r. Gerekli yerlerde personel veya kabin art\u0131r\u0131m\u0131na da gidece\u011fiz\u201d dedi.<\/p>\n<p><strong>\u201cPAZARTES\u0130 SINIR KAPILARI \u0130LE \u0130LG\u0130L\u0130 \u00c7ALI\u015eMA HEMEN BA\u015eLAYACAKTIR\u201d<\/strong><\/p>\n<p>Bug\u00fcn g\u00fcn boyunca gezdikleri kara s\u0131n\u0131r kap\u0131lar\u0131nda insanlar\u0131m\u0131z\u0131n zaman zaman dile getirdikleri s\u0131k\u0131nt\u0131lar\u0131 yerinde g\u00f6rd\u00fcklerini ifade eden \u00dcstel, Pazartesi\u2019nden itibaren olu\u015fturulan komisyonda sorunlar\u0131 masaya yat\u0131r\u0131p \u00e7\u00f6zeceklerini belirtti.<\/p>\n<\/div>\n","protected":false},"excerpt":{"rendered":"<p>Ba\u015fbakan \u00dcnal \u00dcstel, KKTC kara s\u0131n\u0131r kap\u0131lar\u0131na gelenlerin bir devlete geldi\u011fini hissedecekleri noktaya getirilece\u011fini s\u00f6yledi. Ba\u015fbakan \u00dcnal \u00dcstel, Lefko\u015fa&#8217;n\u0131n ard\u0131ndan\u00a0kara s\u0131n\u0131r kap\u0131lar\u0131ndaki incelemelerine Beyarmudu, Akyar ve Derinya s\u0131n\u0131r kap\u0131lar\u0131yla devam etti. H\u00fck\u00fcmetin ilk icraat\u0131n\u0131n kara ge\u00e7i\u015f noktalar\u0131ndan ge\u00e7i\u015fleri kolayla\u015ft\u0131rmak oldu\u011funu ifade eden Ba\u015fbakan \u00dcstel, \u201cKap\u0131lar\u0131m\u0131zdan KKTC\u2019ye ge\u00e7ecek olanlar s\u0131n\u0131r kap\u0131m\u0131za geldi\u011fi zaman ge\u00e7i\u015f noktalar\u0131m\u0131z\u0131 bir [&hellip;]<\/p>\n","protected":false},"author":1,"featured_media":15186,"comment_status":"open","ping_status":"open","sticky":false,"template":"","format":"standard","meta":{"_monsterinsights_skip_tracking":false,"_monsterinsights_sitenote_active":false,"_monsterinsights_sitenote_note":"","_monsterinsights_sitenote_category":0,"footnotes":""},"categories":[102],"tags":[],"class_list":["post-19167","post","type-post","status-publish","format-standard","has-post-thumbnail","hentry","category-haberler"],"aioseo_notices":[],"_links":{"self":[{"href":"https:\/\/ahmetsavasan.com\/tr_tr\/wp-json\/wp\/v2\/posts\/19167","targetHints":{"allow":["GET"]}}],"collection":[{"href":"https:\/\/ahmetsavasan.com\/tr_tr\/wp-json\/wp\/v2\/posts"}],"about":[{"href":"https:\/\/ahmetsavasan.com\/tr_tr\/wp-json\/wp\/v2\/types\/post"}],"author":[{"embeddable":true,"href":"https:\/\/ahmetsavasan.com\/tr_tr\/wp-json\/wp\/v2\/users\/1"}],"replies":[{"embeddable":true,"href":"https:\/\/ahmetsavasan.com\/tr_tr\/wp-json\/wp\/v2\/comments?post=19167"}],"version-history":[{"count":0,"href":"https:\/\/ahmetsavasan.com\/tr_tr\/wp-json\/wp\/v2\/posts\/19167\/revisions"}],"wp:featuredmedia":[{"embeddable":true,"href":"https:\/\/ahmetsavasan.com\/tr_tr\/wp-json\/wp\/v2\/media\/15186"}],"wp:attachment":[{"href":"https:\/\/ahmetsavasan.com\/tr_tr\/wp-json\/wp\/v2\/media?parent=19167"}],"wp:term":[{"taxonomy":"category","embeddable":true,"href":"https:\/\/ahmetsavasan.com\/tr_tr\/wp-json\/wp\/v2\/categories?post=19167"},{"taxonomy":"post_tag","embeddable":true,"href":"https:\/\/ahmetsavasan.com\/tr_tr\/wp-json\/wp\/v2\/tags?post=19167"}],"curies":[{"name":"wp","href":"https:\/\/api.w.org\/{rel}","templated":true}]}}