{"id":19171,"date":"2023-01-19T12:33:27","date_gmt":"2023-01-19T12:33:27","guid":{"rendered":"https:\/\/www.ahmetsavasan.biz\/?p=15481"},"modified":"2023-01-19T12:33:27","modified_gmt":"2023-01-19T12:33:27","slug":"idari-kamu-ve-saglik-isleri-komitesi-toplandi-3","status":"publish","type":"post","link":"https:\/\/ahmetsavasan.com\/tr_tr\/idari-kamu-ve-saglik-isleri-komitesi-toplandi-3\/","title":{"rendered":"\u0130dari, Kamu ve Sa\u011fl\u0131k \u0130\u015fleri Komitesi topland\u0131"},"content":{"rendered":"<h2>\u0130dari, Kamu ve Sa\u011fl\u0131k \u0130\u015fleri Komitesi bug\u00fcn toplanarak, \u201cK\u0131br\u0131s T\u00fcrk Eczac\u0131lar Birli\u011fi (De\u011fi\u015fiklik) Yasa Tasar\u0131s\u0131\u201d ve \u201cRekabet (De\u011fi\u015fiklik) Yasa Tasar\u0131s\u0131\u2019n\u0131 ele ald\u0131.<\/h2>\n<div class=\"news-copy\">\n<p>Cumhuriyet Meclisi, \u0130dari, Kamu ve Sa\u011fl\u0131k \u0130\u015fleri Komitesi bug\u00fcn toplanarak, \u201cK\u0131br\u0131s T\u00fcrk Eczac\u0131lar Birli\u011fi (De\u011fi\u015fiklik) Yasa Tasar\u0131s\u0131\u201d ve \u201cRekabet (De\u011fi\u015fiklik) Yasa Tasar\u0131s\u0131\u2019n\u0131 ele ald\u0131.<\/p>\n<p>\u0130dari, Kamu ve Sa\u011fl\u0131k \u0130\u015fleri Komitesi, bug\u00fcn saat 11.00\u2019de UBP Milletvekili Komite Ba\u015fkan\u0131 <span class=\"marked\">\u00d6zdemir Berova<\/span> ba\u015fkanl\u0131\u011f\u0131nda topland\u0131.<\/p>\n<p>Cumhuriyet Meclisi\u2019nden verilen bilgiye g\u00f6re, komite toplant\u0131s\u0131na, Komite Ba\u015fkan Vekili CTP Milletvekili <span class=\"marked\">Filiz Besim<\/span>, Komite \u00fcyeleri UBP Milletvekili <span class=\"marked\">Ahmet Sava\u015fan<\/span>, CTP Milletvekili <span class=\"marked\">Devrim Bar\u00e7\u0131n<\/span> ve UBP Milletvekili <span class=\"marked\">Emrah Ye\u015fil\u0131rmak<\/span>, CTP Milletvekilleri <span class=\"marked\">Erkut \u015eahali<\/span>, <span class=\"marked\">Ceyhun Birinci<\/span> ve Ba\u011f\u0131ms\u0131z Milletvekili <span class=\"marked\">Jale Refik Rogers<\/span> kat\u0131ld\u0131.<\/p>\n<p>Komite, ilk olarak g\u00fcndeminde bulunan, \u201cK\u0131br\u0131s T\u00fcrk Eczac\u0131lar Birli\u011fi (De\u011fi\u015fiklik) Yasa Tasar\u0131s\u0131\u201dn\u0131n madde madde g\u00f6r\u00fc\u015fmesini tamamlad\u0131.<\/p>\n<p>Komite, bahse konu yasa tasar\u0131s\u0131 ile ilgili \u00e7al\u0131\u015fmalar\u0131na bir sonraki toplant\u0131s\u0131nda devam edecek.<\/p>\n<p>Komite toplant\u0131s\u0131na davetli olarak, \u0130la\u00e7 ve Eczac\u0131l\u0131k Dairesi\u2019nden yetkililer de kat\u0131larak konu ile ilgili g\u00f6r\u00fc\u015flerde bulundu.<\/p>\n<p>\u0130dari, Kamu ve Sa\u011fl\u0131k \u0130\u015fleri Komitesi, daha sonra \u201cRekabet (De\u011fi\u015fiklik) Yasa Tasar\u0131s\u0131\u201dn\u0131n genel g\u00f6r\u00fc\u015fmesini ger\u00e7ekle\u015ftirdi.<\/p>\n<p>Komite, tasar\u0131 ile ilgili \u00e7al\u0131\u015fmalar\u0131na bir sonraki toplant\u0131s\u0131nda devam edecek.<\/p>\n<p>Komite toplant\u0131s\u0131na davetli olarak, Ekonomi ve Enerji Bakanl\u0131\u011f\u0131, K\u0131br\u0131s T\u00fcrk Esnaf ve Zanaatkarlar Odas\u0131, K\u0131br\u0131s T\u00fcrk Ticaret Odas\u0131 ve K\u0131br\u0131s T\u00fcrk Sanayi Odas\u0131\u2019ndan yetkililer kat\u0131larak g\u00f6r\u00fc\u015flerini belirtti.<\/p>\n<\/div>\n","protected":false},"excerpt":{"rendered":"<p>\u0130dari, Kamu ve Sa\u011fl\u0131k \u0130\u015fleri Komitesi bug\u00fcn toplanarak, \u201cK\u0131br\u0131s T\u00fcrk Eczac\u0131lar Birli\u011fi (De\u011fi\u015fiklik) Yasa Tasar\u0131s\u0131\u201d ve \u201cRekabet (De\u011fi\u015fiklik) Yasa Tasar\u0131s\u0131\u2019n\u0131 ele ald\u0131. Cumhuriyet Meclisi, \u0130dari, Kamu ve Sa\u011fl\u0131k \u0130\u015fleri Komitesi bug\u00fcn toplanarak, \u201cK\u0131br\u0131s T\u00fcrk Eczac\u0131lar Birli\u011fi (De\u011fi\u015fiklik) Yasa Tasar\u0131s\u0131\u201d ve \u201cRekabet (De\u011fi\u015fiklik) Yasa Tasar\u0131s\u0131\u2019n\u0131 ele ald\u0131. \u0130dari, Kamu ve Sa\u011fl\u0131k \u0130\u015fleri Komitesi, bug\u00fcn saat 11.00\u2019de [&hellip;]<\/p>\n","protected":false},"author":1,"featured_media":15482,"comment_status":"open","ping_status":"open","sticky":false,"template":"","format":"standard","meta":{"_monsterinsights_skip_tracking":false,"_monsterinsights_sitenote_active":false,"_monsterinsights_sitenote_note":"","_monsterinsights_sitenote_category":0,"footnotes":""},"categories":[102],"tags":[],"class_list":["post-19171","post","type-post","status-publish","format-standard","has-post-thumbnail","hentry","category-haberler"],"aioseo_notices":[],"_links":{"self":[{"href":"https:\/\/ahmetsavasan.com\/tr_tr\/wp-json\/wp\/v2\/posts\/19171","targetHints":{"allow":["GET"]}}],"collection":[{"href":"https:\/\/ahmetsavasan.com\/tr_tr\/wp-json\/wp\/v2\/posts"}],"about":[{"href":"https:\/\/ahmetsavasan.com\/tr_tr\/wp-json\/wp\/v2\/types\/post"}],"author":[{"embeddable":true,"href":"https:\/\/ahmetsavasan.com\/tr_tr\/wp-json\/wp\/v2\/users\/1"}],"replies":[{"embeddable":true,"href":"https:\/\/ahmetsavasan.com\/tr_tr\/wp-json\/wp\/v2\/comments?post=19171"}],"version-history":[{"count":0,"href":"https:\/\/ahmetsavasan.com\/tr_tr\/wp-json\/wp\/v2\/posts\/19171\/revisions"}],"wp:featuredmedia":[{"embeddable":true,"href":"https:\/\/ahmetsavasan.com\/tr_tr\/wp-json\/wp\/v2\/media\/15482"}],"wp:attachment":[{"href":"https:\/\/ahmetsavasan.com\/tr_tr\/wp-json\/wp\/v2\/media?parent=19171"}],"wp:term":[{"taxonomy":"category","embeddable":true,"href":"https:\/\/ahmetsavasan.com\/tr_tr\/wp-json\/wp\/v2\/categories?post=19171"},{"taxonomy":"post_tag","embeddable":true,"href":"https:\/\/ahmetsavasan.com\/tr_tr\/wp-json\/wp\/v2\/tags?post=19171"}],"curies":[{"name":"wp","href":"https:\/\/api.w.org\/{rel}","templated":true}]}}