{"id":19177,"date":"2023-08-01T10:32:16","date_gmt":"2023-08-01T10:32:16","guid":{"rendered":"https:\/\/www.ahmetsavasan.biz\/?p=15807"},"modified":"2023-08-01T10:32:16","modified_gmt":"2023-08-01T10:32:16","slug":"ahmet-savasan-kibris-turk-halkinin-fitratinda-haksizliga-ve-tutsakliga-karsi-direnmek-var","status":"publish","type":"post","link":"https:\/\/ahmetsavasan.com\/tr_tr\/ahmet-savasan-kibris-turk-halkinin-fitratinda-haksizliga-ve-tutsakliga-karsi-direnmek-var\/","title":{"rendered":"Ahmet Sava\u015fan: K\u0131br\u0131s T\u00fcrk halk\u0131n\u0131n f\u0131trat\u0131nda haks\u0131zl\u0131\u011fa ve tutsakl\u0131\u011fa kar\u015f\u0131 direnmek var"},"content":{"rendered":"<h3>UBP Milletvekili Dr. Ahmet Sava\u015fan, Toplumsal Direni\u015f Bayram\u0131 dolay\u0131s\u0131yla yay\u0131mlad\u0131\u011f\u0131 mesaj\u0131nda, K\u0131br\u0131s T\u00fcrk halk\u0131n\u0131n f\u0131trat\u0131nda haks\u0131zl\u0131\u011fa ve tutsakl\u0131\u011fa kar\u015f\u0131 direnmek oldu\u011funu s\u00f6yledi.<\/h3>\n<div class=\"news-copy\">\n<p>Toplumsal Direni\u015f Bayram\u0131 dolay\u0131s\u0131yla mesaj yay\u0131mlayan K\u0131br\u0131s Sa\u011fl\u0131k Turizmi Konseyi Ba\u015fkan\u0131, Milletvekili Dr. <span class=\"marked\">Ahmet Sava\u015fan<\/span>, K\u0131br\u0131s T\u00fcrk halk\u0131n\u0131n f\u0131trat\u0131nda haks\u0131zl\u0131\u011fa ve tutsakl\u0131\u011fa kar\u015f\u0131 direnmek oldu\u011funun alt\u0131n\u0131 \u00e7izerek, adam\u0131zdaki T\u00fcrk varl\u0131\u011f\u0131 a\u00e7\u0131s\u0131ndan \u00e7ok b\u00fcy\u00fck \u00f6nem ta\u015f\u0131yan 1 A\u011fustos\u2019ta kutlad\u0131\u011f\u0131m\u0131z \u00fc\u00e7 anlaml\u0131 y\u0131ld\u00f6n\u00fcm\u00fcn\u00fcn, K\u0131br\u0131s T\u00fcrk halk\u0131n\u0131n tarihini anlamak bak\u0131m\u0131ndan yol g\u00f6sterici oldu\u011funa dikkat \u00e7ekti.<\/p>\n<p><strong><span class=\"marked\">Ahmet Sava\u015fan<\/span>\u2019\u0131n mesaj \u015f\u00f6yle:<\/strong><\/p>\n<p>Bug\u00fcn, K\u0131br\u0131s\u2019\u0131n fethinin 452\u2019inci, T\u00fcrk Mukavemet Te\u015fkilat\u0131\u2019n\u0131n (TMT) 65\u2019inci ve G\u00fcvenlik Kuvvetleri Komutanl\u0131\u011f\u0131\u2019n\u0131n (GKK) kurulu\u015funun 47\u2019nci y\u0131l d\u00f6n\u00fcm\u00fcn\u00fc kutlaman\u0131n mutlulu\u011funu ve gururunu ya\u015f\u0131yoruz.<\/p>\n<p>Adam\u0131zdaki T\u00fcrk varl\u0131\u011f\u0131 a\u00e7\u0131s\u0131ndan \u00e7ok b\u00fcy\u00fck \u00f6nem ta\u015f\u0131yan bu \u00fc\u00e7 anlaml\u0131 y\u0131l d\u00f6n\u00fcm\u00fc, bize K\u0131br\u0131s T\u00fcrk halk\u0131n\u0131n tarihini anlamak bak\u0131m\u0131ndan da yol g\u00f6stermektedir.<\/p>\n<p>K\u0131br\u0131s adas\u0131n\u0131n Anadolu ve \u00e7evresindeki T\u00fcrk varl\u0131\u011f\u0131n\u0131n devam edebilmesi bak\u0131m\u0131ndan ta\u015f\u0131d\u0131\u011f\u0131 b\u00fcy\u00fck \u00f6nemi ve ayr\u0131ca kahramanca direni\u015fimiz ile bu direni\u015fin \u00fcr\u00fcn\u00fc olan silahl\u0131 kuvvetlerimizin varolu\u015fumuzdaki \u00f6nemini g\u00f6steren bu k\u0131ymetli y\u0131ld\u00f6n\u00fcm\u00fc, K\u0131br\u0131s T\u00fcrkleri olarak adadaki varl\u0131\u011f\u0131m\u0131z\u0131 devam ettirmekteki azim ve kararl\u0131l\u0131\u011f\u0131m\u0131z\u0131 sonsuza kadar s\u00fcrd\u00fcrmeye kararl\u0131 oldu\u011fumuzu b\u00fct\u00fcn d\u00fcnyaya hayk\u0131rma g\u00fcnlerinden biridir.<\/p>\n<p>K\u0131br\u0131s T\u00fcrk halk\u0131, T\u00fcrkiye ile birlikte var olmaya devam edecek; hi\u00e7bir bask\u0131ya boyun e\u011fmeden haks\u0131zl\u0131\u011fa ve zulme kar\u015f\u0131 m\u00fccadelesini s\u00fcrd\u00fcrecektir.<\/p>\n<p>K\u0131br\u0131s T\u00fcrk halk\u0131n\u0131n f\u0131trat\u0131nda haks\u0131zl\u0131\u011fa ve tutsakl\u0131\u011fa kar\u015f\u0131 direnmek oldu\u011funun alt\u0131n\u0131 \u00e7izerek, 1 A\u011fustos Toplumsal Direni\u015f Bayram\u0131\u2019n\u0131 en i\u00e7ten duygular\u0131mla kutluyor, aziz \u015fehitlerimizin huzurunda sayg\u0131 ile e\u011filerek kendilerine Allah\u2019tan rahmet dilerken, gazilerimize en derin sayg\u0131lar\u0131m\u0131 sunuyorum. Toplumsal Direni\u015f Bayram\u0131\u2019m\u0131z kutlu olsun.\u201d<\/p>\n<\/div>\n","protected":false},"excerpt":{"rendered":"<p>UBP Milletvekili Dr. Ahmet Sava\u015fan, Toplumsal Direni\u015f Bayram\u0131 dolay\u0131s\u0131yla yay\u0131mlad\u0131\u011f\u0131 mesaj\u0131nda, K\u0131br\u0131s T\u00fcrk halk\u0131n\u0131n f\u0131trat\u0131nda haks\u0131zl\u0131\u011fa ve tutsakl\u0131\u011fa kar\u015f\u0131 direnmek oldu\u011funu s\u00f6yledi. Toplumsal Direni\u015f Bayram\u0131 dolay\u0131s\u0131yla mesaj yay\u0131mlayan K\u0131br\u0131s Sa\u011fl\u0131k Turizmi Konseyi Ba\u015fkan\u0131, Milletvekili Dr. Ahmet Sava\u015fan, K\u0131br\u0131s T\u00fcrk halk\u0131n\u0131n f\u0131trat\u0131nda haks\u0131zl\u0131\u011fa ve tutsakl\u0131\u011fa kar\u015f\u0131 direnmek oldu\u011funun alt\u0131n\u0131 \u00e7izerek, adam\u0131zdaki T\u00fcrk varl\u0131\u011f\u0131 a\u00e7\u0131s\u0131ndan \u00e7ok b\u00fcy\u00fck [&hellip;]<\/p>\n","protected":false},"author":1,"featured_media":16031,"comment_status":"open","ping_status":"open","sticky":false,"template":"","format":"standard","meta":{"_monsterinsights_skip_tracking":false,"_monsterinsights_sitenote_active":false,"_monsterinsights_sitenote_note":"","_monsterinsights_sitenote_category":0,"footnotes":""},"categories":[102],"tags":[],"class_list":["post-19177","post","type-post","status-publish","format-standard","has-post-thumbnail","hentry","category-haberler"],"aioseo_notices":[],"_links":{"self":[{"href":"https:\/\/ahmetsavasan.com\/tr_tr\/wp-json\/wp\/v2\/posts\/19177","targetHints":{"allow":["GET"]}}],"collection":[{"href":"https:\/\/ahmetsavasan.com\/tr_tr\/wp-json\/wp\/v2\/posts"}],"about":[{"href":"https:\/\/ahmetsavasan.com\/tr_tr\/wp-json\/wp\/v2\/types\/post"}],"author":[{"embeddable":true,"href":"https:\/\/ahmetsavasan.com\/tr_tr\/wp-json\/wp\/v2\/users\/1"}],"replies":[{"embeddable":true,"href":"https:\/\/ahmetsavasan.com\/tr_tr\/wp-json\/wp\/v2\/comments?post=19177"}],"version-history":[{"count":0,"href":"https:\/\/ahmetsavasan.com\/tr_tr\/wp-json\/wp\/v2\/posts\/19177\/revisions"}],"wp:featuredmedia":[{"embeddable":true,"href":"https:\/\/ahmetsavasan.com\/tr_tr\/wp-json\/wp\/v2\/media\/16031"}],"wp:attachment":[{"href":"https:\/\/ahmetsavasan.com\/tr_tr\/wp-json\/wp\/v2\/media?parent=19177"}],"wp:term":[{"taxonomy":"category","embeddable":true,"href":"https:\/\/ahmetsavasan.com\/tr_tr\/wp-json\/wp\/v2\/categories?post=19177"},{"taxonomy":"post_tag","embeddable":true,"href":"https:\/\/ahmetsavasan.com\/tr_tr\/wp-json\/wp\/v2\/tags?post=19177"}],"curies":[{"name":"wp","href":"https:\/\/api.w.org\/{rel}","templated":true}]}}