{"id":19185,"date":"2024-11-23T13:33:34","date_gmt":"2024-11-23T13:33:34","guid":{"rendered":"https:\/\/www.ahmetsavasan.biz\/?p=16357"},"modified":"2024-11-23T13:33:34","modified_gmt":"2024-11-23T13:33:34","slug":"ubp-12-uluslararasi-asya-siyasi-partiler-konferansina-katildi","status":"publish","type":"post","link":"https:\/\/ahmetsavasan.com\/tr_tr\/ubp-12-uluslararasi-asya-siyasi-partiler-konferansina-katildi\/","title":{"rendered":"UBP, 12. Uluslararas\u0131 Asya Siyasi Partiler Konferans\u0131\u2019na kat\u0131ld\u0131"},"content":{"rendered":"<h2>UBP Genel Sekreter Milletvekili O\u011fuzhan Hasipo\u011flu ve UBP Lefko\u015fa Milletvekili Ahmet Sava\u015fan, 12. Uluslararas\u0131 Asya Siyasi Partiler Konferans\u0131\u2019na kat\u0131ld\u0131.<\/h2>\n<p>&nbsp;<\/p>\n<div class=\"news-copy\">\n<p>Ulusal Birlik Partisi (UBP), 12. Uluslararas\u0131 Asya Siyasi Partiler Konferans\u0131\u2019nda temsil edildi.<\/p>\n<p>BRT&#8217;nin haberine g\u00f6re, Kambo\u00e7ya\u2019da d\u00fczenlenen konferansa, UBP Genel Sekreter Milletvekili\u00a0<span class=\"marked\">O\u011fuzhan Hasipo\u011flu<\/span>\u00a0ile UBP Lefko\u015fa Milletvekili\u00a0<a href=\"https:\/\/www.kibrispostasi.com\/keyword\/8\" target=\"_blank\" rel=\"noopener\"><span class=\"marked\">Ahmet Sava\u015fan<\/span><\/a>\u00a0kat\u0131ld\u0131.<\/p>\n<p>Konferansta, b\u00f6lgesel i\u015f birli\u011fi ve k\u00fcresel meseleler ele al\u0131nd\u0131.<\/p>\n<p>Ulusal Birlik Partisi Milletvekilleri, Kuzey K\u0131br\u0131s T\u00fcrk Cumhuriyeti\u2019nin hakl\u0131 davas\u0131n\u0131 ve uluslararas\u0131 platformlardaki varl\u0131\u011f\u0131n\u0131 g\u00fc\u00e7lendirme hedefiyle \u00f6nemli temaslarda bulunduklar\u0131n\u0131 ifade etti.<\/p>\n<\/div>\n","protected":false},"excerpt":{"rendered":"<p>UBP Genel Sekreter Milletvekili O\u011fuzhan Hasipo\u011flu ve UBP Lefko\u015fa Milletvekili Ahmet Sava\u015fan, 12. Uluslararas\u0131 Asya Siyasi Partiler Konferans\u0131\u2019na kat\u0131ld\u0131. &nbsp; Ulusal Birlik Partisi (UBP), 12. Uluslararas\u0131 Asya Siyasi Partiler Konferans\u0131\u2019nda temsil edildi. BRT&#8217;nin haberine g\u00f6re, Kambo\u00e7ya\u2019da d\u00fczenlenen konferansa, UBP Genel Sekreter Milletvekili\u00a0O\u011fuzhan Hasipo\u011flu\u00a0ile UBP Lefko\u015fa Milletvekili\u00a0Ahmet Sava\u015fan\u00a0kat\u0131ld\u0131. Konferansta, b\u00f6lgesel i\u015f birli\u011fi ve k\u00fcresel meseleler ele [&hellip;]<\/p>\n","protected":false},"author":1,"featured_media":19202,"comment_status":"open","ping_status":"open","sticky":false,"template":"","format":"standard","meta":{"_monsterinsights_skip_tracking":false,"_monsterinsights_sitenote_active":false,"_monsterinsights_sitenote_note":"","_monsterinsights_sitenote_category":0,"footnotes":""},"categories":[102],"tags":[],"class_list":["post-19185","post","type-post","status-publish","format-standard","has-post-thumbnail","hentry","category-haberler"],"aioseo_notices":[],"_links":{"self":[{"href":"https:\/\/ahmetsavasan.com\/tr_tr\/wp-json\/wp\/v2\/posts\/19185","targetHints":{"allow":["GET"]}}],"collection":[{"href":"https:\/\/ahmetsavasan.com\/tr_tr\/wp-json\/wp\/v2\/posts"}],"about":[{"href":"https:\/\/ahmetsavasan.com\/tr_tr\/wp-json\/wp\/v2\/types\/post"}],"author":[{"embeddable":true,"href":"https:\/\/ahmetsavasan.com\/tr_tr\/wp-json\/wp\/v2\/users\/1"}],"replies":[{"embeddable":true,"href":"https:\/\/ahmetsavasan.com\/tr_tr\/wp-json\/wp\/v2\/comments?post=19185"}],"version-history":[{"count":0,"href":"https:\/\/ahmetsavasan.com\/tr_tr\/wp-json\/wp\/v2\/posts\/19185\/revisions"}],"wp:featuredmedia":[{"embeddable":true,"href":"https:\/\/ahmetsavasan.com\/tr_tr\/wp-json\/wp\/v2\/media\/19202"}],"wp:attachment":[{"href":"https:\/\/ahmetsavasan.com\/tr_tr\/wp-json\/wp\/v2\/media?parent=19185"}],"wp:term":[{"taxonomy":"category","embeddable":true,"href":"https:\/\/ahmetsavasan.com\/tr_tr\/wp-json\/wp\/v2\/categories?post=19185"},{"taxonomy":"post_tag","embeddable":true,"href":"https:\/\/ahmetsavasan.com\/tr_tr\/wp-json\/wp\/v2\/tags?post=19185"}],"curies":[{"name":"wp","href":"https:\/\/api.w.org\/{rel}","templated":true}]}}