{"id":19338,"date":"2025-05-22T08:19:31","date_gmt":"2025-05-22T08:19:31","guid":{"rendered":"https:\/\/ahmetsavasan.com\/?p=19338"},"modified":"2025-08-29T12:17:41","modified_gmt":"2025-08-29T12:17:41","slug":"turk-dunyasinin-genc-gucu-calistayinin-8-maddelik-sonuc-bildirgesi-aciklandi","status":"publish","type":"post","link":"https:\/\/ahmetsavasan.com\/tr_tr\/turk-dunyasinin-genc-gucu-calistayinin-8-maddelik-sonuc-bildirgesi-aciklandi\/","title":{"rendered":"\u201cT\u00fcrk D\u00fcnyas\u0131n\u0131n Gen\u00e7 G\u00fcc\u00fc\u201d \u00e7al\u0131\u015ftay\u0131n\u0131n 8 maddelik sonu\u00e7 bildirgesi a\u00e7\u0131kland\u0131"},"content":{"rendered":"<h2>T\u00fcrkiye, Azerbaycan ve Kuzey K\u0131br\u0131s T\u00fcrk Cumhuriyeti\u2019nin iktidar partilerine mensup gen\u00e7 liderler, \u201c1 Millet 3 Devlet\u201d vizyonu do\u011frultusunda 8 maddelik bildirge haz\u0131rlad\u0131; ortak dil ve k\u00fclt\u00fcr vurgusu yap\u0131ld\u0131.<\/h2>\n<p>&nbsp;<\/p>\n<div class=\"news-copy\">\n<p>T\u00fcrkiye, Azerbaycan ve Kuzey K\u0131br\u0131s T\u00fcrk Cumhuriyeti\u2019nin iktidar partilerine mensup gen\u00e7 liderler, \u201c1 Millet 3 Devlet\u201d vizyonu do\u011frultusunda Lefko\u015fa\u2019da d\u00fczenlenen \u201cT\u00fcrk D\u00fcnyas\u0131n\u0131n Gen\u00e7 G\u00fcc\u00fc\u201d temal\u0131 \u00e7al\u0131\u015ftayda bir araya geldi. UBP Grup Ba\u015fkanvekili ve \u00e7al\u0131\u015ftay\u0131n genel koordinat\u00f6r\u00fc Do\u00e7. Dr.\u00a0<span class=\"marked\">Ahmet Sava\u015fan<\/span>, \u00e7al\u0131\u015ftay\u0131n sonu\u00e7 bildirgesini kamuoyu ile payla\u015ft\u0131.<\/p>\n<p>Gen\u00e7lik politikalar\u0131n\u0131n ortak gelecek perspektifiyle \u015fekillendirilmesini ama\u00e7layan \u00e7al\u0131\u015ftay; KKTC Cumhurba\u015fkan\u0131\u00a0<a href=\"https:\/\/www.kibrispostasi.com\/keyword\/29\" target=\"_blank\" rel=\"noopener\"><span class=\"marked\">Ersin Tatar<\/span><\/a>, KKTC Ba\u015fbakan\u0131\u00a0<a href=\"https:\/\/www.kibrispostasi.com\/keyword\/34\" target=\"_blank\" rel=\"noopener\"><span class=\"marked\">\u00dcnal \u00dcstel<\/span><\/a>, UBP Genel Sekreteri\u00a0<a href=\"https:\/\/www.kibrispostasi.com\/keyword\/67\" target=\"_blank\" rel=\"noopener\"><span class=\"marked\">O\u011fuzhan Hasipo\u011flu<\/span><\/a>, UBP Grup Ba\u015fkanvekili\u00a0<a href=\"https:\/\/www.kibrispostasi.com\/keyword\/8\" target=\"_blank\" rel=\"noopener\"><span class=\"marked\">Ahmet Sava\u015fan<\/span><\/a>, UBP Gen\u00e7lik Kollar\u0131 MYK \u00dcyesi Mahmut H\u00fcdaverdi, AK Parti Milletvekili Zehranur Aydemir, AK Parti Gen\u00e7lik Kollar\u0131 Genel Ba\u015fkan\u0131 Yusuf \u0130bi\u015f ve Yeni Azerbaycan Partisi Gen\u00e7lik Kollar\u0131 Ba\u015fkan\u0131 B\u0259xtiyar \u0130slamov\u2019un a\u00e7\u0131l\u0131\u015f konu\u015fmalar\u0131yla ba\u015flad\u0131. Program, T\u00fcrk milletinin ba\u011f\u0131ms\u0131zl\u0131k m\u00fccadelesini konu alan \u201cM\u00fccadeleye Liderlik Edenler\u201d adl\u0131 belgeselin g\u00f6sterimiyle devam etti.<\/p>\n<p><strong><img decoding=\"async\" class=\"lazy loaded\" src=\"https:\/\/www.kibrispostasi.com\/upload\/news\/v\/v2\/v2mnhal-4_1747896084.jpg\" data-ll-status=\"loaded\" \/><\/strong><\/p>\n<p><strong>K\u0131br\u0131s Sorununun K\u00f6keni ve \u0130ki Devletli \u00c7\u00f6z\u00fcm Modeli\u2019nin Temelleri anlat\u0131ld\u0131\u2026<\/strong><\/p>\n<p>Prof. Dr. Ata Atun ve Prof. Dr. H\u00fcseyin I\u015f\u0131ksal ise, \u201cK\u0131br\u0131s Sorununun K\u00f6keni\u201d ve \u201c\u0130ki Devletli \u00c7\u00f6z\u00fcm Modeli\u2019nin Temelleri\u201d ba\u015fl\u0131kl\u0131 panellerde K\u0131br\u0131s T\u00fcrk halk\u0131n\u0131n egemenlik m\u00fccadelesine \u0131\u015f\u0131k tuttular.<\/p>\n<p><strong>Sekiz Tematik Ba\u015fl\u0131kta Ortak Ak\u0131l \u00dcretildi\u2026<\/strong><\/p>\n<p>\u00c7al\u0131\u015ftay\u0131n en dikkat \u00e7eken b\u00f6l\u00fcm\u00fc, konusunda uzman on akademisyenin moderat\u00f6rl\u00fc\u011f\u00fcnde y\u00fcr\u00fct\u00fclen masa toplant\u0131lar\u0131 oldu. UBP\u2019nin 6 \u0130l\u00e7e Gen\u00e7lik Kollar\u0131 Ba\u015fkan\u0131, Ak Parti Gen\u00e7lik Kollar\u0131 Genel Ba\u015fkan\u0131, Yeni Azerbaycan Partisi Gen\u00e7lik Kollar\u0131 Ba\u015fkan\u0131 ve \u00fc\u00e7 partinin gen\u00e7lik kollar\u0131 temsilcilerinin kat\u0131l\u0131m\u0131 ile sekiz tematik ba\u015fl\u0131kta ger\u00e7ekle\u015ftirilen oturumlarda, ortak dil, k\u00fclt\u00fcr, dijitalle\u015fme, giri\u015fimcilik ve e\u011fitim gibi alanlarda stratejik \u00f6neriler geli\u015ftirildi.<\/p>\n<p><strong>\u00c7al\u0131\u015ftayda Karara Ba\u011flanan Ortak Hedefler;<\/strong><\/p>\n<p><strong>1.\u2060 \u2060Ortak Tarihten Ortak Gelece\u011fe:<\/strong><\/p>\n<p>Gen\u00e7ler aras\u0131nda ortak tarih bilincinin g\u00fc\u00e7lendirilmesi amac\u0131yla dijital belgeseller ve ortak tarih kitaplar\u0131 haz\u0131rlanacak.<\/p>\n<p><strong>2.\u2060 \u2060Gen\u00e7lik ve Siyasi Kat\u0131l\u0131m:<\/strong><\/p>\n<p>\u00dc\u00e7 \u00fclkenin gen\u00e7lik te\u015fkilatlar\u0131 aras\u0131nda ileti\u015fim a\u011f\u0131 kurulacak, liderlik akademileri hayata ge\u00e7irilecek.<\/p>\n<p><strong>3.\u2060 \u2060Ortak K\u00fclt\u00fcr ve Dil:<\/strong><\/p>\n<p>Ortak T\u00fcrk alfabesi ve k\u00fclt\u00fcrel etkinliklerle kimlik in\u015fas\u0131 desteklenecek.<\/p>\n<p><strong>4.\u2060 \u2060Ekonomik Dayan\u0131\u015fma ve Giri\u015fimcilik:<\/strong><\/p>\n<p>Ortak dijital platformlar geli\u015ftirilecek, teknopark i\u015f birlikleri te\u015fvik edilecek.<\/p>\n<p><strong>5.\u2060 \u2060Dijital T\u00fcrk D\u00fcnyas\u0131:<\/strong><\/p>\n<p>Sosyal medya i\u015f birlikleri kurulacak; dijital okuryazarl\u0131k, i\u00e7erik \u00fcretimi ve stratejik ileti\u015fim alanlar\u0131nda projeler geli\u015ftirilecek.<\/p>\n<p><strong>6.\u2060 \u2060E\u011fitim ve Akademik \u0130\u015f Birli\u011fi:<\/strong><\/p>\n<p>Ortak burs programlar\u0131, \u00f6\u011frenci de\u011fi\u015fim projeleri ve ortak ara\u015ft\u0131rma faaliyetleri te\u015fvik edilecek.<\/p>\n<p><strong>7.\u2060 \u2060T\u00fcrk D\u00fcnyas\u0131 Gen\u00e7lik A\u011f\u0131:<\/strong><\/p>\n<p>Kal\u0131c\u0131 bir gen\u00e7lik a\u011f\u0131 olu\u015fturulacak; d\u00fczenli gen\u00e7lik zirveleri ve dijital etkile\u015fim platformlar\u0131 planlanacak.<\/p>\n<p><strong>8.\u2060 \u2060Spor, Sanat ve G\u00f6n\u00fcll\u00fcl\u00fck:<\/strong><\/p>\n<p>\u00dc\u00e7 \u00fclke gen\u00e7leri aras\u0131nda karde\u015flik ba\u011flar\u0131n\u0131 peki\u015ftirecek organizasyonlar ve medya projeleri ger\u00e7ekle\u015ftirilecek.<\/p>\n<p><strong>Gen\u00e7lik Ortak Hedefte Bulu\u015ftu\u2026<\/strong><\/p>\n<p>Sonu\u00e7 bildirgesini a\u00e7\u0131klayan Do\u00e7. Dr.\u00a0<a href=\"https:\/\/www.kibrispostasi.com\/keyword\/8\" target=\"_blank\" rel=\"noopener\"><span class=\"marked\">Ahmet Sava\u015fan<\/span><\/a>, \u00e7al\u0131\u015ftay\u0131n T\u00fcrk d\u00fcnyas\u0131n\u0131n ortak gelece\u011fi a\u00e7\u0131s\u0131ndan b\u00fcy\u00fck bir ad\u0131m oldu\u011funu belirterek, gen\u00e7li\u011fin yaln\u0131zca kendi \u00fclkesi i\u00e7in de\u011fil, T\u00fcrk d\u00fcnyas\u0131n\u0131n b\u00fct\u00fcn\u00fc i\u00e7in d\u00fc\u015f\u00fcnd\u00fc\u011f\u00fcne ve \u00fcretti\u011fine dikkat \u00e7ekti.<\/p>\n<p><strong>Kurumsal S\u00fcreklilik ve Ortak Vizyon Vurgusu\u2026<\/strong><\/p>\n<p>\u00c7al\u0131\u015ftayda al\u0131nan kararlar\u0131n k\u0131sa vadeli projelerle s\u0131n\u0131rl\u0131 kalmayaca\u011f\u0131n\u0131 belirten Do\u00e7. Dr.\u00a0<a href=\"https:\/\/www.kibrispostasi.com\/keyword\/8\" target=\"_blank\" rel=\"noopener\"><span class=\"marked\">Ahmet Sava\u015fan<\/span><\/a>, bu kararlar\u0131n kal\u0131c\u0131 yap\u0131larla desteklenece\u011fini vurgulad\u0131. Sava\u015fan, T\u00fcrkiye, Azerbaycan ve KKTC\u2019deki iktidar partilerinin gen\u00e7lik te\u015fkilatlar\u0131n\u0131n, \u201c1 Millet 3 Devlet\u201d anlay\u0131\u015f\u0131 do\u011frultusunda olu\u015fturulan ortak vizyonu s\u00fcrd\u00fcr\u00fclebilir hale getirme kararl\u0131l\u0131\u011f\u0131nda oldu\u011funu ifade etti.<\/p>\n<p>&nbsp;<\/p>\n<p>&nbsp;<\/p>\n<div class=\"iframe-container\">\n<div class=\"tie-fluid-width-video-wrapper\"><iframe title=\"YouTube video player\" src=\"https:\/\/www.youtube.com\/embed\/-grNq7e2hbE?si=tdR1iooRFA4P639b\" frameborder=\"0\" allowfullscreen=\"allowfullscreen\" data-mce-fragment=\"1\"><\/iframe><\/div>\n<\/div>\n<p>&nbsp;<\/p>\n<\/div>\n","protected":false},"excerpt":{"rendered":"<p>T\u00fcrkiye, Azerbaycan ve Kuzey K\u0131br\u0131s T\u00fcrk Cumhuriyeti\u2019nin iktidar partilerine mensup gen\u00e7 liderler, \u201c1 Millet 3 Devlet\u201d vizyonu do\u011frultusunda 8 maddelik bildirge haz\u0131rlad\u0131; ortak dil ve k\u00fclt\u00fcr vurgusu yap\u0131ld\u0131. &nbsp; T\u00fcrkiye, Azerbaycan ve Kuzey K\u0131br\u0131s T\u00fcrk Cumhuriyeti\u2019nin iktidar partilerine mensup gen\u00e7 liderler, \u201c1 Millet 3 Devlet\u201d vizyonu do\u011frultusunda Lefko\u015fa\u2019da d\u00fczenlenen \u201cT\u00fcrk D\u00fcnyas\u0131n\u0131n Gen\u00e7 G\u00fcc\u00fc\u201d temal\u0131 \u00e7al\u0131\u015ftayda [&hellip;]<\/p>\n","protected":false},"author":2,"featured_media":19339,"comment_status":"open","ping_status":"open","sticky":false,"template":"","format":"standard","meta":{"_monsterinsights_skip_tracking":false,"_monsterinsights_sitenote_active":false,"_monsterinsights_sitenote_note":"","_monsterinsights_sitenote_category":0,"footnotes":""},"categories":[102],"tags":[],"class_list":["post-19338","post","type-post","status-publish","format-standard","has-post-thumbnail","hentry","category-haberler"],"aioseo_notices":[],"_links":{"self":[{"href":"https:\/\/ahmetsavasan.com\/tr_tr\/wp-json\/wp\/v2\/posts\/19338","targetHints":{"allow":["GET"]}}],"collection":[{"href":"https:\/\/ahmetsavasan.com\/tr_tr\/wp-json\/wp\/v2\/posts"}],"about":[{"href":"https:\/\/ahmetsavasan.com\/tr_tr\/wp-json\/wp\/v2\/types\/post"}],"author":[{"embeddable":true,"href":"https:\/\/ahmetsavasan.com\/tr_tr\/wp-json\/wp\/v2\/users\/2"}],"replies":[{"embeddable":true,"href":"https:\/\/ahmetsavasan.com\/tr_tr\/wp-json\/wp\/v2\/comments?post=19338"}],"version-history":[{"count":1,"href":"https:\/\/ahmetsavasan.com\/tr_tr\/wp-json\/wp\/v2\/posts\/19338\/revisions"}],"predecessor-version":[{"id":19340,"href":"https:\/\/ahmetsavasan.com\/tr_tr\/wp-json\/wp\/v2\/posts\/19338\/revisions\/19340"}],"wp:featuredmedia":[{"embeddable":true,"href":"https:\/\/ahmetsavasan.com\/tr_tr\/wp-json\/wp\/v2\/media\/19339"}],"wp:attachment":[{"href":"https:\/\/ahmetsavasan.com\/tr_tr\/wp-json\/wp\/v2\/media?parent=19338"}],"wp:term":[{"taxonomy":"category","embeddable":true,"href":"https:\/\/ahmetsavasan.com\/tr_tr\/wp-json\/wp\/v2\/categories?post=19338"},{"taxonomy":"post_tag","embeddable":true,"href":"https:\/\/ahmetsavasan.com\/tr_tr\/wp-json\/wp\/v2\/tags?post=19338"}],"curies":[{"name":"wp","href":"https:\/\/api.w.org\/{rel}","templated":true}]}}