{"id":19837,"date":"2009-03-16T06:38:10","date_gmt":"2009-03-16T06:38:10","guid":{"rendered":"https:\/\/ahmetsavasan.com\/?p=19837"},"modified":"2025-08-18T06:39:38","modified_gmt":"2025-08-18T06:39:38","slug":"ydu-ii-uluslararasi-saglik-turizmi-kongresine-katildi","status":"publish","type":"post","link":"https:\/\/ahmetsavasan.com\/tr_tr\/ydu-ii-uluslararasi-saglik-turizmi-kongresine-katildi\/","title":{"rendered":"YD\u00dc, II. Uluslararas\u0131 Sa\u011fl\u0131k Turizmi Kongresi&#8217;ne Kat\u0131ld\u0131"},"content":{"rendered":"<h3>Yak\u0131n Do\u011fu \u00dcniversitesi&#8217;ne (YD\u00dc) ba\u011fl\u0131 olarak etkinlik g\u00f6steren Yak\u0131n Do\u011fu Turizm ve Seyahat \u0130\u015fletmeleri (YDTS\u0130), ge\u00e7ti\u011fimiz g\u00fcnlerde aralar\u0131nda Almanya, \u0130ngiltere, Hindistan, \u0130spanya, M\u0131s\u0131r, Tayland, \u00d6zbekistan&#8217;\u0131n da bulundu\u011fu 50 \u00fclkeden 100&#8217;den fazla kurulu\u015f temsilcisi ile 400 yat\u0131r\u0131mc\u0131y\u0131 bir araya getiren Antalya&#8217;daki II. Uluslararas\u0131 Sa\u011fl\u0131k Turizmi Kongresi&#8217;ne kat\u0131ld\u0131.<\/h3>\n<p>Yak\u0131n Do\u011fu \u00dcniversitesi Bas\u0131n ve Halkla \u0130li\u015fkiler Dairesi M\u00fcd\u00fcrl\u00fc\u011f\u00fc&#8217;nden yap\u0131lan a\u00e7\u0131klamaya g\u00f6re, YD\u00dc Turizm Ara\u015ft\u0131rma ve Geli\u015ftirme Merkezi Ba\u015fkan\u0131 Ahmet Sava\u015fan ba\u015fkanl\u0131\u011f\u0131ndaki heyetin, kongrede Sa\u011fl\u0131k Turizmi&#8217;nde Avrupa Pazar\u0131 ile D-8 \u00dclkeleri&#8217;nin \u00f6nemi, bu alanda arac\u0131 kurumlar ile seyahat acentelerinin rolleri konular\u0131n\u0131n tart\u0131\u015f\u0131ld\u0131\u011f\u0131 ve aralar\u0131nda D-8 \u00fclke temsilcilerinin de bulundu\u011fu toplant\u0131lara kat\u0131ld\u0131\u011f\u0131 ve KKTC&#8217;nin Sa\u011fl\u0131k Turizmi alan\u0131ndaki potansiyeli ile YD\u00dc&#8217;n\u00fcn A\u011f\u0131z ve Di\u015f Sa\u011fl\u0131\u011f\u0131 Turizmi&#8217;ni tan\u0131tt\u0131\u011f\u0131 belirtildi.<\/p>\n<p>YD\u00dc TARGEM Ba\u015fkan\u0131 Ahmet Sava\u015fan&#8217;\u0131n turizmin 12 aya yay\u0131labilmesinin \u00fclkeye s\u00fcrd\u00fcr\u00fclebilir temelde alternatif turizm \u00e7e\u015fitleri kazand\u0131r\u0131lmas\u0131yla m\u00fcmk\u00fcn olabilece\u011fini s\u00f6yledi\u011fi vurgulanan a\u00e7\u0131klamada Sava\u015fan &#8220;D\u00fcnya genelinde 100 milyar USD b\u00fcy\u00fckl\u00fc\u011fe sahip sa\u011fl\u0131k turizmi pastas\u0131ndan \u00fclkemizin de pay alabilmesini sa\u011flayaca\u011f\u0131z&#8221; dedi.<\/p>\n<p>&nbsp;<\/p>\n<p>&nbsp;<\/p>\n","protected":false},"excerpt":{"rendered":"<p>Yak\u0131n Do\u011fu \u00dcniversitesi&#8217;ne (YD\u00dc) ba\u011fl\u0131 olarak etkinlik g\u00f6steren Yak\u0131n Do\u011fu Turizm ve Seyahat \u0130\u015fletmeleri (YDTS\u0130), ge\u00e7ti\u011fimiz g\u00fcnlerde aralar\u0131nda Almanya, \u0130ngiltere, Hindistan, \u0130spanya, M\u0131s\u0131r, Tayland, \u00d6zbekistan&#8217;\u0131n da bulundu\u011fu 50 \u00fclkeden 100&#8217;den fazla kurulu\u015f temsilcisi ile 400 yat\u0131r\u0131mc\u0131y\u0131 bir araya getiren Antalya&#8217;daki II. Uluslararas\u0131 Sa\u011fl\u0131k Turizmi Kongresi&#8217;ne kat\u0131ld\u0131. Yak\u0131n Do\u011fu \u00dcniversitesi Bas\u0131n ve Halkla \u0130li\u015fkiler Dairesi M\u00fcd\u00fcrl\u00fc\u011f\u00fc&#8217;nden [&hellip;]<\/p>\n","protected":false},"author":2,"featured_media":19838,"comment_status":"open","ping_status":"open","sticky":false,"template":"","format":"standard","meta":{"_monsterinsights_skip_tracking":false,"_monsterinsights_sitenote_active":false,"_monsterinsights_sitenote_note":"","_monsterinsights_sitenote_category":0,"footnotes":""},"categories":[102],"tags":[],"class_list":["post-19837","post","type-post","status-publish","format-standard","has-post-thumbnail","hentry","category-haberler"],"aioseo_notices":[],"_links":{"self":[{"href":"https:\/\/ahmetsavasan.com\/tr_tr\/wp-json\/wp\/v2\/posts\/19837","targetHints":{"allow":["GET"]}}],"collection":[{"href":"https:\/\/ahmetsavasan.com\/tr_tr\/wp-json\/wp\/v2\/posts"}],"about":[{"href":"https:\/\/ahmetsavasan.com\/tr_tr\/wp-json\/wp\/v2\/types\/post"}],"author":[{"embeddable":true,"href":"https:\/\/ahmetsavasan.com\/tr_tr\/wp-json\/wp\/v2\/users\/2"}],"replies":[{"embeddable":true,"href":"https:\/\/ahmetsavasan.com\/tr_tr\/wp-json\/wp\/v2\/comments?post=19837"}],"version-history":[{"count":1,"href":"https:\/\/ahmetsavasan.com\/tr_tr\/wp-json\/wp\/v2\/posts\/19837\/revisions"}],"predecessor-version":[{"id":19839,"href":"https:\/\/ahmetsavasan.com\/tr_tr\/wp-json\/wp\/v2\/posts\/19837\/revisions\/19839"}],"wp:featuredmedia":[{"embeddable":true,"href":"https:\/\/ahmetsavasan.com\/tr_tr\/wp-json\/wp\/v2\/media\/19838"}],"wp:attachment":[{"href":"https:\/\/ahmetsavasan.com\/tr_tr\/wp-json\/wp\/v2\/media?parent=19837"}],"wp:term":[{"taxonomy":"category","embeddable":true,"href":"https:\/\/ahmetsavasan.com\/tr_tr\/wp-json\/wp\/v2\/categories?post=19837"},{"taxonomy":"post_tag","embeddable":true,"href":"https:\/\/ahmetsavasan.com\/tr_tr\/wp-json\/wp\/v2\/tags?post=19837"}],"curies":[{"name":"wp","href":"https:\/\/api.w.org\/{rel}","templated":true}]}}