{"id":19859,"date":"2016-11-08T07:32:22","date_gmt":"2016-11-08T07:32:22","guid":{"rendered":"https:\/\/ahmetsavasan.com\/?p=19859"},"modified":"2025-08-18T07:36:59","modified_gmt":"2025-08-18T07:36:59","slug":"turizm-bakani-ataoglu-kktcnin-londradaki-dunya-turizm-fuarina-katilmasini-ovdu","status":"publish","type":"post","link":"https:\/\/ahmetsavasan.com\/tr_tr\/turizm-bakani-ataoglu-kktcnin-londradaki-dunya-turizm-fuarina-katilmasini-ovdu\/","title":{"rendered":"Turizm Bakan\u0131 Atao\u011flu, KKTC&#8217;nin Londra&#8217;daki D\u00fcnya Turizm Fuar\u0131&#8217;na kat\u0131lmas\u0131n\u0131 \u00f6vd\u00fc"},"content":{"rendered":"<p><strong>&#8220;KKTC, d\u00fcnyaya meydan okuyor&#8221;<\/strong><\/p>\n<p>KKTC, Londra&#8217;da d\u00fczenlenen D\u00fcnya Turizm Fuar\u0131&#8217;na kat\u0131ld\u0131. K\u0131br\u0131s k\u00f6y evinden esinlenerek haz\u0131rlanan KKTC stand\u0131, maket k\u00f6y f\u0131r\u0131n\u0131, de\u011firmen, K\u0131br\u0131s \u00e7e\u015fmesi, seramik at\u00f6lyesi gibi b\u00f6l\u00fcmleriyle dikkat \u00e7ekiyor.<\/p>\n<p>KKTC, \u0130ngiltere&#8217;nin ba\u015fkenti Londra&#8217;da d\u00fczenlenen D\u00fcnya Turizm Fuar\u0131&#8217;na kat\u0131ld\u0131. Ba\u015fkent Londra&#8217;n\u0131n do\u011fusundaki Excel sergi alan\u0131nda 203 metrekare alana kurulan ve geleneksel bir K\u0131br\u0131s k\u00f6y evinden esinlenerek haz\u0131rlanan KKTC stand\u0131, maket k\u00f6y f\u0131r\u0131n\u0131, de\u011firmen, K\u0131br\u0131s \u00e7e\u015fmesi, seramik at\u00f6lyesi gibi b\u00f6l\u00fcmleriyle dikkat \u00e7ekiyor. Stand\u0131 ziyaret edenlere K\u0131br\u0131s mutfa\u011f\u0131na \u00f6zg\u00fc \u00fcr\u00fcnler ikram edilirken, KKTC&#8217;yi tan\u0131t\u0131c\u0131 bro\u015f\u00fcr ve kataloglar da\u011f\u0131t\u0131l\u0131yor.<\/p>\n<p>\u0130ngiltere&#8217;deki temaslar\u0131 kapsam\u0131nda D\u00fcnya Turizm Fuar\u0131&#8217;n\u0131 ziyaret eden Turizm ve \u00c7evre Bakan\u0131 Fikri Atao\u011flu, &#8220;Bu fuara Kuzey K\u0131br\u0131s T\u00fcrk Cumhuriyeti kat\u0131l\u0131yorsa, KKTC d\u00fcnyaya meydan okuyor demektir. KKTC sadece g\u00fcne\u015fi, denizi, kumuyla de\u011fil, sa\u011fl\u0131k turizmiyle, do\u011fas\u0131yla, y\u00fcr\u00fcy\u00fc\u015f yollar\u0131yla, bisiklet yollar\u0131yla, engellilere ve ya\u015fl\u0131lara sa\u011flad\u0131\u011f\u0131 hizmetleriyle onlar\u0131n da ayn\u0131 \u015fekilde tatil yapabileceklerini g\u00f6steren bir \u00fclke. KKTC, d\u00fcnyaya meydan okuyor. D\u00fcnyaya meydan okuyan bir \u00fclke olarak da her \u015feye haz\u0131r olan bir \u00fclke.&#8221; ifadelerini kulland\u0131. Londra&#8217;da \u00e7ok say\u0131da \u00fclkenin kat\u0131ld\u0131\u011f\u0131 ve bug\u00fcn ba\u015flayan D\u00fcnya Turizm Fuar\u0131 10 Kas\u0131m&#8217;a kadar ziyaret edilebilecek.<\/p>\n<p><strong>&#8220;Kuzey K\u0131br\u0131s, sa\u011fl\u0131k turizminde ad\u0131n\u0131 duyuruyor&#8221;<\/strong><\/p>\n<p><strong>K\u0131br\u0131s Sa\u011fl\u0131k Turizmi Konseyi Kurucu Ba\u015fkan\u0131 Ahmet Sava\u015fan, Kuzey K\u0131br\u0131s Stand\u0131&#8217;n\u0131n 2017 y\u0131l\u0131nda tatil, \u00f6zel ilgi yan\u0131s\u0131ra sa\u011fl\u0131k turizmi i\u00e7in de yeni ve \u00f6nemli anla\u015fmalara ev sahipli\u011fi yapaca\u011f\u0131n\u0131 vurgulad\u0131<\/strong><\/p>\n<p>K\u0131br\u0131s Sa\u011fl\u0131k Turizmi Konseyi Kurucu Ba\u015fkan\u0131 Ahmet Sava\u015fan, Turizm Bakan\u0131 Fikri Atao\u011flu ve sekt\u00f6r temsilcileri ile birlikte Turizm profesyonellerinin en \u00f6nemli bulu\u015fma noktalar\u0131ndan biri olarak kabul edilen ve d\u00fcn Londra&#8217;da ba\u015flayan WTM Uluslararas\u0131 Turizm Fuar\u0131&#8217;na (World Travel Market) kat\u0131ld\u0131.<\/p>\n<p>Sava\u015fan, 180 \u00fclkeden 5 bin stand\u0131n yer ald\u0131\u011f\u0131, 50 binin \u00fczerinde turizm profesyonelini bir araya getirecek WTM Uluslararas\u0131 Turizm Fuar\u0131&#8217;n\u0131n, gelecek y\u0131la y\u00f6nelik i\u015f imkanlar\u0131n\u0131n geli\u015ftirilmesi i\u00e7in b\u00fcy\u00fck bir f\u0131rsat yaratt\u0131\u011f\u0131n\u0131 s\u00f6yledi. Fuar\u0131n turizm sekt\u00f6r\u00fcn\u00fcn gelecek d\u00f6nem vizyonunun belirlenece\u011fi konferanslara da ev sahipli\u011fi yapaca\u011f\u0131na de\u011finen Sava\u015fan, bu \u00f6zellikleri ile WTM fuar\u0131n\u0131n en prestijli organizasyonlardan biri oldu\u011funa i\u015faret etti.<\/p>\n<p><strong>WTM FUARI \u00dcLKEM\u0130Z A\u00c7ISINDAN \u00d6ZEL B\u0130R YERE SAH\u0130P<\/strong><\/p>\n<p>Fuara ili\u015fkin ilk de\u011ferlendirmesinde, Kuzey K\u0131br\u0131s&#8217;\u0131n tan\u0131t\u0131lmas\u0131 i\u00e7in konsey ve sekt\u00f6r temsilcilerinin KKTC Turizm Bakanl\u0131\u011f\u0131 \u015femsiyesi alt\u0131nda D\u00fcnya&#8217;da pek \u00e7ok uluslararas\u0131 fuar ve organizasyona kat\u0131ld\u0131\u011f\u0131n\u0131 s\u00f6yleyen Sava\u015fan, WTM Fuar\u0131&#8217;n\u0131n \u00fclkemiz a\u00e7\u0131s\u0131ndan di\u011ferlerine k\u0131yasla daha \u00f6zel bir yere sahip oldu\u011funa i\u015faret etti.<\/p>\n<p><strong>SA\u011eLIK TUR\u0130ZM\u0130&#8217;NDE SOMUT ADIMLAR ATILIYOR<\/strong><\/p>\n<p>G\u00fcn\u00fcm\u00fczde yeni nesil turizm anlay\u0131\u015f\u0131n\u0131n geli\u015fti\u011fini ve bu anlay\u0131\u015f\u0131n global geli\u015fmeleri izleyen, rekabet\u00e7i, \u00e7a\u011fda\u015f \u00f6rg\u00fctlenmeye, \u00e7evreye ve b\u00f6lgesel turizme uyumlu, internet teknolojisi kullanan ve kendini yenileyebilen \u00f6zelliklere sahip verimli bir turizm tarz\u0131 oldu\u011funa vurgu yapan Sava\u015fan, D\u00fcnya&#8217;da k\u00fcresel krizler ortam\u0131na ra\u011fmen geli\u015fimini s\u00fcrd\u00fcren turizm end\u00fcstrisi i\u00e7inde \u00f6zg\u00fcn yerini alan Sa\u011fl\u0131k Turizmi&#8217;ne yatk\u0131n b\u00fct\u00fcn \u00fclkeler gibi Kuzey K\u0131br\u0131s&#8217;\u0131n da bu d\u00f6nemde somut ad\u0131mlar att\u0131\u011f\u0131n\u0131 s\u00f6yledi.<\/p>\n<p>Sa\u011fl\u0131k Turizmi&#8217;nde ba\u015far\u0131n\u0131n yakalanabilmesi i\u00e7in, kalite, uluslararas\u0131 standart, markala\u015fma kadar tan\u0131t\u0131m ve pazarlaman\u0131n da \u00f6nemli oldu\u011funa de\u011finen Sava\u015fan, ba\u015fta Turizm Bakanl\u0131\u011f\u0131 ve Sa\u011fl\u0131k Bakanl\u0131\u011f\u0131&#8217;n\u0131n bu bilin\u00e7le davran\u0131yor olmas\u0131n\u0131n memnuniyet verici oldu\u011fu kadar, bu alan\u0131n geli\u015fmesi i\u00e7in de son derece \u00f6nemli bir f\u0131rsat yaratt\u0131\u011f\u0131n\u0131 s\u00f6yledi. Kanada&#8217;dan Brezilya&#8217;ya, Hindistan&#8217;dan Kosta Rika&#8217;ya, Malezya&#8217;dan K\u00fcba&#8217;ya kadar pek \u00e7ok \u00fclkenin sa\u011fl\u0131k turizmi alan\u0131nda birbiriyle yar\u0131\u015ft\u0131\u011f\u0131n\u0131 anlatan Sava\u015fan, Kuzey K\u0131br\u0131s&#8217;\u0131n da bu alanda ad\u0131n\u0131 duyurmaya ba\u015flad\u0131\u011f\u0131n\u0131 belirtti.<\/p>\n<p><strong>KUZEY KIBRIS STANDI B\u00dcY\u00dcK BE\u011eEN\u0130 TOPLADI<\/strong><\/p>\n<p>Gerek \u00fclke insan\u0131n\u0131n s\u0131cakl\u0131\u011f\u0131n\u0131, zengin tarihsel, k\u00fclt\u00fcrel de\u011ferlerini hissettirmesi, gerekse de sekt\u00f6r\u00fc bir \u00e7at\u0131 alt\u0131nda toplayarak, Kuzey K\u0131br\u0131s&#8217;\u0131n destinasyon olarak D\u00fcnya&#8217;ya tan\u0131t\u0131lmas\u0131na yaratt\u0131\u011f\u0131 katk\u0131 ve sadece sekt\u00f6rden de\u011fil yabanc\u0131 ziyaret\u00e7ilerden de be\u011feni toplad\u0131\u011f\u0131n\u0131 s\u00f6yleyen Sava\u015fan, Kuzey K\u0131br\u0131s Stand\u0131&#8217;n\u0131n 2017 y\u0131l\u0131nda tatil, \u00f6zel ilgi yan\u0131s\u0131ra Sa\u011fl\u0131k Turizmi i\u00e7in de yeni ve \u00f6nemli anla\u015fmalara ev sahipli\u011fi yapaca\u011f\u0131n\u0131 s\u00f6zlerine ekledi.<\/p>\n<p>&nbsp;<\/p>\n","protected":false},"excerpt":{"rendered":"<p>&#8220;KKTC, d\u00fcnyaya meydan okuyor&#8221; KKTC, Londra&#8217;da d\u00fczenlenen D\u00fcnya Turizm Fuar\u0131&#8217;na kat\u0131ld\u0131. K\u0131br\u0131s k\u00f6y evinden esinlenerek haz\u0131rlanan KKTC stand\u0131, maket k\u00f6y f\u0131r\u0131n\u0131, de\u011firmen, K\u0131br\u0131s \u00e7e\u015fmesi, seramik at\u00f6lyesi gibi b\u00f6l\u00fcmleriyle dikkat \u00e7ekiyor. KKTC, \u0130ngiltere&#8217;nin ba\u015fkenti Londra&#8217;da d\u00fczenlenen D\u00fcnya Turizm Fuar\u0131&#8217;na kat\u0131ld\u0131. Ba\u015fkent Londra&#8217;n\u0131n do\u011fusundaki Excel sergi alan\u0131nda 203 metrekare alana kurulan ve geleneksel bir K\u0131br\u0131s k\u00f6y evinden [&hellip;]<\/p>\n","protected":false},"author":2,"featured_media":19860,"comment_status":"open","ping_status":"open","sticky":false,"template":"","format":"standard","meta":{"_monsterinsights_skip_tracking":false,"_monsterinsights_sitenote_active":false,"_monsterinsights_sitenote_note":"","_monsterinsights_sitenote_category":0,"footnotes":""},"categories":[102],"tags":[],"class_list":["post-19859","post","type-post","status-publish","format-standard","has-post-thumbnail","hentry","category-haberler"],"aioseo_notices":[],"_links":{"self":[{"href":"https:\/\/ahmetsavasan.com\/tr_tr\/wp-json\/wp\/v2\/posts\/19859","targetHints":{"allow":["GET"]}}],"collection":[{"href":"https:\/\/ahmetsavasan.com\/tr_tr\/wp-json\/wp\/v2\/posts"}],"about":[{"href":"https:\/\/ahmetsavasan.com\/tr_tr\/wp-json\/wp\/v2\/types\/post"}],"author":[{"embeddable":true,"href":"https:\/\/ahmetsavasan.com\/tr_tr\/wp-json\/wp\/v2\/users\/2"}],"replies":[{"embeddable":true,"href":"https:\/\/ahmetsavasan.com\/tr_tr\/wp-json\/wp\/v2\/comments?post=19859"}],"version-history":[{"count":1,"href":"https:\/\/ahmetsavasan.com\/tr_tr\/wp-json\/wp\/v2\/posts\/19859\/revisions"}],"predecessor-version":[{"id":19861,"href":"https:\/\/ahmetsavasan.com\/tr_tr\/wp-json\/wp\/v2\/posts\/19859\/revisions\/19861"}],"wp:featuredmedia":[{"embeddable":true,"href":"https:\/\/ahmetsavasan.com\/tr_tr\/wp-json\/wp\/v2\/media\/19860"}],"wp:attachment":[{"href":"https:\/\/ahmetsavasan.com\/tr_tr\/wp-json\/wp\/v2\/media?parent=19859"}],"wp:term":[{"taxonomy":"category","embeddable":true,"href":"https:\/\/ahmetsavasan.com\/tr_tr\/wp-json\/wp\/v2\/categories?post=19859"},{"taxonomy":"post_tag","embeddable":true,"href":"https:\/\/ahmetsavasan.com\/tr_tr\/wp-json\/wp\/v2\/tags?post=19859"}],"curies":[{"name":"wp","href":"https:\/\/api.w.org\/{rel}","templated":true}]}}