{"id":19871,"date":"2009-03-21T07:42:24","date_gmt":"2009-03-21T07:42:24","guid":{"rendered":"https:\/\/ahmetsavasan.com\/?p=19871"},"modified":"2025-08-18T07:44:04","modified_gmt":"2025-08-18T07:44:04","slug":"25-ulkeden-kktcye-paket-turlarla-turist-tasinmasi-icin-turk-hava-yollari-ile-ekonomi-ve-turizm-bakanligi-arasinda-protokol-imzalandi","status":"publish","type":"post","link":"https:\/\/ahmetsavasan.com\/tr_tr\/25-ulkeden-kktcye-paket-turlarla-turist-tasinmasi-icin-turk-hava-yollari-ile-ekonomi-ve-turizm-bakanligi-arasinda-protokol-imzalandi\/","title":{"rendered":"25 \u00dclkeden KKTC\u2019ye paket turlarla turist ta\u015f\u0131nmas\u0131 i\u00e7in T\u00fcrk Hava Yollar\u0131 ile Ekonomi ve Turizm Bakanl\u0131\u011f\u0131 aras\u0131nda protokol imzaland\u0131"},"content":{"rendered":"<p><strong>THY, Kuzey K\u0131br\u0131s&#8217;a 25 \u00fclkeden yolcu ta\u015f\u0131yacak<\/strong><\/p>\n<p>D\u00fcnyan\u0131n dev u\u00e7ak \u015firketleri aras\u0131nda yer alan Staralliance&#8217;nin 20&#8217;nci \u00fcyesi olan T\u00fcrk Hava Yollar\u0131 (THY) ile Ekonomi ve Turizm Bakanl\u0131\u011f\u0131 aras\u0131nda imzalanan protokol gere\u011fi THY, 25 noktadan KKTC&#8217;ye paket turlar ve \u00f6zel fiyatlarla yolcu ta\u015f\u0131yacak.<\/p>\n<p>Bu ama\u00e7la d\u00fcn Yak\u0131n Do\u011fu \u00dcniversitesi (YD\u00dc) K\u00fct\u00fcphanesi&#8217;nde seyahat acenteleri, tur operat\u00f6rleri ve sekt\u00f6r temsilcilerine seminer verildi.<\/p>\n<p>YD\u00dc K\u00fct\u00fcphanesi salonunda saat 14.00&#8217;te ba\u015flayan seminere, KKTC Ekonomi ve Turizm Bakanl\u0131\u011f\u0131 Tan\u0131tma ve Pazarlama Dairesi M\u00fcd\u00fcr\u00fc Dervi\u015f Gezer, THY KKTC M\u00fcd\u00fcr\u00fc Mustafa U\u011furlu, K\u0131br\u0131s T\u00fcrk Seyahat Acenteleri Birli\u011fi (KITSAB) Ba\u015fkan\u0131 \u00d6zbek Dedekorkut, Otelciler Birli\u011fi Ba\u015fkan\u0131 Mehmet Dolmac\u0131, seyahat acenteleri ve tur operat\u00f6rleri kat\u0131ld\u0131.<\/p>\n<p>Toplant\u0131da konu\u015fan YD\u00dc Turizm Ara\u015ft\u0131rma ve Geli\u015ftirme Merkezi Ba\u015fkan\u0131 Ahmet Sava\u015fan, KKTC&#8217;de turizmin geli\u015febilmesi i\u00e7in en \u00f6nemli unsur olan ula\u015f\u0131m konusunda THY&#8217;nin b\u00fcy\u00fck misyon \u00fcstlenece\u011fi g\u00fcnlerin ba\u015flad\u0131\u011f\u0131n\u0131 s\u00f6yledi.<\/p>\n<p><strong>THY, KKTC turizmine b\u00fcy\u00fck katk\u0131 getirecek<\/strong><\/p>\n<p>KITSAB Ba\u015fkan\u0131 \u00d6zbek Dedekorkut da, KKTC turizminin daha da geli\u015febilmesi i\u00e7in THY&#8217;nin turizme katk\u0131s\u0131n\u0131n b\u00fcy\u00fck oldu\u011funu ve bug\u00fcn bir d\u00f6n\u00fcm noktas\u0131n\u0131n ya\u015fand\u0131\u011f\u0131n\u0131 ifade etti.<\/p>\n<p>KKTC&#8217;nin ada \u00fclkesi olmas\u0131 nedeniyle deniz ve hava ta\u015f\u0131mac\u0131l\u0131\u011f\u0131n\u0131n zorunlu oldu\u011funa i\u015faret eden Dedekorkut, sekt\u00f6r olarak hava ta\u015f\u0131mac\u0131l\u0131\u011f\u0131n\u0131n ihmal edildi\u011fini ve r\u00fczgarla hareket ettiklerini, ancak son bir y\u0131ld\u0131r Turizm Bakanl\u0131\u011f\u0131&#8217;n\u0131n yapt\u0131\u011f\u0131 \u00e7al\u0131\u015fmalarla bir yol ald\u0131klar\u0131n\u0131 belirtti.<\/p>\n<p>Dedekorkut, yap\u0131lan charter anla\u015fmalar\u0131 ile KKTC turizminin daha da canlanaca\u011f\u0131n\u0131 umduklar\u0131n\u0131 kaydederek, d\u00fcnyada havac\u0131l\u0131k sekt\u00f6r\u00fcnde \u00f6zel ve sayg\u0131n bir yeri olan THY ile yeni bir \u00e7al\u0131\u015fma i\u00e7ine girdiklerini, THY yetkililerine \u00f6zellikle THY&#8217;nin KKTC M\u00fcd\u00fcr\u00fc Mustafa U\u011furlu&#8217;ya KKTC&#8217;nin ihtiya\u00e7lar\u0131n\u0131 \u00f6ne \u00e7\u0131karmas\u0131ndan dolay\u0131 te\u015fekk\u00fcr etti.<\/p>\n<p>Ellerinde THY fiyatlar\u0131n\u0131n bulundu\u011funu anlatan Dedekorkut, ama\u00e7lar\u0131n\u0131n \u0130stanbul&#8217;a inen yolcular\u0131 1-2 saat bekleme s\u00fcresiyle \u00fclkemize ta\u015f\u0131ma oldu\u011funu, ancak anla\u015fmaya g\u00f6re u\u00e7aklar\u0131n dolulu\u011funun sa\u011flanabilmesi halinde THY&#8217;nin \u00f6\u011flen seferleri de yaparak yolcular\u0131 adam\u0131za ta\u015f\u0131yabileceklerini kaydetti.<\/p>\n<p><strong>Ge\u00e7mi\u015fte yap\u0131lanlar\u0131 ele\u015ftirdik, \u015fimdi yap\u0131lanlara te\u015fekk\u00fcr ediyoruz<\/strong><\/p>\n<p>Otelciler Birli\u011fi Ba\u015fkan\u0131 Mehmet Dolmac\u0131 da, y\u0131llarca siyasilerin bir \u015feyler yapmas\u0131n\u0131 ve sekt\u00f6r temsilcilerinin onlar\u0131n arkas\u0131ndan gitmesini beklediklerini ve bu nedenle turizmde istenilen seviyeye gelinemedi\u011fini s\u00f6yledi.<\/p>\n<p>Bunun kendileri a\u00e7\u0131s\u0131ndan b\u00fcy\u00fck bir a\u00e7\u0131l\u0131m oldu\u011funu anlatan Dolmac\u0131, sekt\u00f6r temsilcilerinin siyasileri iteklemesiyle turizmin canlanmaya ba\u015flad\u0131\u011f\u0131n\u0131, bundan kimsenin kendine pay \u00e7\u0131karmamas\u0131 gerekti\u011fini, ba\u015far\u0131n\u0131n sadece sekt\u00f6r\u00fcn oldu\u011funu belirtti.<\/p>\n<p>Bu a\u00e7\u0131l\u0131mla herkesin bulundu\u011fu noktadan daha ilerilere gidece\u011fini ifade eden Dolmac\u0131, bug\u00fcne kadar yap\u0131lanlar\u0131 ele\u015ftirdiklerini ancak bu kez yap\u0131lanlara te\u015fekk\u00fcr ettiklerini s\u00f6yledi.<\/p>\n<p><strong>Turizmin nefes borular\u0131 at\u0131yor<\/strong><\/p>\n<p>Ekonomi ve Turizm Bakanl\u0131\u011f\u0131 Tan\u0131tma ve Pazarlama Dairesi M\u00fcd\u00fcr\u00fc Dervi\u015f Gezer, amac\u0131n d\u00fcnyan\u0131n y\u00fcze a\u015fk\u0131n noktas\u0131na u\u00e7an ve d\u00fcnyan\u0131n en gen\u00e7 filolar\u0131na sahip olan THY&#8217;yi KKTC turizm sekt\u00f6r\u00fc i\u00e7erisine \u00e7ekmek oldu\u011funu s\u00f6yledi.<\/p>\n<p>Gerek Orta Do\u011fu, Avrupa ve Rusya b\u00f6lgesinden yolcular\u0131 \u0130stanbul&#8217;a getiren THY&#8217;nin bu yolcular\u0131 KKTC&#8217;ye getirmeyi planlad\u0131klar\u0131n\u0131 anlatan Gezer, seyahat acenteleri ve operat\u00f6rlerle ileride bir anla\u015fma daha imzalayacaklar\u0131n\u0131 kaydetti.<\/p>\n<p>Gezer, Almanya, \u0130ngiltere ve yeni destinasyonlarla turizm nefes borular\u0131n\u0131n gittik\u00e7e artmas\u0131ndan sevin\u00e7 duyduklar\u0131n\u0131 ifade etti.<\/p>\n<p><strong>KKTC turizmine katk\u0131 koyaca\u011f\u0131z<\/strong><\/p>\n<p>THY KKTC M\u00fcd\u00fcr\u00fc Mustafa U\u011furlu, KKTC Turizm Bakanl\u0131\u011f\u0131&#8217;n\u0131n turizmi geli\u015ftirmek amac\u0131yla THY ile yapt\u0131\u011f\u0131 diyaloglar neticesinde belirlenen \u00fclkelerden ve fiyatlara g\u00f6re KKTC&#8217;ye turist getireceklerini s\u00f6yledi.<\/p>\n<p>THY&#8217;nin ticari bir kurum olmas\u0131n\u0131n yan\u0131nda ayn\u0131 zamanda KKTC turizmine de katk\u0131 koyaca\u011f\u0131n\u0131 kaydeden U\u011furlu, bu ama\u00e7la Turizm Bakanl\u0131\u011f\u0131 ile yap\u0131lan toplant\u0131lar sonucunda bir \u00fccret tarifesinin \u00e7\u0131kar\u0131ld\u0131\u011f\u0131n\u0131 belirtti.<\/p>\n<p>Konu\u015fmalar\u0131n ard\u0131ndan THY yetkilileri bir sunum yapt\u0131 ve seminer kokteylle sona erdi.<\/p>\n<p><strong>AMA\u00c7, THY&#8217;Y\u0130 KKTC TUR\u0130ZM\u0130 \u0130\u00c7\u0130NE \u00c7EKMEK&#8230;<\/strong><\/p>\n<p>T\u00fcrk Hava Yollar\u0131 (THY) KKTC M\u00fcd\u00fcr\u00fc Mustafa U\u011furlu, KKTC Turizm Bakanl\u0131\u011f\u0131&#8217;n\u0131n turizmi geli\u015ftirmek amac\u0131yla THY ile yapt\u0131\u011f\u0131 diyaloglar neticesinde belirlenen \u00fclkelerden KKTC&#8217;ye turist getireceklerini s\u00f6yledi. Ekonomi ve Turizm Bakanl\u0131\u011f\u0131 Tan\u0131tma ve Pazarlama Dairesi M\u00fcd\u00fcr\u00fc Dervi\u015f Gezer de, amac\u0131n d\u00fcnyan\u0131n y\u00fcze a\u015fk\u0131n noktas\u0131na u\u00e7an ve d\u00fcnyan\u0131n en gen\u00e7 filolar\u0131na sahip olan THY&#8217;yi KKTC turizm sekt\u00f6r\u00fc i\u00e7erisine \u00e7ekmek oldu\u011funu s\u00f6yledi.<\/p>\n","protected":false},"excerpt":{"rendered":"<p>THY, Kuzey K\u0131br\u0131s&#8217;a 25 \u00fclkeden yolcu ta\u015f\u0131yacak D\u00fcnyan\u0131n dev u\u00e7ak \u015firketleri aras\u0131nda yer alan Staralliance&#8217;nin 20&#8217;nci \u00fcyesi olan T\u00fcrk Hava Yollar\u0131 (THY) ile Ekonomi ve Turizm Bakanl\u0131\u011f\u0131 aras\u0131nda imzalanan protokol gere\u011fi THY, 25 noktadan KKTC&#8217;ye paket turlar ve \u00f6zel fiyatlarla yolcu ta\u015f\u0131yacak. Bu ama\u00e7la d\u00fcn Yak\u0131n Do\u011fu \u00dcniversitesi (YD\u00dc) K\u00fct\u00fcphanesi&#8217;nde seyahat acenteleri, tur operat\u00f6rleri ve [&hellip;]<\/p>\n","protected":false},"author":2,"featured_media":19872,"comment_status":"open","ping_status":"open","sticky":false,"template":"","format":"standard","meta":{"_monsterinsights_skip_tracking":false,"_monsterinsights_sitenote_active":false,"_monsterinsights_sitenote_note":"","_monsterinsights_sitenote_category":0,"footnotes":""},"categories":[102],"tags":[],"class_list":["post-19871","post","type-post","status-publish","format-standard","has-post-thumbnail","hentry","category-haberler"],"aioseo_notices":[],"_links":{"self":[{"href":"https:\/\/ahmetsavasan.com\/tr_tr\/wp-json\/wp\/v2\/posts\/19871","targetHints":{"allow":["GET"]}}],"collection":[{"href":"https:\/\/ahmetsavasan.com\/tr_tr\/wp-json\/wp\/v2\/posts"}],"about":[{"href":"https:\/\/ahmetsavasan.com\/tr_tr\/wp-json\/wp\/v2\/types\/post"}],"author":[{"embeddable":true,"href":"https:\/\/ahmetsavasan.com\/tr_tr\/wp-json\/wp\/v2\/users\/2"}],"replies":[{"embeddable":true,"href":"https:\/\/ahmetsavasan.com\/tr_tr\/wp-json\/wp\/v2\/comments?post=19871"}],"version-history":[{"count":1,"href":"https:\/\/ahmetsavasan.com\/tr_tr\/wp-json\/wp\/v2\/posts\/19871\/revisions"}],"predecessor-version":[{"id":19873,"href":"https:\/\/ahmetsavasan.com\/tr_tr\/wp-json\/wp\/v2\/posts\/19871\/revisions\/19873"}],"wp:featuredmedia":[{"embeddable":true,"href":"https:\/\/ahmetsavasan.com\/tr_tr\/wp-json\/wp\/v2\/media\/19872"}],"wp:attachment":[{"href":"https:\/\/ahmetsavasan.com\/tr_tr\/wp-json\/wp\/v2\/media?parent=19871"}],"wp:term":[{"taxonomy":"category","embeddable":true,"href":"https:\/\/ahmetsavasan.com\/tr_tr\/wp-json\/wp\/v2\/categories?post=19871"},{"taxonomy":"post_tag","embeddable":true,"href":"https:\/\/ahmetsavasan.com\/tr_tr\/wp-json\/wp\/v2\/tags?post=19871"}],"curies":[{"name":"wp","href":"https:\/\/api.w.org\/{rel}","templated":true}]}}