{"id":19913,"date":"2016-06-06T08:13:19","date_gmt":"2016-06-06T08:13:19","guid":{"rendered":"https:\/\/ahmetsavasan.com\/?p=19913"},"modified":"2025-08-18T08:15:00","modified_gmt":"2025-08-18T08:15:00","slug":"saglik-turizmine-destek-cagrisi","status":"publish","type":"post","link":"https:\/\/ahmetsavasan.com\/tr_tr\/saglik-turizmine-destek-cagrisi\/","title":{"rendered":"Sa\u011fl\u0131k turizmine destek \u00e7a\u011fr\u0131s\u0131"},"content":{"rendered":"<p><strong>Sa\u011fl\u0131k Turizmi Konseyi Kurucu Ba\u015fkan\u0131 Ahmet Sava\u015fan, \u00fclkede sa\u011fl\u0131k turizminin geli\u015fme g\u00f6sterdi\u011fini ve bu alan\u0131n sa\u011fl\u0131kl\u0131 bir \u015fekilde geli\u015fmesi i\u00e7in devlet deste\u011fi ve denetiminin \u015fart oldu\u011funu s\u00f6yledi<\/strong><\/p>\n<p>K\u0131br\u0131s Sa\u011fl\u0131k Turizmi Konseyi yetkilileri Sa\u011fl\u0131k Bakan\u0131 Dr. Faiz Sucuo\u011flu&#8217;nu ziyaret ederek, Sa\u011fl\u0131k Turizmi&#8217;nde yol haritas\u0131n\u0131n belirlenece\u011fi Turizm \u015euras\u0131 i\u00e7in destek istedi.<\/p>\n<p>Sa\u011fl\u0131k Turizmi Konseyi Kurucu Ba\u015fkan\u0131 Ahmet Sava\u015fan ziyarette yapt\u0131\u011f\u0131 konu\u015fmada, ama\u00e7lar\u0131n\u0131n genelde turizmin \u00f6zelde ise Sa\u011fl\u0131k Turizmi&#8217;nin \u00fclkede s\u00fcrd\u00fcr\u00fclebilir bir yap\u0131ya kavu\u015fmas\u0131na katk\u0131 koymak oldu\u011funu s\u00f6yledi.<\/p>\n<p>Sava\u015fan, sa\u011fl\u0131k alan\u0131nda ihtiya\u00e7 duyulan\u0131n, b\u00fct\u00fcnsel bir bak\u0131\u015f a\u00e7\u0131s\u0131 geli\u015ftirilerek, kamu ve \u00f6zel sekt\u00f6r ayr\u0131mc\u0131l\u0131\u011f\u0131 yap\u0131lmadan, yeni fon kaynaklar\u0131 ile yeterli bir b\u00fct\u00e7e yarat\u0131lmas\u0131 ve hastalara hastane ile hekim se\u00e7me hakk\u0131 verilmesi, ayr\u0131ca etkin bir denetim mekanizmas\u0131n\u0131n da kurulmas\u0131 oldu\u011funa dikkat \u00e7ekti.<\/p>\n<p>Son y\u0131llarda geli\u015fmi\u015f \u00fclkeler ba\u015fta olmak \u00fczere D\u00fcnya n\u00fcfusunun giderek ya\u015flanmas\u0131 ile kronik hastal\u0131klar\u0131n \u00e7o\u011fald\u0131\u011f\u0131n\u0131 s\u00f6yleyen Sava\u015fan, buna ba\u011fl\u0131 olarak tedavi harcamalar\u0131n\u0131n artmas\u0131 ve uzun bekleme s\u00fcrelerinin olu\u015fmas\u0131na paralel hastalar\u0131n maliyeti daha d\u00fc\u015f\u00fck ve daha kaliteli sa\u011fl\u0131k hizmeti alabilecekleri \u00fclkelere y\u00f6neldi\u011fine dikkat \u00e7ekti.<\/p>\n<p><strong>\u00dc\u00c7\u00dcNC\u00dc YA\u015e \u0130\u00c7\u0130N POTANS\u0130YEL\u0130M\u0130Z Y\u00dcKSEK<\/strong><\/p>\n<p>Sava\u015fan ayr\u0131ca, Kuzey K\u0131br\u0131s&#8217;\u0131n tarihi, co\u011frafik, insani \u00f6zellikleri, ak\u0131ll\u0131 binalardan olu\u015fan y\u00fcksek konforlu hastaneleri, g\u00fcncel bilgi kullanan uzman hekimleri, uluslararas\u0131 akreditasyonlar\u0131 ile say\u0131lar\u0131 g\u00fcn ge\u00e7tik\u00e7e artan nitelikli hastaneleri ve klinikleri yan\u0131s\u0131ra \u00fc\u00e7\u00fcnc\u00fc ya\u015f turistlerinin arad\u0131\u011f\u0131 \u00f6zelliklere sahip iklim ko\u015fullar\u0131 ve fiyat avantajlar\u0131 ile Sa\u011fl\u0131k Turizmi i\u00e7in \u00f6nemli bir potansiyele sahip oldu\u011funu vurgulad\u0131.<\/p>\n<p><strong>DEVLET DESTE\u011e\u0130 VE DENET\u0130M\u0130 \u015eART<\/strong><\/p>\n<p>D\u00fcnya&#8217;da y\u0131lda 30 milyon ki\u015finin \u015fifa bulmak i\u00e7in \u00fclkeleri d\u0131\u015f\u0131na gitti\u011fini ve bu sekt\u00f6rdeki y\u0131ll\u0131k cironun 150 Milyar Dolara ula\u015ft\u0131\u011f\u0131n\u0131 belirten Ahmet Sava\u015fan, Sa\u011fl\u0131k Turizmi&#8217;nin \u00fclkelere Tatil (Kitle) Turizmi&#8217;ne g\u00f6re be\u015f-alt\u0131 kat daha fazla katma de\u011fer yaratt\u0131\u011f\u0131na dikkat \u00e7ekti. Be\u015f saatlik u\u00e7u\u015f mesafesinde ya\u015fayan bir bu\u00e7uk milyar insan\u0131n Sa\u011fl\u0131k Turizmi a\u00e7\u0131s\u0131ndan b\u00fcy\u00fck bir potansiyel yaratt\u0131\u011f\u0131n\u0131 s\u00f6yleyen Sava\u015fan, \u00fclkemizde YD\u00dc Hastanesi ba\u015fta olmak \u00fczere, \u00f6zel hastaneler yan\u0131s\u0131ra t\u00fcp bebek merkezlerinin giri\u015fimleri ile Sa\u011fl\u0131k Turizmi&#8217;nin belirli oranda geli\u015fme g\u00f6sterdi\u011fini, bu alan\u0131n sa\u011fl\u0131kl\u0131 bir \u015fekilde geli\u015fmesi i\u00e7in devlet deste\u011fi ve denetiminin \u015fart oldu\u011funa dikkat \u00e7ekti.<\/p>\n<p>Sava\u015fan, konsey yetkililerinin, T\u00fcrkiye&#8217;nin K\u0131br\u0131s \u0130\u015flerinden Sorumlu Ba\u015fbakan Yard\u0131mc\u0131s\u0131 Tu\u011frul T\u00fcrke\u015f ile ge\u00e7ti\u011fimiz haftalarda \u00c7ankaya K\u00f6\u015fk\u00fc&#8217;nde bir araya geldi\u011fini, T\u00fcrke\u015f&#8217;in, KKTC&#8217;de katma de\u011ferin artmas\u0131 i\u00e7in Sa\u011fl\u0131k Turizmi&#8217;nin geli\u015fmesini son derece \u00f6nemli buldu\u011funu ve bunun KKTC i\u00e7in hay\u0131rl\u0131 bir proje olaca\u011f\u0131na inan\u00e7 belirtti\u011fini an\u0131msatt\u0131. Sava\u015fan &#8220;Sa\u011fl\u0131k Turizmi i\u00e7in gereken projeleri \u00fcretmemiz halinde T\u00fcrkiye&#8217;miz deste\u011fe haz\u0131rd\u0131r&#8221; dedi.<\/p>\n<p><strong>HALK Z\u0130HN\u0130YET DEVR\u0130M\u0130 BEKL\u0130YOR<\/strong><\/p>\n<p>UBP-DP H\u00fck\u00fcmeti&#8217;nde Fikri Atao\u011flu yan\u0131s\u0131ra ge\u00e7mi\u015f d\u00f6nemlerde Turizm Bakanl\u0131\u011f\u0131 yapm\u0131\u015f \u00fc\u00e7 bakan\u0131n bulunmas\u0131n\u0131 b\u00fcy\u00fck bir f\u0131rsat olarak de\u011ferlendirdiklerini belirten Sava\u015fan, &#8220;halk\u0131m\u0131z\u0131n h\u00fck\u00fcmetten beklentisi, turizm ba\u015fta olmak \u00fczere, hayat\u0131m\u0131z\u0131n di\u011fer alanlar\u0131nda da \u00fclkemiz i\u00e7in gerekli zihniyet devrimini hayata ge\u00e7irerek, ihtiya\u00e7lara kal\u0131c\u0131 \u00e7\u00f6z\u00fcm \u00fcretmesidir&#8221; \u015feklinde konu\u015ftu.<\/p>\n<p><strong>SA\u011eLIK BAKANLI\u011eI&#8217;NIN DESTE\u011e\u0130 \u00d6NEML\u0130<\/strong><\/p>\n<p>&#8220;Kuzey K\u0131br\u0131s&#8217;\u0131n Sa\u011fl\u0131k Turizmi Altyap\u0131s\u0131: Neyimiz Var?&#8221;, &#8220;Sa\u011fl\u0131k Turizmi Geli\u015fimi \u00d6n\u00fcndeki Engeller: Neyimiz Yok?&#8221; ve &#8220;Sa\u011fl\u0131k Turizmi&#8217;nde Hangi Konulara Odaklanmal\u0131y\u0131z: Ne Yapmal\u0131y\u0131z?&#8221; konular\u0131n\u0131n da ayr\u0131 bir ba\u015fl\u0131k olarak yer alaca\u011f\u0131 Turizm \u015euras\u0131&#8217;n\u0131n k\u0131sa bir s\u00fcre i\u00e7inde yap\u0131laca\u011f\u0131 s\u00f6z\u00fcn\u00fc Turizm Bakan\u0131ndan ald\u0131klar\u0131n\u0131 an\u0131msatan Sava\u015fan, bu \u015furaya Sa\u011fl\u0131k Bakanl\u0131\u011f\u0131&#8217;n\u0131n destek vermesinin son derece \u00f6nemli oldu\u011funu s\u00f6yledi.<\/p>\n<p><strong>SUCUO\u011eLU: &#8220;DESTEK VERMEYE HAZIRIZ&#8230;&#8221;<\/strong><\/p>\n<p>Bakan Dr. Faiz Sucuo\u011flu da ziyarette yapt\u0131\u011f\u0131 konu\u015fmada, k\u0131sa bir s\u00fcre \u00f6nce Turizm Bakanl\u0131\u011f\u0131 g\u00f6revinde bulunmas\u0131 hasebiyle sekt\u00f6r\u00fcn ihtiya\u00e7lar\u0131n\u0131 iyi bildi\u011fini s\u00f6yleyerek, Kuzey K\u0131br\u0131s&#8217;a alternatif turizm \u00e7e\u015fitlerinin kazand\u0131r\u0131lmas\u0131n\u0131n \u00f6nemine i\u015faret etti. Pek \u00e7ok \u00fclkenin Sa\u011fl\u0131k Turizmi pastas\u0131ndan pay alabilmek i\u00e7in yar\u0131\u015ft\u0131\u011f\u0131n\u0131 dile getiren Dr. Sucuo\u011flu, &#8220;Sa\u011fl\u0131k Turizmi&#8217;nden \u00fclkemizin hak etti\u011fi pay\u0131 alabilmesi i\u00e7in gereken deste\u011fi vermeye haz\u0131r\u0131z. \u015eura konusunda da \u00fczerimize d\u00fc\u015feni en iyi \u015fekilde yapaca\u011f\u0131z&#8221; dedi.<\/p>\n<p><strong>IVF T\u00dcZ\u00dc\u011e\u00dc TAMAM<\/strong><\/p>\n<p>T\u00fcp bebek t\u00fcz\u00fc\u011f\u00fc olarak da bilinen IVF T\u00fcz\u00fc\u011f\u00fc&#8217;n\u00fcn Bakanlar Kurulu&#8217;ndan ge\u00e7ti\u011fini vurgulayan Bakan Sucuo\u011flu, &#8220;Sa\u011fl\u0131k Turizmi i\u00e7inde \u00f6nemli bir yere sahip T\u00fcp Bebek uygulamalar\u0131, ge\u00e7irilen t\u00fcz\u00fckle daha sa\u011fl\u0131kl\u0131, g\u00fcvenilir, denetlenebilir, g\u00fcn\u00fcn \u015fartlar\u0131na ve Avrupa Birli\u011fi kriterlerine uygun, \u00e7a\u011fda\u015f, \u015feffaf bir yap\u0131ya kavu\u015farak s\u00fcrd\u00fcr\u00fclebilir bir konuma gelece\u011fine inan\u0131yorum&#8221; diye konu\u015ftu.<\/p>\n","protected":false},"excerpt":{"rendered":"<p>Sa\u011fl\u0131k Turizmi Konseyi Kurucu Ba\u015fkan\u0131 Ahmet Sava\u015fan, \u00fclkede sa\u011fl\u0131k turizminin geli\u015fme g\u00f6sterdi\u011fini ve bu alan\u0131n sa\u011fl\u0131kl\u0131 bir \u015fekilde geli\u015fmesi i\u00e7in devlet deste\u011fi ve denetiminin \u015fart oldu\u011funu s\u00f6yledi K\u0131br\u0131s Sa\u011fl\u0131k Turizmi Konseyi yetkilileri Sa\u011fl\u0131k Bakan\u0131 Dr. Faiz Sucuo\u011flu&#8217;nu ziyaret ederek, Sa\u011fl\u0131k Turizmi&#8217;nde yol haritas\u0131n\u0131n belirlenece\u011fi Turizm \u015euras\u0131 i\u00e7in destek istedi. Sa\u011fl\u0131k Turizmi Konseyi Kurucu Ba\u015fkan\u0131 Ahmet [&hellip;]<\/p>\n","protected":false},"author":2,"featured_media":19914,"comment_status":"open","ping_status":"open","sticky":false,"template":"","format":"standard","meta":{"_monsterinsights_skip_tracking":false,"_monsterinsights_sitenote_active":false,"_monsterinsights_sitenote_note":"","_monsterinsights_sitenote_category":0,"footnotes":""},"categories":[102],"tags":[],"class_list":["post-19913","post","type-post","status-publish","format-standard","has-post-thumbnail","hentry","category-haberler"],"aioseo_notices":[],"_links":{"self":[{"href":"https:\/\/ahmetsavasan.com\/tr_tr\/wp-json\/wp\/v2\/posts\/19913","targetHints":{"allow":["GET"]}}],"collection":[{"href":"https:\/\/ahmetsavasan.com\/tr_tr\/wp-json\/wp\/v2\/posts"}],"about":[{"href":"https:\/\/ahmetsavasan.com\/tr_tr\/wp-json\/wp\/v2\/types\/post"}],"author":[{"embeddable":true,"href":"https:\/\/ahmetsavasan.com\/tr_tr\/wp-json\/wp\/v2\/users\/2"}],"replies":[{"embeddable":true,"href":"https:\/\/ahmetsavasan.com\/tr_tr\/wp-json\/wp\/v2\/comments?post=19913"}],"version-history":[{"count":1,"href":"https:\/\/ahmetsavasan.com\/tr_tr\/wp-json\/wp\/v2\/posts\/19913\/revisions"}],"predecessor-version":[{"id":19915,"href":"https:\/\/ahmetsavasan.com\/tr_tr\/wp-json\/wp\/v2\/posts\/19913\/revisions\/19915"}],"wp:featuredmedia":[{"embeddable":true,"href":"https:\/\/ahmetsavasan.com\/tr_tr\/wp-json\/wp\/v2\/media\/19914"}],"wp:attachment":[{"href":"https:\/\/ahmetsavasan.com\/tr_tr\/wp-json\/wp\/v2\/media?parent=19913"}],"wp:term":[{"taxonomy":"category","embeddable":true,"href":"https:\/\/ahmetsavasan.com\/tr_tr\/wp-json\/wp\/v2\/categories?post=19913"},{"taxonomy":"post_tag","embeddable":true,"href":"https:\/\/ahmetsavasan.com\/tr_tr\/wp-json\/wp\/v2\/tags?post=19913"}],"curies":[{"name":"wp","href":"https:\/\/api.w.org\/{rel}","templated":true}]}}