{"id":19919,"date":"2016-09-16T08:16:28","date_gmt":"2016-09-16T08:16:28","guid":{"rendered":"https:\/\/ahmetsavasan.com\/?p=19919"},"modified":"2025-08-18T08:17:45","modified_gmt":"2025-08-18T08:17:45","slug":"festival-ve-senlikler-turizme-deger-katiyor","status":"publish","type":"post","link":"https:\/\/ahmetsavasan.com\/tr_tr\/festival-ve-senlikler-turizme-deger-katiyor\/","title":{"rendered":"&#8220;Festival ve \u015fenlikler turizme de\u011fer kat\u0131yor&#8221;"},"content":{"rendered":"<p><strong>K\u0131br\u0131s Sa\u011fl\u0131k Turizmi Kurucu Ba\u015fkan\u0131 Sava\u015fan, festival turizminin, d\u00fcnya genelinde son y\u0131llarda b\u00fcy\u00fck bir geli\u015fme g\u00f6sterdi\u011fini vurgulayarak, festivallerin sa\u011flad\u0131\u011f\u0131 ekonomik, sosyal ve k\u00fclt\u00fcrel getirilerin b\u00fcy\u00fckl\u00fc\u011f\u00fcne dikkat \u00e7ekti<\/strong><\/p>\n<p>K\u0131br\u0131s Sa\u011fl\u0131k Turizmi Kurucu Ba\u015fkan\u0131 Ahmet Sava\u015fan, \u0130ncirli Muhtarl\u0131\u011f\u0131&#8217;n\u0131n Beyarmudu Belediyesi katk\u0131lar\u0131 ile ger\u00e7ekle\u015ftirdi\u011fi II. \u00c7ocuk ve Halk \u015eenli\u011fi&#8217;ne kat\u0131ld\u0131.<\/p>\n<p>\u015eenli\u011fin bir \u00e7ok \u00f6zelli\u011fi ile KKTC&#8217;de bir ilk oldu\u011funa i\u015faret eden \u0130ncirli Muhtar\u0131 Mustafa Ye\u015filleme, ama\u00e7lar\u0131n\u0131n b\u00f6lgede ya\u015fayanlar ba\u015fta olmak \u00fczere \u00fclkedeki b\u00fct\u00fcn \u00e7ocuklar\u0131n e\u011flenerek mutlu olacaklar\u0131 bir \u015fenlik yaratmak oldu\u011funu s\u00f6yledi.<\/p>\n<p><strong>FEST\u0130VALLER\u0130N \u00dcLKELER\u0130N TUR\u0130ZM STRATEJ\u0130LER\u0130NDE \u00d6NEML\u0130 YER\u0130 VAR<\/strong><\/p>\n<p>Festival turizminin, D\u00fcnya genelinde son y\u0131llarda b\u00fcy\u00fck bir geli\u015fme g\u00f6sterdi\u011fini vurgulayan Ahmet Sava\u015fan, festivallerin sa\u011flad\u0131\u011f\u0131 ekonomik, sosyal ve k\u00fclt\u00fcrel getirilerin b\u00fcy\u00fckl\u00fc\u011f\u00fc dolay\u0131s\u0131yla \u00fclkelerin turizm stratejilerinde \u00f6nemli bir yeri bulundu\u011funu ve her ge\u00e7en g\u00fcn de b\u00fcy\u00fcyen bir potansiyeli oldu\u011funun alt\u0131n\u0131 \u00e7izdi.<\/p>\n<p><strong>\u00c7OCUKLARA E\u011eLEN\u0130RKEN \u00d6\u011eRENME FIRSATI SUNUYOR<\/strong><\/p>\n<p>Yerel olarak belirlenen ve geleneksel hale gelen festivallerin, yap\u0131ld\u0131\u011f\u0131 b\u00f6lge ile simgele\u015ferek toplumun kolektif belle\u011finin tazelenmesini sa\u011flad\u0131\u011f\u0131 gibi turizm a\u00e7\u0131s\u0131ndan da olumlu etkiler yaratt\u0131\u011f\u0131n\u0131 s\u00f6yleyen Sava\u015fan, \u00e7ocuklara y\u00f6nelik ger\u00e7ekle\u015ftirilen \u0130ncirli \u015eenli\u011fi&#8217;nin b\u00f6lgeye \u00f6nemli bir hareket getirdi\u011fini ve yap\u0131lan etkinli\u011fin \u00e7ocuklara e\u011flenirken \u00f6\u011frenme f\u0131rsat\u0131 da yaratt\u0131\u011f\u0131n\u0131 belirtti.<\/p>\n<p><strong>FEST\u0130VAL TUR\u0130ZM\u0130N\u0130N \u0130\u00c7\u0130NDE OLDU\u011eU ALTERNAT\u0130F T\u00dcRLER GEL\u0130\u015eT\u0130R\u0130LMEL\u0130<\/strong><\/p>\n<p>Turizmde yap\u0131lacak at\u0131l\u0131mlar\u0131n, turizm t\u00fcrlerinde meydana getirilecek \u00e7e\u015fitlemelerle ger\u00e7ekle\u015febilece\u011finin alt\u0131n\u0131 \u00e7izen Sava\u015fan, g\u00fcn\u00fcm\u00fczde turizm alan\u0131nda b\u00fcy\u00fck bir rekabet ya\u015fand\u0131\u011f\u0131n\u0131, bu rekabette daha fazla ve kaliteli \u00fcr\u00fcn sunan \u00fclkelerin daha \u00f6ne ge\u00e7ti\u011fini vurgulad\u0131.<\/p>\n<p>Dar bir alana ya da turizm t\u00fcr\u00fc i\u00e7ine s\u0131k\u0131\u015fan bir yap\u0131n\u0131n, s\u00fcrekli olarak \u00e7e\u015fitlenen ve yeni aray\u0131\u015flar i\u00e7inde bulunan turist profilinin taleplerini kar\u015f\u0131layamayaca\u011f\u0131n\u0131 ifade eden Sava\u015fan, festival turizminin de i\u00e7inde oldu\u011fu alternatif turizm t\u00fcrlerinin geli\u015ftirilmesi ile \u00fclkemiz turizminde s\u00fcreklilik yakalanaca\u011f\u0131n\u0131 ve turist ba\u015f\u0131na elde edilen gelirlerin artaca\u011f\u0131n\u0131 vurgulad\u0131.<\/p>\n<p><strong>O SES T\u00dcRK\u0130YE \u00c7OCUK \u015eAMP\u0130YONU KEND\u0130R\u0130C\u0130 KONSER VERD\u0130<\/strong><\/p>\n<p>Kortej y\u00fcr\u00fcy\u00fc\u015f\u00fc ile ba\u015flayan \u0130ncirli II. \u00c7ocuk ve Halk \u015eenli\u011fi&#8217;nde, \u00e7ocuklar\u0131n haz\u0131rlad\u0131\u011f\u0131 pek \u00e7ok g\u00f6steri yan\u0131s\u0131ra, Afrika Akrobat grubu ate\u015f dans\u0131, Kur\u015funiler konseri yan\u0131s\u0131ra pek \u00e7ok aktivite yer ald\u0131. \u00c7ocuklara iki g\u00fcn boyunca \u00fccretsiz yiyecek i\u00e7ecek ikramlar\u0131n\u0131n da yap\u0131ld\u0131\u011f\u0131 \u015fenlik O Ses T\u00fcrkiye \u00e7ocuk \u015fampiyonu \u015eahin Kendirici konseri ile sona erdi.<\/p>\n<p>&nbsp;<\/p>\n<p>&nbsp;<\/p>\n","protected":false},"excerpt":{"rendered":"<p>K\u0131br\u0131s Sa\u011fl\u0131k Turizmi Kurucu Ba\u015fkan\u0131 Sava\u015fan, festival turizminin, d\u00fcnya genelinde son y\u0131llarda b\u00fcy\u00fck bir geli\u015fme g\u00f6sterdi\u011fini vurgulayarak, festivallerin sa\u011flad\u0131\u011f\u0131 ekonomik, sosyal ve k\u00fclt\u00fcrel getirilerin b\u00fcy\u00fckl\u00fc\u011f\u00fcne dikkat \u00e7ekti K\u0131br\u0131s Sa\u011fl\u0131k Turizmi Kurucu Ba\u015fkan\u0131 Ahmet Sava\u015fan, \u0130ncirli Muhtarl\u0131\u011f\u0131&#8217;n\u0131n Beyarmudu Belediyesi katk\u0131lar\u0131 ile ger\u00e7ekle\u015ftirdi\u011fi II. \u00c7ocuk ve Halk \u015eenli\u011fi&#8217;ne kat\u0131ld\u0131. \u015eenli\u011fin bir \u00e7ok \u00f6zelli\u011fi ile KKTC&#8217;de bir ilk [&hellip;]<\/p>\n","protected":false},"author":2,"featured_media":19920,"comment_status":"open","ping_status":"open","sticky":false,"template":"","format":"standard","meta":{"_monsterinsights_skip_tracking":false,"_monsterinsights_sitenote_active":false,"_monsterinsights_sitenote_note":"","_monsterinsights_sitenote_category":0,"footnotes":""},"categories":[102],"tags":[],"class_list":["post-19919","post","type-post","status-publish","format-standard","has-post-thumbnail","hentry","category-haberler"],"aioseo_notices":[],"_links":{"self":[{"href":"https:\/\/ahmetsavasan.com\/tr_tr\/wp-json\/wp\/v2\/posts\/19919","targetHints":{"allow":["GET"]}}],"collection":[{"href":"https:\/\/ahmetsavasan.com\/tr_tr\/wp-json\/wp\/v2\/posts"}],"about":[{"href":"https:\/\/ahmetsavasan.com\/tr_tr\/wp-json\/wp\/v2\/types\/post"}],"author":[{"embeddable":true,"href":"https:\/\/ahmetsavasan.com\/tr_tr\/wp-json\/wp\/v2\/users\/2"}],"replies":[{"embeddable":true,"href":"https:\/\/ahmetsavasan.com\/tr_tr\/wp-json\/wp\/v2\/comments?post=19919"}],"version-history":[{"count":1,"href":"https:\/\/ahmetsavasan.com\/tr_tr\/wp-json\/wp\/v2\/posts\/19919\/revisions"}],"predecessor-version":[{"id":19921,"href":"https:\/\/ahmetsavasan.com\/tr_tr\/wp-json\/wp\/v2\/posts\/19919\/revisions\/19921"}],"wp:featuredmedia":[{"embeddable":true,"href":"https:\/\/ahmetsavasan.com\/tr_tr\/wp-json\/wp\/v2\/media\/19920"}],"wp:attachment":[{"href":"https:\/\/ahmetsavasan.com\/tr_tr\/wp-json\/wp\/v2\/media?parent=19919"}],"wp:term":[{"taxonomy":"category","embeddable":true,"href":"https:\/\/ahmetsavasan.com\/tr_tr\/wp-json\/wp\/v2\/categories?post=19919"},{"taxonomy":"post_tag","embeddable":true,"href":"https:\/\/ahmetsavasan.com\/tr_tr\/wp-json\/wp\/v2\/tags?post=19919"}],"curies":[{"name":"wp","href":"https:\/\/api.w.org\/{rel}","templated":true}]}}