{"id":19922,"date":"2016-09-19T08:17:55","date_gmt":"2016-09-19T08:17:55","guid":{"rendered":"https:\/\/ahmetsavasan.com\/?p=19922"},"modified":"2025-08-18T08:19:08","modified_gmt":"2025-08-18T08:19:08","slug":"turizm-bakani-ataoglu-tolun-ve-savasan-ulke-turizmini-degerlendirdi","status":"publish","type":"post","link":"https:\/\/ahmetsavasan.com\/tr_tr\/turizm-bakani-ataoglu-tolun-ve-savasan-ulke-turizmini-degerlendirdi\/","title":{"rendered":"Turizm Bakan\u0131 Atao\u011flu, Tolun ve Sava\u015fan \u00a0\u00fclke turizmini de\u011ferlendirdi.."},"content":{"rendered":"<p><strong>Turizm masaya yat\u0131r\u0131ld\u0131<\/strong><\/p>\n<p><strong>Turizm Bakan\u0131 Atao\u011flu, KITSAB Ba\u015fkan\u0131 Orhan Tolun ve Sa\u011fl\u0131k Turizmi Konseyi Ba\u015fkan\u0131 Ahmet Sava\u015fan kat\u0131ld\u0131klar\u0131 televizyon program\u0131nda \u00fclke turizmini de\u011ferlendirdi.<\/strong><\/p>\n<p>T\u00fcrkiye&#8217;den gelen turist say\u0131s\u0131n\u0131n arzu edilenden d\u00fc\u015f\u00fck oldu\u011funu s\u00f6yleyen Atao\u011flu, &#8220;Bakanl\u0131\u011fa ilk geldi\u011fimizde yapm\u0131\u015f oldu\u011fumuz ara\u015ft\u0131rmada T\u00fcrkiye&#8217;den adam\u0131za gelen turist say\u0131s\u0131n\u0131n memnun edici bir d\u00fczeyde olmad\u0131\u011f\u0131n\u0131 g\u00f6rd\u00fck ve bu say\u0131y\u0131 nas\u0131l artt\u0131rabilece\u011fimiz konusunda \u00e7al\u0131\u015fmaya ba\u015flad\u0131k. Payda\u015flar ile bir araya geldik, pek \u00e7ok toplant\u0131 yapt\u0131k ve g\u00f6rd\u00fck ki T\u00fcrkiye&#8217;de tan\u0131t\u0131m yapmaya ihtiyac\u0131m\u0131z var. Biz de bunun gere\u011fi olarak T\u00fcrkiye \u00e7ap\u0131nda 9 farkl\u0131 b\u00f6lgede turizmden, sa\u011fl\u0131\u011fa, sa\u011fl\u0131ktan in\u015faata pek \u00e7ok alanda \u00fclkemizi tan\u0131tmak i\u00e7in T\u00fcrkiye K\u00fclt\u00fcr ve Turizm Bakanl\u0131\u011f\u0131 ile koordineli olarak tan\u0131t\u0131m faaliyetleri planlad\u0131k&#8221; dedi.<\/p>\n<p><strong>15 Temmuz tan\u0131t\u0131m faaliyetlerimizi darbeledi&#8230;<\/strong><\/p>\n<p>T\u00fcrkiye&#8217;deki tan\u0131t\u0131m faaliyetlerinin \u00e7ok kapsaml\u0131 olarak planland\u0131\u011f\u0131n\u0131 fakat 15 Temmuz kalk\u0131\u015fmas\u0131 ve Suriye olaylar\u0131n\u0131n bu faaliyetleri darbeledi\u011fini anlatan Atao\u011flu, T\u00fcrkiye tan\u0131t\u0131mlar\u0131n\u0131n en k\u0131sa s\u00fcrede ba\u015flat\u0131laca\u011f\u0131n\u0131 s\u00f6yledi.<\/p>\n<p>Dokuz g\u00fcnl\u00fck tatil \u00f6nerisini Bakanlar Kurulu&#8217;na kendisinin g\u00f6t\u00fcrd\u00fc\u011f\u00fcn\u00fc s\u00f6yleyen Bakan Atao\u011flu, T\u00fcrkiye&#8217;de istenmeyen olaylar\u0131n ya\u015fand\u0131\u011f\u0131n\u0131 ve bu ya\u015fananlar\u0131n KKTC Turizm&#8217;ini olumsuz etkiledi\u011fini s\u00f6yleyerek, dokuz g\u00fcnl\u00fck tatilin \u00f6zellikle turizme \u00f6nemli bir katk\u0131 sa\u011flayaca\u011f\u0131na inan\u00e7 belirtti.<\/p>\n<p><strong>T\u00fcrkiye d\u0131\u015f\u0131nda da tan\u0131t\u0131m faaliyetleri artt\u0131r\u0131lacak&#8230;<\/strong><\/p>\n<p>T\u00fcrkiye&#8217;den gelecek turistlere y\u00f6nelik olarak \u00f6zel paketler haz\u0131rlanmas\u0131 i\u00e7in \u00e7al\u0131\u015fmalar\u0131n ba\u015flat\u0131ld\u0131\u011f\u0131n\u0131 s\u00f6yleyen Atao\u011flu, T\u00fcrkiye&#8217;den daha fazla turistin \u00fclkemize gelmesi i\u00e7in sekt\u00f6rle birlikte \u00f6zel kampanyalar d\u00fczenlenerek son aylarda kaybedilen turizm gelirlerinin artt\u0131r\u0131lmaya \u00e7al\u0131\u015f\u0131laca\u011f\u0131na vurgu yapt\u0131. Atao\u011flu ayr\u0131ca, Almanya, \u0130ran, Azerbaycan ve Rusya ba\u015fta olmak \u00fczere pek \u00e7ok \u00fclkede de tan\u0131t\u0131m faaliyetlerinin ba\u015flayaca\u011f\u0131n\u0131 s\u00f6yledi.<\/p>\n<p><strong>Atat\u00fcrk Havaalan\u0131&#8217;nda KKTC kontuar\u0131 a\u00e7\u0131ld\u0131&#8230;<\/strong><\/p>\n<p>15 Temmuz&#8217;dan sonra KKTC&#8217;nin i\u00e7 hatlar gibi muamele g\u00f6rmesi talebinin \u00e7e\u015fitli kesimlerce yeterince anla\u015f\u0131lamad\u0131\u011f\u0131na de\u011finen Atao\u011flu, bu uygulaman\u0131n hem T\u00fcrkiye&#8217;den KKTC&#8217;ye geli\u015fleri kolayla\u015ft\u0131rmak hem de bilet \u00fccretlerini ucuzlatmak i\u00e7in d\u00fc\u015f\u00fcn\u00fcld\u00fc\u011f\u00fcn\u00fc yineledi. 15 Temmuz&#8217;un KKTC&#8217;ye geli\u015fleri de olumsuz etkiledi\u011fini vurgulayan Atao\u011flu, bu olumsuzlu\u011fun ortadan kalkmas\u0131 i\u00e7in Ba\u015fbakan Yard\u0131mc\u0131s\u0131 ve K\u0131br\u0131s \u0130\u015flerinden Sorumlu Bakan Tu\u011frul T\u00fcrke\u015f ve Nabi Avc\u0131&#8217;n\u0131n katk\u0131lar\u0131 ile \u0130stanbul Atat\u00fcrk Havaalan\u0131&#8217;nda KKTC kontuar\u0131 a\u00e7\u0131ld\u0131\u011f\u0131n\u0131 belirtti. Bu kontuar sayesinde KKTC&#8217;ye seyahatlerin kolayla\u015ft\u0131r\u0131ld\u0131\u011f\u0131na de\u011finen Atao\u011flu, bu uygulaman\u0131n T\u00fcrkiye&#8217;de di\u011fer terminallere de yay\u0131lmas\u0131 i\u00e7in giri\u015fim yapt\u0131klar\u0131n\u0131 da s\u00f6zlerine ekledi.<\/p>\n<p><strong>Ama\u00e7 biletlerin ucuzlat\u0131lmas\u0131&#8230;<\/strong><\/p>\n<p>Ercan&#8217;\u0131n i\u00e7 hatlar muamelesi g\u00f6rmesini istemelerinin ana nedenlerinden birinin ise u\u00e7u\u015flar\u0131n i\u00e7 hatlar kategorisine al\u0131narak vergilerin ve konma konaklama gibi \u00fccretlerin belirli bir s\u00fcre i\u00e7in a\u015fa\u011f\u0131ya \u00e7ekilmesi oldu\u011funu vurgulayan Atao\u011flu, \u00fczerinde d\u00fc\u015f\u00fcn\u00fclen uygulama ile KKTC u\u00e7u\u015flar\u0131n\u0131n her zamanki gibi d\u0131\u015f hatlar terminalinden yap\u0131lmas\u0131na kar\u015f\u0131n vergi ve di\u011fer kalemlerde i\u00e7 hatlar kurallar\u0131n\u0131n ge\u00e7erli olaca\u011f\u0131n\u0131 s\u00f6yledi. Bu uygulaman\u0131n 3-6 ayl\u0131k bir d\u00f6nemde ge\u00e7erli olmas\u0131 d\u00fc\u015f\u00fcn\u00fcld\u00fc\u011f\u00fcn\u00fc anlatan Atao\u011flu bunun kabaca T\u00fcrkiye ve KKTC&#8217;ye 11 Milyon gibi bir maliyeti olaca\u011f\u0131n\u0131n da hesapland\u0131\u011f\u0131n\u0131 belirtti.<\/p>\n<p>\u00dclkemize kongreler i\u00e7in geli\u015flerde hi\u00e7 bir sorun olmad\u0131\u011f\u0131n\u0131n alt\u0131n\u0131 \u00e7izen Atao\u011flu, kongreye kat\u0131lacak ki\u015filerin isimlerinin T\u00fcrkiye&#8217;deki KKTC kontuar\u0131na bildirilmesinin yeterli oldu\u011funu s\u00f6yledi.<\/p>\n<p><strong>THY ile \u00f6nemli ad\u0131mlar at\u0131l\u0131yor&#8230;<\/strong><\/p>\n<p>T\u00fcrkiye&#8217;de ya\u015fanan olaylar\u0131n KKTC&#8217;ye en az zarar vermesi noktas\u0131nda T\u00fcrkiye yetkilileri ile yap\u0131lan g\u00f6r\u00fc\u015fmelerin son derece iyi gitti\u011fini ve k\u0131\u015f i\u00e7in \u00f6nlemler ald\u0131klar\u0131n\u0131 anlatan Atao\u011flu, THY ile \u0130skandinav \u00fclkeleri ve \u0130sko\u00e7ya ba\u015fta olmak \u00fczere Kuzey K\u0131br\u0131s&#8217;a T\u00fcrkiye ba\u011flant\u0131l\u0131 u\u00e7u\u015flar\u0131n ba\u015flat\u0131lmas\u0131 noktas\u0131nda \u00f6nemli ilerlemeler kaydedildi\u011fini belirtti. Atao\u011flu ayr\u0131ca bu \u00fclkelerden yap\u0131lacak u\u00e7u\u015flarda yolcular\u0131n u\u00e7aktan inmeden KKTC&#8217;ye getirilmesinin de planland\u0131\u011f\u0131na vurgulad\u0131.<\/p>\n<p>1 May\u0131s&#8217;ta Diyarbak\u0131r ard\u0131ndan da Ordu seferlerinin ba\u015flat\u0131ld\u0131\u011f\u0131n\u0131 s\u00f6yleyen Atao\u011flu, yeni destinasyonlara u\u00e7u\u015flar\u0131n yap\u0131lmas\u0131 i\u00e7in de \u00e7al\u0131\u015ft\u0131klar\u0131n\u0131 anlatt\u0131.<\/p>\n<p><strong>Biletlerde 100 TL ucuzlama hedefleniyor&#8230;<\/strong><\/p>\n<p>Ercan&#8217;\u0131n i\u00e7 hatlar kategorisine al\u0131nmas\u0131yla birlikte bilet fiyatlar\u0131nda 100 TL&#8217;lik bir ucuzlama olaca\u011f\u0131n\u0131n hesapland\u0131\u011f\u0131na de\u011finen KITSAB Ba\u015fkan\u0131 Orhan Tolun da, d\u00fc\u015f\u00fcr\u00fclmesi \u00f6n g\u00f6r\u00fclen vergi ve \u00fccretlerin bir k\u0131sm\u0131n\u0131n KKTC&#8217;den bir k\u0131sm\u0131n\u0131n da TC&#8217;den kaynakland\u0131\u011f\u0131n\u0131 s\u00f6yledi. Tolun, her yolcudan bilet \u00fccretine ek olarak al\u0131nan ve Ercan Havaalan\u0131&#8217;n\u0131 kiralayan \u015firkete s\u00f6zle\u015fme gere\u011fi verilen 15 USD ile konma konaklama \u00fccretlerinin d\u00fc\u015f\u00fcr\u00fclmesi konular\u0131n\u0131n h\u00fck\u00fcmet ile ilgili \u015firket aras\u0131nda tekrardan d\u00fczenlenmesi gerekti\u011fine dikkat \u00e7ekti.<\/p>\n<p>Sekt\u00f6r\u00fcn taleplerinin kar\u015f\u0131lanmas\u0131 konusunda Turizm Bakanl\u0131\u011f\u0131&#8217;n\u0131n iyi niyetli oldu\u011funu ve \u00e7aba harcad\u0131\u011f\u0131n\u0131 ifade eden Orhan Tolun, turizm fonunun 60 Milyon TL olmas\u0131na kar\u015f\u0131n h\u00fck\u00fcmetin Turizm Fonu&#8217;na 19-20 milyon TL aktard\u0131\u011f\u0131n\u0131 geriye kalan\u0131n\u0131n ise cari b\u00fct\u00e7ede kullan\u0131ld\u0131\u011f\u0131n\u0131 s\u00f6yledi. Tolun, \u00fclkede turizm gelirlerinin artt\u0131r\u0131lmas\u0131 i\u00e7in bu fonun t\u00fcm\u00fcn\u00fcn turizm i\u00e7in kullan\u0131lmas\u0131n\u0131n \u00f6nemli oldu\u011funa dikkat \u00e7ekti.<\/p>\n<p><strong>Turizmde %10 gerileme bekliyoruz&#8230;<\/strong><\/p>\n<p>15 Temmuz sonras\u0131 Kuzey K\u0131br\u0131s&#8217;ta turizmin neredeyse dibe vurdu\u011funu an\u0131msatan Tolun, Bakanl\u0131\u011f\u0131n sekt\u00f6r ile birlikte h\u0131zl\u0131 hareket ederek \u00e7e\u015fitli tedbirler ald\u0131\u011f\u0131n\u0131 belirtti. 2016&#8217;n\u0131n ilk alt\u0131 ay\u0131nda ihracatta %28 gerileme oldu\u011funu ifade eden Tolun, turizm sekt\u00f6r\u00fcnde de benzer bir gerileme ya\u015fand\u0131\u011f\u0131n\u0131 s\u00f6yledi.<\/p>\n<p>&nbsp;<\/p>\n","protected":false},"excerpt":{"rendered":"<p>Turizm masaya yat\u0131r\u0131ld\u0131 Turizm Bakan\u0131 Atao\u011flu, KITSAB Ba\u015fkan\u0131 Orhan Tolun ve Sa\u011fl\u0131k Turizmi Konseyi Ba\u015fkan\u0131 Ahmet Sava\u015fan kat\u0131ld\u0131klar\u0131 televizyon program\u0131nda \u00fclke turizmini de\u011ferlendirdi. T\u00fcrkiye&#8217;den gelen turist say\u0131s\u0131n\u0131n arzu edilenden d\u00fc\u015f\u00fck oldu\u011funu s\u00f6yleyen Atao\u011flu, &#8220;Bakanl\u0131\u011fa ilk geldi\u011fimizde yapm\u0131\u015f oldu\u011fumuz ara\u015ft\u0131rmada T\u00fcrkiye&#8217;den adam\u0131za gelen turist say\u0131s\u0131n\u0131n memnun edici bir d\u00fczeyde olmad\u0131\u011f\u0131n\u0131 g\u00f6rd\u00fck ve bu say\u0131y\u0131 nas\u0131l artt\u0131rabilece\u011fimiz [&hellip;]<\/p>\n","protected":false},"author":2,"featured_media":19923,"comment_status":"open","ping_status":"open","sticky":false,"template":"","format":"standard","meta":{"_monsterinsights_skip_tracking":false,"_monsterinsights_sitenote_active":false,"_monsterinsights_sitenote_note":"","_monsterinsights_sitenote_category":0,"footnotes":""},"categories":[102],"tags":[],"class_list":["post-19922","post","type-post","status-publish","format-standard","has-post-thumbnail","hentry","category-haberler"],"aioseo_notices":[],"_links":{"self":[{"href":"https:\/\/ahmetsavasan.com\/tr_tr\/wp-json\/wp\/v2\/posts\/19922","targetHints":{"allow":["GET"]}}],"collection":[{"href":"https:\/\/ahmetsavasan.com\/tr_tr\/wp-json\/wp\/v2\/posts"}],"about":[{"href":"https:\/\/ahmetsavasan.com\/tr_tr\/wp-json\/wp\/v2\/types\/post"}],"author":[{"embeddable":true,"href":"https:\/\/ahmetsavasan.com\/tr_tr\/wp-json\/wp\/v2\/users\/2"}],"replies":[{"embeddable":true,"href":"https:\/\/ahmetsavasan.com\/tr_tr\/wp-json\/wp\/v2\/comments?post=19922"}],"version-history":[{"count":1,"href":"https:\/\/ahmetsavasan.com\/tr_tr\/wp-json\/wp\/v2\/posts\/19922\/revisions"}],"predecessor-version":[{"id":19924,"href":"https:\/\/ahmetsavasan.com\/tr_tr\/wp-json\/wp\/v2\/posts\/19922\/revisions\/19924"}],"wp:featuredmedia":[{"embeddable":true,"href":"https:\/\/ahmetsavasan.com\/tr_tr\/wp-json\/wp\/v2\/media\/19923"}],"wp:attachment":[{"href":"https:\/\/ahmetsavasan.com\/tr_tr\/wp-json\/wp\/v2\/media?parent=19922"}],"wp:term":[{"taxonomy":"category","embeddable":true,"href":"https:\/\/ahmetsavasan.com\/tr_tr\/wp-json\/wp\/v2\/categories?post=19922"},{"taxonomy":"post_tag","embeddable":true,"href":"https:\/\/ahmetsavasan.com\/tr_tr\/wp-json\/wp\/v2\/tags?post=19922"}],"curies":[{"name":"wp","href":"https:\/\/api.w.org\/{rel}","templated":true}]}}