{"id":19946,"date":"2017-11-25T08:32:55","date_gmt":"2017-11-25T08:32:55","guid":{"rendered":"https:\/\/ahmetsavasan.com\/?p=19946"},"modified":"2025-08-18T08:34:19","modified_gmt":"2025-08-18T08:34:19","slug":"gelecek-genclerin-gencler-ise-ogretmenlerin-eseridir","status":"publish","type":"post","link":"https:\/\/ahmetsavasan.com\/tr_tr\/gelecek-genclerin-gencler-ise-ogretmenlerin-eseridir\/","title":{"rendered":"&#8220;Gelecek gen\u00e7lerin, gen\u00e7ler ise \u00f6\u011fretmenlerin eseridir&#8221;"},"content":{"rendered":"<p><strong>Sa\u011fl\u0131k Turizmi Konseyi, K\u0131br\u0131s T\u00fcrk e\u011fitimine \u00f6nemli hizmetleri ge\u00e7en emekli \u00f6\u011fretmen Emir Ali Ba\u015far&#8217;\u0131 \u00d6\u011fretmenler G\u00fcn\u00fc&#8217;nde unutmad\u0131<\/strong><\/p>\n<p>Sa\u011fl\u0131k Turizmi Konseyi Ba\u015fkan\u0131 Ahmet Sava\u015fan ile y\u00f6netim kurulu \u00fcyeleri \u00d6\u011fretmenler G\u00fcn\u00fc dolay\u0131s\u0131yla K\u0131br\u0131s T\u00fcrk e\u011fitimine \u00f6nemli hizmetleri ge\u00e7en emekli \u00f6\u011fretmen Emir Ali Ba\u015far&#8217;\u0131 ziyaret ederek plaket takdim etti. Sava\u015fan ayr\u0131ca K\u0131br\u0131s T\u00fcrk \u00d6\u011fretmenler Derne\u011fi&#8217;ni de ziyaret ederek \u00f6\u011fretmenlerin \u00f6\u011fretmenler g\u00fcn\u00fcn\u00fc kutlad\u0131.<\/p>\n<p>Emekli \u00f6\u011fretmen, ba\u015fm\u00fcfetti\u015f Emir Ali Ba\u015far&#8217;a 35 y\u0131l boyunca e\u011fitime yapt\u0131\u011f\u0131 \u00f6nemli katk\u0131lardan \u00f6t\u00fcr\u00fc te\u015fekk\u00fcr eden Ahmet Sava\u015fan, &#8220;\u00e7ocuklar\u0131m\u0131z\u0131 gelece\u011fe en iyi \u015fekilde haz\u0131rlayarak onlar\u0131; iyiye, g\u00fczele, ayd\u0131nl\u0131\u011fa ve bilgiye ula\u015ft\u0131ran \u00f6\u011fretmenler, \u00fclkemizin y\u00fcksek uygarl\u0131k d\u00fczeyine \u00e7\u0131kmas\u0131, iyi yeti\u015fmi\u015f, donan\u0131ml\u0131 bir neslin olu\u015fmas\u0131 gibi kutsal bir g\u00f6revin sahipleridir&#8221; dedi.<\/p>\n<p>Atat\u00fcrk&#8217;\u00fcn &#8220;e\u011fitimdir ki bir milleti ya h\u00fcr, ba\u011f\u0131ms\u0131z, \u015fanl\u0131, y\u00fcksek bir topluluk halinde ya\u015fat\u0131r; ya da milleti esaret ve sefalete terk eder&#8221; s\u00f6z\u00fcn\u00fc hat\u0131rlatan Ahmet Sava\u015fan, e\u011fitimin insan ve devletlerin ya\u015fam\u0131nda hayati \u00f6neme sahip oldu\u011funun alt\u0131n\u0131 \u00e7izdi.<\/p>\n<p>Bir toplumun \u00fcretti\u011fi bilgi ve k\u00fclt\u00fcr\u00fcn yeni nesillere ancak e\u011fitim sayesinde aktar\u0131labilece\u011fini ifade eden Ahmet Sava\u015fan, tarih boyunca b\u00fcy\u00fck ba\u015far\u0131lara imza atan medeniyetlerin e\u011fitime b\u00fcy\u00fck \u00f6nem verdi\u011fini s\u00f6yledi.<\/p>\n<p>Milletin sayg\u0131n bir yere varmas\u0131nda birinci ko\u015fulun e\u011fitim, en \u00f6nemli akt\u00f6rlerin ise \u00f6\u011fretmenler oldu\u011funun alt\u0131n\u0131 \u00e7izen Ahmet Sava\u015fan, &#8220;gelecek gen\u00e7lerin, gen\u00e7ler ise \u00f6\u011fretmenlerin eseri olacakt\u0131r&#8221; dedi.<\/p>\n<p>Sava\u015fan son olarak &#8220;\u00fclkemizin d\u00f6rt bir yan\u0131nda kendilerini e\u011fitime ve \u00f6\u011fretime adam\u0131\u015f \u00f6\u011fretim \u00fcyesi ve g\u00f6revlilerimiz ile b\u00fct\u00fcn \u00f6\u011fretmenlerimizin 24 Kas\u0131m \u00d6\u011fretmenler G\u00fcn\u00fc&#8217;n\u00fc en i\u00e7ten dileklerimizle kutlar; b\u00fct\u00fcn \u00f6\u011fretmenlerimize sayg\u0131 ve sevgilerimizi sunar\u0131z&#8221; dedi.<\/p>\n<p>Emir Ali Ba\u015far da ziyarette yapt\u0131\u011f\u0131 konu\u015fmada Sa\u011fl\u0131k Turizmi Konseyi Ba\u015fkan\u0131 Ahmet Sava\u015fan&#8217;a \u00f6\u011fretmenlere verdi\u011fi de\u011fer ve insan hayat\u0131yla ilgili konulara g\u00f6sterdi\u011fi duyarl\u0131l\u0131ktan \u00f6t\u00fcr\u00fc te\u015fekk\u00fcr etti.<\/p>\n","protected":false},"excerpt":{"rendered":"<p>Sa\u011fl\u0131k Turizmi Konseyi, K\u0131br\u0131s T\u00fcrk e\u011fitimine \u00f6nemli hizmetleri ge\u00e7en emekli \u00f6\u011fretmen Emir Ali Ba\u015far&#8217;\u0131 \u00d6\u011fretmenler G\u00fcn\u00fc&#8217;nde unutmad\u0131 Sa\u011fl\u0131k Turizmi Konseyi Ba\u015fkan\u0131 Ahmet Sava\u015fan ile y\u00f6netim kurulu \u00fcyeleri \u00d6\u011fretmenler G\u00fcn\u00fc dolay\u0131s\u0131yla K\u0131br\u0131s T\u00fcrk e\u011fitimine \u00f6nemli hizmetleri ge\u00e7en emekli \u00f6\u011fretmen Emir Ali Ba\u015far&#8217;\u0131 ziyaret ederek plaket takdim etti. Sava\u015fan ayr\u0131ca K\u0131br\u0131s T\u00fcrk \u00d6\u011fretmenler Derne\u011fi&#8217;ni de ziyaret ederek [&hellip;]<\/p>\n","protected":false},"author":2,"featured_media":19947,"comment_status":"open","ping_status":"open","sticky":false,"template":"","format":"standard","meta":{"_monsterinsights_skip_tracking":false,"_monsterinsights_sitenote_active":false,"_monsterinsights_sitenote_note":"","_monsterinsights_sitenote_category":0,"footnotes":""},"categories":[102],"tags":[],"class_list":["post-19946","post","type-post","status-publish","format-standard","has-post-thumbnail","hentry","category-haberler"],"aioseo_notices":[],"_links":{"self":[{"href":"https:\/\/ahmetsavasan.com\/tr_tr\/wp-json\/wp\/v2\/posts\/19946","targetHints":{"allow":["GET"]}}],"collection":[{"href":"https:\/\/ahmetsavasan.com\/tr_tr\/wp-json\/wp\/v2\/posts"}],"about":[{"href":"https:\/\/ahmetsavasan.com\/tr_tr\/wp-json\/wp\/v2\/types\/post"}],"author":[{"embeddable":true,"href":"https:\/\/ahmetsavasan.com\/tr_tr\/wp-json\/wp\/v2\/users\/2"}],"replies":[{"embeddable":true,"href":"https:\/\/ahmetsavasan.com\/tr_tr\/wp-json\/wp\/v2\/comments?post=19946"}],"version-history":[{"count":1,"href":"https:\/\/ahmetsavasan.com\/tr_tr\/wp-json\/wp\/v2\/posts\/19946\/revisions"}],"predecessor-version":[{"id":19948,"href":"https:\/\/ahmetsavasan.com\/tr_tr\/wp-json\/wp\/v2\/posts\/19946\/revisions\/19948"}],"wp:featuredmedia":[{"embeddable":true,"href":"https:\/\/ahmetsavasan.com\/tr_tr\/wp-json\/wp\/v2\/media\/19947"}],"wp:attachment":[{"href":"https:\/\/ahmetsavasan.com\/tr_tr\/wp-json\/wp\/v2\/media?parent=19946"}],"wp:term":[{"taxonomy":"category","embeddable":true,"href":"https:\/\/ahmetsavasan.com\/tr_tr\/wp-json\/wp\/v2\/categories?post=19946"},{"taxonomy":"post_tag","embeddable":true,"href":"https:\/\/ahmetsavasan.com\/tr_tr\/wp-json\/wp\/v2\/tags?post=19946"}],"curies":[{"name":"wp","href":"https:\/\/api.w.org\/{rel}","templated":true}]}}