{"id":19963,"date":"2019-10-21T08:45:15","date_gmt":"2019-10-21T08:45:15","guid":{"rendered":"https:\/\/ahmetsavasan.com\/?p=19963"},"modified":"2025-08-18T08:46:28","modified_gmt":"2025-08-18T08:46:28","slug":"dr-ahmet-savasan-basbakanlik-basdanismani-oldu-2","status":"publish","type":"post","link":"https:\/\/ahmetsavasan.com\/tr_tr\/dr-ahmet-savasan-basbakanlik-basdanismani-oldu-2\/","title":{"rendered":"Dr. Ahmet Sava\u015fan Ba\u015fbakanl\u0131k Ba\u015fdan\u0131\u015fman\u0131 oldu"},"content":{"rendered":"<p><strong>Turizm ve Y\u00fcksek\u00f6\u011frenimin Devlet Politikas\u0131 olarak s\u00fcrd\u00fcr\u00fclebilir bir yap\u0131ya kavu\u015fturulabilmesi, ayr\u0131ca gerekli koordinasyonun sa\u011flanmas\u0131na y\u00f6nelik bir yap\u0131n\u0131n olu\u015fturulmas\u0131n\u0131 temin etmek \u00fczere Bakanlar Kurulu karar\u0131 ile Ba\u015fbakanl\u0131\u011fa \u00dcst D\u00fczey Y\u00f6netici olarak atanan Dr. Ahmet Sava\u015fan, h\u00fck\u00fcmetin hedefinin turizm ile y\u00fcksek\u00f6\u011frenimden elde edilen gelirleri \u00e7o\u011faltmak ve \u00fclke insan\u0131n\u0131n refah\u0131n\u0131 art\u0131rmak oldu\u011funu vurgulad\u0131.<\/strong><\/p>\n<p><strong>H\u00fck\u00fcmet tarihi bir ad\u0131m atm\u0131\u015ft\u0131r&#8230;<\/strong><\/p>\n<p>Ba\u015fbakan Ersin Tatar ba\u015fta olmak \u00fczere h\u00fck\u00fcmetin b\u00fct\u00fcn bakanlar\u0131n\u0131n turizm ve y\u00fcksek\u00f6\u011frenimin \u00fclke ekonomisi i\u00e7in ne anlama geldi\u011fini \u00e7ok iyi bildi\u011fini ifade eden Sava\u015fan, son y\u0131llarda payda\u015flar\u0131n da turizm ve y\u00fcksek\u00f6\u011frenimin Devlet politikas\u0131 olmas\u0131 ve s\u00fcrd\u00fcr\u00fclebilir bir yap\u0131ya kavu\u015fturulmas\u0131n\u0131 talep etti\u011fine dikkat \u00e7ekti. Bu iki alan\u0131n Devlet Politikas\u0131 olabilmesine y\u00f6nelik ilk defa bir h\u00fck\u00fcmetin Bakanlar Kurulu karar\u0131 \u00fcretti\u011fine dikkat \u00e7eken Sava\u015fan, &#8220;Bakanlar Kurulumuz ald\u0131\u011f\u0131 bu karar ile tarihi bir ad\u0131m atm\u0131\u015ft\u0131r&#8221; \u015feklinde konu\u015ftu.<\/p>\n<p><strong>Payda\u015flar\u0131n talepleri g\u00f6z \u00f6n\u00fcnde tutulacak&#8230;<\/strong><\/p>\n<p>KKTC&#8217;nin ithalat\u0131n\u0131n 1,778 milyar USD, ihracat\u0131n\u0131n 105 milyon USD, d\u0131\u015f ticaret a\u00e7\u0131\u011f\u0131n\u0131n ise 1,672 milyar USD oldu\u011funa dikkat \u00e7eken Dr. Ahmet Sava\u015fan, \u00fclkede en \u00e7ok gelirin 865 milyon USD ile turizmden, ard\u0131ndan ise 765 milyon USD ile y\u00fcksek \u00f6\u011frenimden elde edildi\u011fini s\u00f6yledi.<\/p>\n<p>H\u00fck\u00fcmetin gerek ekonomik verileri gerekse de payda\u015flar\u0131n taleplerini g\u00f6z \u00f6n\u00fcnde tutarak hareket etti\u011fini s\u00f6yleyen Ahmet Sava\u015fan, h\u00fck\u00fcmetin siyasi kararl\u0131l\u0131\u011f\u0131 ve payda\u015flar\u0131n olumlu katk\u0131lar\u0131 ile Ba\u015fbakanl\u0131k Ba\u015fdan\u0131\u015fman\u0131 s\u0131fat\u0131 ile y\u00fcr\u00fctece\u011fi koordinat\u00f6rl\u00fck \u00e7al\u0131\u015fmalar\u0131 ile 5 y\u0131l sonunda turizm ve y\u00fcksek\u00f6\u011frenimden elde edilecek gelirin bu g\u00fcn\u00fcn iki kat\u0131na \u00e7\u0131karak 3 milyar USD seviyelerine ula\u015fmas\u0131n\u0131n m\u00fcmk\u00fcn olaca\u011f\u0131n\u0131 vurgulad\u0131.<\/p>\n<p><strong>Hedef; s\u00fcrd\u00fcr\u00fclebilir ve sorumlu turizm&#8230;<\/strong><\/p>\n<p>&#8220;\u0130\u00e7inde ya\u015fad\u0131\u011f\u0131m\u0131z t\u00fcketim ve teknoloji \u00e7a\u011f\u0131n\u0131n ba\u015f d\u00f6nd\u00fcr\u00fcc\u00fc h\u0131z\u0131 ve neredeyse \u00f6zel hayatlar\u0131m\u0131z\u0131 istila eden bombard\u0131man\u0131, bizleri biraz daha yava\u015f ve sindirerek ya\u015famaya, daha anlaml\u0131 ve doyurucu deneyimler aramaya y\u00f6nelterek, daha bilin\u00e7li birer gezgine d\u00f6n\u00fc\u015ft\u00fcr\u00fcyor&#8221; diyen Ahmet Sava\u015fan, turizm sekt\u00f6r\u00fcnde trendin de\u011fi\u015fti\u011fine i\u015faret etti.<\/p>\n<p>Bilin\u00e7li turistlerin tatil destinasyonlar\u0131n\u0131 art\u0131k s\u00fcrd\u00fcr\u00fclebilir ve sorumlu turizmi destekleyen \u00fclkeler aras\u0131ndan se\u00e7ti\u011fine i\u015faret eden Sava\u015fan, insanlar\u0131n ziyaret ettikleri b\u00f6lgenin yerel halk\u0131 ile ya\u015fayarak \u00fclkenin k\u00fclt\u00fcr\u00fcne yak\u0131ndan tan\u0131kl\u0131k etmeyi tercih etti\u011fini s\u00f6yledi. Sava\u015fan, bu e\u011filimleri benimseyen \u00fclkelerin say\u0131s\u0131n\u0131n ise her ge\u00e7en g\u00fcn artt\u0131\u011f\u0131na i\u015faret etti.<\/p>\n<p><strong>Dijital pazarlaman\u0131n \u00f6nemi art\u0131yor&#8230;<\/strong><\/p>\n<p>Daha fazla gelir b\u0131rakan turizm \u00e7e\u015fitlerinin geli\u015ftirilmesi, konaklama s\u00fcresinin uzat\u0131lmas\u0131, konaklama d\u0131\u015f\u0131 harcama alanlar\u0131n\u0131n yarat\u0131lmas\u0131 ve harcama e\u011filimi y\u00fcksek ziyaret\u00e7ilere ula\u015f\u0131lmas\u0131 yoluyla ki\u015fi ba\u015f\u0131 harcaman\u0131n art\u0131r\u0131lmas\u0131 i\u00e7in Turizm ve \u00c7evre Bakanl\u0131\u011f\u0131&#8217;n\u0131n sekt\u00f6r ile birlikte \u00e7al\u0131\u015ft\u0131\u011f\u0131n\u0131 ifade eden Sava\u015fan, gastronomi, golf, sa\u011fl\u0131k, kruvaziyer, d\u00fc\u011f\u00fcn, inan\u00e7, kongre ve al\u0131\u015fveri\u015f gibi daha fazla gelir b\u0131rakan turizm \u00e7e\u015fitlerine y\u00f6nelik talebin y\u00fcksek oldu\u011fu pazarlar\u0131n tespit edilerek bu \u00fclkelerden ziyaret\u00e7i say\u0131s\u0131n\u0131n art\u0131r\u0131lmas\u0131 i\u00e7in dijital pazarlamaya \u00f6nem verilmesi gerekti\u011fini vurgulad\u0131.<\/p>\n<p><strong>Yerel i\u015f g\u00fcc\u00fc ve yerli \u00fcr\u00fcn kullan\u0131m\u0131 art\u0131r\u0131lmal\u0131&#8230;<\/strong><\/p>\n<p>Ayr\u0131ca turizm sekt\u00f6r\u00fcne ili\u015fkin da\u011f\u0131n\u0131k haldeki mevzuat\u0131n g\u00fcn\u00fcm\u00fcz\u00fcn ihtiya\u00e7lar\u0131na g\u00f6re g\u00f6zden ge\u00e7irilmesi gerekti\u011fine de dikkat \u00e7eken Dr. Ahmet Sava\u015fan, turizm hizmetlerinin \u00e7e\u015fitlendirilmesi, yat\u0131r\u0131mlar\u0131n desteklenmesi, turizm i\u015fletmecili\u011finin te\u015fvik edilmesi ve sekt\u00f6r \u00fczerindeki maliyetlerin azalt\u0131lmas\u0131 ile yerel i\u015f g\u00fcc\u00fc ve yerli \u00fcr\u00fcn kullan\u0131m\u0131 konular\u0131nda da gerekli ad\u0131mlar\u0131n at\u0131lmas\u0131 gerekti\u011fini s\u00f6yledi.<\/p>\n<p><strong>E\u011fitim Turizmi 2025&#8217;de 300 milyar dolara yakla\u015facak&#8230;<\/strong><\/p>\n<p>&#8220;Bir \u00fclkenin b\u00fcy\u00fcmesi ve \u00f6zg\u00fcrl\u00fc\u011f\u00fc g\u00fc\u00e7l\u00fc ekonomiden; g\u00fc\u00e7l\u00fc ekonomi ise y\u00fcksek oranda ihracattan ge\u00e7er&#8221; diyen Ahmet Sava\u015fan, D\u00fcnya&#8217;daki y\u0131ll\u0131k k\u00fcresel mal ticaretinin 17-18 trilyon USD, hizmet ticaretinin ise 5 trilyon USD oldu\u011funa dikkat \u00e7ekti.<\/p>\n<p>2025 y\u0131l\u0131nda D\u00fcnya&#8217;daki uluslararas\u0131 \u00f6\u011frenci say\u0131s\u0131n\u0131n 7.2 milyon olaca\u011f\u0131n\u0131n tahmin edildi\u011fine i\u015faret eden Sava\u015fan, E\u011fitim Turizmi sekt\u00f6r\u00fcnde d\u00f6nen cironun bug\u00fcn 100 milyar dolar iken 2025 y\u0131l\u0131nda 300 milyar dolara yakla\u015faca\u011f\u0131n\u0131n tahmin edildi\u011fini vurgulad\u0131.<\/p>\n<p><strong>Kalite, markala\u015fma, tan\u0131t\u0131m ve s\u00fcrd\u00fcr\u00fclebilirli\u011fi \u00e7\u00f6zmeliyiz&#8230;<\/strong><\/p>\n<p><strong>\u00a0<\/strong><\/p>\n<p>KKTC\u2019de y\u00fcksek \u00f6\u011frenim sekt\u00f6r\u00fc dendi\u011finde e\u011fitim turizminden s\u00f6z edildi\u011fine i\u015faret eden Ahmet Sava\u015fan, \u2018E\u011fitim Turizmi b\u00fct\u00fcn \u00fclkelerde oldu\u011fu gibi bizim i\u00e7in de hizmet ihracat\u0131, e\u011fitim kurumlar\u0131m\u0131z\u0131n uluslararas\u0131la\u015fmas\u0131, k\u00fclt\u00fcrler aras\u0131 diyalog, uluslararas\u0131 ticaretin geli\u015ftirilmesi ve \u00fclkemizin di\u011fer \u00fclkelerdeki stratejik konumunun g\u00fc\u00e7lenmesi i\u00e7in \u00e7ok \u00f6nemli bir sekt\u00f6rd\u00fcr. Bu sekt\u00f6r\u00fcn geli\u015fmesi ve orta vadede hedeflenecek gelire ula\u015f\u0131labilmesi i\u00e7in kaliteli e\u011fitim sistemi, kurumlar aras\u0131\u00a0 koordinasyon, \u00fcniversiteler, di\u011fer e\u011fitim kurumlar\u0131 ve ilgili sivil toplum kurulu\u015flar\u0131 ile i\u015fbirli\u011finin \u015fart oldu\u011funa dikkat \u00e7ekti. E\u011fitim turizminde, b\u00f6lgemizdeki ba\u015frol oyuncular\u0131 aras\u0131nda yer almak istiyorsak kalite, markala\u015fma, tan\u0131t\u0131m ve s\u00fcrd\u00fcr\u00fclebilirli\u011fi \u00e7\u00f6zmemiz gerekiyor\u2019 \u015feklinde konu\u015ftu.<\/p>\n<p>&nbsp;<\/p>\n<p>&nbsp;<\/p>\n","protected":false},"excerpt":{"rendered":"<p>Turizm ve Y\u00fcksek\u00f6\u011frenimin Devlet Politikas\u0131 olarak s\u00fcrd\u00fcr\u00fclebilir bir yap\u0131ya kavu\u015fturulabilmesi, ayr\u0131ca gerekli koordinasyonun sa\u011flanmas\u0131na y\u00f6nelik bir yap\u0131n\u0131n olu\u015fturulmas\u0131n\u0131 temin etmek \u00fczere Bakanlar Kurulu karar\u0131 ile Ba\u015fbakanl\u0131\u011fa \u00dcst D\u00fczey Y\u00f6netici olarak atanan Dr. Ahmet Sava\u015fan, h\u00fck\u00fcmetin hedefinin turizm ile y\u00fcksek\u00f6\u011frenimden elde edilen gelirleri \u00e7o\u011faltmak ve \u00fclke insan\u0131n\u0131n refah\u0131n\u0131 art\u0131rmak oldu\u011funu vurgulad\u0131. H\u00fck\u00fcmet tarihi bir ad\u0131m atm\u0131\u015ft\u0131r&#8230; [&hellip;]<\/p>\n","protected":false},"author":2,"featured_media":19964,"comment_status":"open","ping_status":"open","sticky":false,"template":"","format":"standard","meta":{"_monsterinsights_skip_tracking":false,"_monsterinsights_sitenote_active":false,"_monsterinsights_sitenote_note":"","_monsterinsights_sitenote_category":0,"footnotes":""},"categories":[102],"tags":[],"class_list":["post-19963","post","type-post","status-publish","format-standard","has-post-thumbnail","hentry","category-haberler"],"aioseo_notices":[],"_links":{"self":[{"href":"https:\/\/ahmetsavasan.com\/tr_tr\/wp-json\/wp\/v2\/posts\/19963","targetHints":{"allow":["GET"]}}],"collection":[{"href":"https:\/\/ahmetsavasan.com\/tr_tr\/wp-json\/wp\/v2\/posts"}],"about":[{"href":"https:\/\/ahmetsavasan.com\/tr_tr\/wp-json\/wp\/v2\/types\/post"}],"author":[{"embeddable":true,"href":"https:\/\/ahmetsavasan.com\/tr_tr\/wp-json\/wp\/v2\/users\/2"}],"replies":[{"embeddable":true,"href":"https:\/\/ahmetsavasan.com\/tr_tr\/wp-json\/wp\/v2\/comments?post=19963"}],"version-history":[{"count":1,"href":"https:\/\/ahmetsavasan.com\/tr_tr\/wp-json\/wp\/v2\/posts\/19963\/revisions"}],"predecessor-version":[{"id":19965,"href":"https:\/\/ahmetsavasan.com\/tr_tr\/wp-json\/wp\/v2\/posts\/19963\/revisions\/19965"}],"wp:featuredmedia":[{"embeddable":true,"href":"https:\/\/ahmetsavasan.com\/tr_tr\/wp-json\/wp\/v2\/media\/19964"}],"wp:attachment":[{"href":"https:\/\/ahmetsavasan.com\/tr_tr\/wp-json\/wp\/v2\/media?parent=19963"}],"wp:term":[{"taxonomy":"category","embeddable":true,"href":"https:\/\/ahmetsavasan.com\/tr_tr\/wp-json\/wp\/v2\/categories?post=19963"},{"taxonomy":"post_tag","embeddable":true,"href":"https:\/\/ahmetsavasan.com\/tr_tr\/wp-json\/wp\/v2\/tags?post=19963"}],"curies":[{"name":"wp","href":"https:\/\/api.w.org\/{rel}","templated":true}]}}