{"id":19998,"date":"2018-11-10T07:48:00","date_gmt":"2018-11-10T07:48:00","guid":{"rendered":"https:\/\/ahmetsavasan.com\/?p=19998"},"modified":"2025-09-01T10:26:34","modified_gmt":"2025-09-01T10:26:34","slug":"savasan-lefkosa-maratonu-sosyal-sorumluluk-bilincinin-gelismesine-katki-yapiyore","status":"publish","type":"post","link":"https:\/\/ahmetsavasan.com\/tr_tr\/savasan-lefkosa-maratonu-sosyal-sorumluluk-bilincinin-gelismesine-katki-yapiyore\/","title":{"rendered":"Sava\u015fan: &#8220;Lefko\u015fa Maratonu, sosyal sorumluluk bilincinin geli\u015fmesine katk\u0131 yap\u0131yor&#8221;e"},"content":{"rendered":"<p>Konseyden yap\u0131lan a\u00e7\u0131klamaya g\u00f6re; K\u0131br\u0131s Sa\u011fl\u0131k Turizmi Konseyi Ba\u015fkan\u0131 Yrd. Do\u00e7. Dr.\u00a0<a href=\"https:\/\/www.kibrispostasi.com\/keyword\/8\" target=\"_blank\" rel=\"noopener\"><span class=\"marked\">Ahmet Sava\u015fan<\/span><\/a>, Serbest \u00c7al\u0131\u015fan Hekimler Birli\u011fi Ba\u015fkan\u0131 ve Konsey YK \u00dcyesi Dr. Remzi Gardiyano\u011flu, \u00d6zel Hastaneler Birli\u011fi Ba\u015fkan\u0131 ve Konsey YK \u00dcyesi Dr. Hayat \u0130zel ile konseyin \u00e7e\u015fitli kurullar\u0131nda g\u00f6rev yapan y\u00f6neticilerin LTB&#8217;yi ziyaret ederek &#8220;Lefko\u015fa Turkcell&#8217;le Ko\u015fuyor Payla\u015f\u0131m Art\u0131yor&#8221; slogan\u0131yla ger\u00e7ekle\u015ftirilecek maratona destek verdi\u011fi bildirildi.<\/p>\n<p><strong>Pek \u00e7ok sorumlu kurum, kurulu\u015f ve bireyle birlikte destek vermekten mutluyuz&#8230;<\/strong><\/p>\n<p>Sa\u011fl\u0131k Turizmi Konseyi&#8217;nin, LTB&#8217;nin son y\u0131llarda hayvan bar\u0131na\u011f\u0131, \u00f6zel gereksinimli bireylere engelsiz ara\u00e7, l\u00f6semili \u00e7ocuklar ve SOS \u00c7ocuk K\u00f6y\u00fc yarar\u0131 i\u00e7in d\u00fczenledi\u011fi etkinliklere kat\u0131ld\u0131\u011f\u0131n\u0131 belirten Konsey Ba\u015fkan\u0131\u00a0<a href=\"https:\/\/www.kibrispostasi.com\/keyword\/8\" target=\"_blank\" rel=\"noopener\"><span class=\"marked\">Ahmet Sava\u015fan<\/span><\/a>, bu y\u0131l da ihtiya\u00e7l\u0131 bireylere \u00fccretsiz yemek da\u011f\u0131t\u0131m\u0131nda kullan\u0131lmak \u00fczere Payla\u015f\u0131m Mutfa\u011f\u0131&#8217;na ara\u00e7 al\u0131nmas\u0131 amac\u0131yla ger\u00e7ekle\u015ftirilecek maratona KKTC&#8217;deki pek \u00e7ok sorumlu kurum, kurulu\u015f ve bireyle birlikte destek vermekten duyduklar\u0131 mutlulu\u011fu dile getirdi.<\/p>\n<p><strong>Sosyal sorumluluk bilincinin geli\u015fmesinde STK&#8217;lara b\u00fcy\u00fck g\u00f6revler d\u00fc\u015f\u00fcyor&#8230;<\/strong><\/p>\n<p>D\u00fcnya&#8217;n\u0131n ekonomik kalk\u0131nmas\u0131ndaki sorunlar\u0131n bireylerin geli\u015fimini ve toplumun yap\u0131s\u0131n\u0131 her ge\u00e7en g\u00fcn de\u011fi\u015ftirdi\u011fini ifade eden Sava\u015fan, &#8220;her kurumsal yap\u0131 kendisi d\u0131\u015f\u0131ndaki alanda toplumsal bir sorumlulu\u011fa sahiptir. Belirli sorunlar\u0131n \u00e7\u00f6z\u00fcm\u00fcn\u00fc ger\u00e7ekle\u015ftirmek, kalk\u0131nmay\u0131 sa\u011flamak, topluluklar\u0131n geli\u015fimine katk\u0131da bulunmak, kamu kurum ve kurulu\u015flar\u0131n\u0131n temel g\u00f6revleri olmakla beraber, \u00f6zel sekt\u00f6r ve Sivil Toplum \u00d6rg\u00fctlerine (STK) de bu konuda \u00f6nemli g\u00f6revler d\u00fc\u015fmektedir. Hatta bu \u00fc\u00e7 farkl\u0131 sekt\u00f6r\u00fcn, \u00f6zel sekt\u00f6r, sivil toplum kurulu\u015flar\u0131 ve kamu i\u015fbirli\u011finin sa\u011flanarak sosyal sorumluluk alan\u0131n\u0131n geni\u015fletilmesi, gelecekte g\u00fc\u00e7l\u00fc, kalk\u0131nmay\u0131 ve refah\u0131 sa\u011flayan, s\u00fcrd\u00fcr\u00fclebilir toplumsal yap\u0131lar\u0131n ve ili\u015fkilerin olu\u015fmas\u0131 i\u00e7in elzemdir&#8221; diye konu\u015ftu.<\/p>\n<p>Konsey yetkililerine LTB Asba\u015fkan\u0131 Ak\u0131n Aktun\u00e7 ve Meclis \u00dcyesi H\u00fcseyin Kavaz&#8217;\u0131n e\u015flik etti\u011fine yer verilen a\u00e7\u0131klamada, Ba\u015fkan\u00a0<a href=\"https:\/\/www.kibrispostasi.com\/keyword\/8\" target=\"_blank\" rel=\"noopener\"><span class=\"marked\">Ahmet Sava\u015fan<\/span><\/a>&#8216;\u0131n \u00fclkede sosyal sorumluluk bilincinin geli\u015fmesine b\u00fcy\u00fck katk\u0131s\u0131 bulunan b\u00f6ylesi \u00f6nemli etkinliklere hayat verdikleri i\u00e7in, LTB Ba\u015fkan\u0131 Harmanc\u0131 nezdinde b\u00fct\u00fcn Belediye \u00c7al\u0131\u015fanlar\u0131na, Turkcell ile di\u011fer sponsorlara ve eme\u011fi ge\u00e7en herkese te\u015fekk\u00fcr etti\u011fi bildirildi.<\/p>\n","protected":false},"excerpt":{"rendered":"<p>Konseyden yap\u0131lan a\u00e7\u0131klamaya g\u00f6re; K\u0131br\u0131s Sa\u011fl\u0131k Turizmi Konseyi Ba\u015fkan\u0131 Yrd. Do\u00e7. Dr.\u00a0Ahmet Sava\u015fan, Serbest \u00c7al\u0131\u015fan Hekimler Birli\u011fi Ba\u015fkan\u0131 ve Konsey YK \u00dcyesi Dr. Remzi Gardiyano\u011flu, \u00d6zel Hastaneler Birli\u011fi Ba\u015fkan\u0131 ve Konsey YK \u00dcyesi Dr. Hayat \u0130zel ile konseyin \u00e7e\u015fitli kurullar\u0131nda g\u00f6rev yapan y\u00f6neticilerin LTB&#8217;yi ziyaret ederek &#8220;Lefko\u015fa Turkcell&#8217;le Ko\u015fuyor Payla\u015f\u0131m Art\u0131yor&#8221; slogan\u0131yla ger\u00e7ekle\u015ftirilecek maratona destek [&hellip;]<\/p>\n","protected":false},"author":4,"featured_media":19999,"comment_status":"open","ping_status":"open","sticky":false,"template":"","format":"standard","meta":{"_monsterinsights_skip_tracking":false,"_monsterinsights_sitenote_active":false,"_monsterinsights_sitenote_note":"","_monsterinsights_sitenote_category":0,"footnotes":""},"categories":[140],"tags":[],"class_list":["post-19998","post","type-post","status-publish","format-standard","has-post-thumbnail","hentry","category-chtc"],"aioseo_notices":[],"_links":{"self":[{"href":"https:\/\/ahmetsavasan.com\/tr_tr\/wp-json\/wp\/v2\/posts\/19998","targetHints":{"allow":["GET"]}}],"collection":[{"href":"https:\/\/ahmetsavasan.com\/tr_tr\/wp-json\/wp\/v2\/posts"}],"about":[{"href":"https:\/\/ahmetsavasan.com\/tr_tr\/wp-json\/wp\/v2\/types\/post"}],"author":[{"embeddable":true,"href":"https:\/\/ahmetsavasan.com\/tr_tr\/wp-json\/wp\/v2\/users\/4"}],"replies":[{"embeddable":true,"href":"https:\/\/ahmetsavasan.com\/tr_tr\/wp-json\/wp\/v2\/comments?post=19998"}],"version-history":[{"count":1,"href":"https:\/\/ahmetsavasan.com\/tr_tr\/wp-json\/wp\/v2\/posts\/19998\/revisions"}],"predecessor-version":[{"id":20000,"href":"https:\/\/ahmetsavasan.com\/tr_tr\/wp-json\/wp\/v2\/posts\/19998\/revisions\/20000"}],"wp:featuredmedia":[{"embeddable":true,"href":"https:\/\/ahmetsavasan.com\/tr_tr\/wp-json\/wp\/v2\/media\/19999"}],"wp:attachment":[{"href":"https:\/\/ahmetsavasan.com\/tr_tr\/wp-json\/wp\/v2\/media?parent=19998"}],"wp:term":[{"taxonomy":"category","embeddable":true,"href":"https:\/\/ahmetsavasan.com\/tr_tr\/wp-json\/wp\/v2\/categories?post=19998"},{"taxonomy":"post_tag","embeddable":true,"href":"https:\/\/ahmetsavasan.com\/tr_tr\/wp-json\/wp\/v2\/tags?post=19998"}],"curies":[{"name":"wp","href":"https:\/\/api.w.org\/{rel}","templated":true}]}}