{"id":20010,"date":"2016-10-21T08:04:19","date_gmt":"2016-10-21T08:04:19","guid":{"rendered":"https:\/\/ahmetsavasan.com\/?p=20010"},"modified":"2025-09-01T09:34:44","modified_gmt":"2025-09-01T09:34:44","slug":"savasan-kuzey-kibris-saglik-turizminde-gelecek-vadeden-destinasyonlardan-biri","status":"publish","type":"post","link":"https:\/\/ahmetsavasan.com\/tr_tr\/savasan-kuzey-kibris-saglik-turizminde-gelecek-vadeden-destinasyonlardan-biri\/","title":{"rendered":"Sava\u015fan: &#8220;Kuzey K\u0131br\u0131s Sa\u011fl\u0131k Turizmi&#8217;nde gelecek vadeden destinasyonlardan biri&#8221;"},"content":{"rendered":"<h2>D\u00fcnya&#8217;da b\u00fcy\u00fck ilgi g\u00f6ren sa\u011fl\u0131k turizmi alan\u0131nda uluslararas\u0131 i\u015fbirli\u011finin geli\u015ftirilmesi amac\u0131yla, T.C. Sa\u011fl\u0131k Bakanl\u0131\u011f\u0131 himayesinde Ankara&#8217;da ger\u00e7ekle\u015ftirilen ve otuzdan fazla \u00fclkeden sekt\u00f6r\u00fcn liderlerini, karar al\u0131c\u0131lar\u0131n\u0131, uzmanlar\u0131n\u0131 ve arac\u0131 kurumlar\u0131n\u0131 biraraya getiren Global Sa\u011fl\u0131k Turizmi Zirvesi&#8217;ne katalan K\u0131br\u0131s Sa\u011fl\u0131k Turizmi Konseyi Kurucu Ba\u015fkan\u0131 Ahmet Sava\u015fan, Sa\u011fl\u0131k Turizmi&#8217;nde gelecek vadeden pazarlar oturumunda Kuzey K\u0131br\u0131s&#8217;\u0131 tan\u0131tt\u0131.<\/h2>\n<p>&nbsp;<\/p>\n<p>D\u00fcnya&#8217;da b\u00fcy\u00fck ilgi g\u00f6ren sa\u011fl\u0131k turizmi alan\u0131nda uluslararas\u0131 i\u015fbirli\u011finin geli\u015ftirilmesi amac\u0131yla, T.C. Sa\u011fl\u0131k Bakanl\u0131\u011f\u0131 himayesinde Ankara&#8217;da ger\u00e7ekle\u015ftirilen ve otuzdan fazla \u00fclkeden sekt\u00f6r\u00fcn liderlerini, karar al\u0131c\u0131lar\u0131n\u0131, uzmanlar\u0131n\u0131 ve arac\u0131 kurumlar\u0131n\u0131 biraraya getiren Global Sa\u011fl\u0131k Turizmi Zirvesi&#8217;ne katalan K\u0131br\u0131s Sa\u011fl\u0131k Turizmi Konseyi Kurucu Ba\u015fkan\u0131\u00a0<a href=\"https:\/\/www.kibrispostasi.com\/keyword\/8\" target=\"_blank\" rel=\"noopener\"><span class=\"marked\">Ahmet Sava\u015fan<\/span><\/a>, Sa\u011fl\u0131k Turizmi&#8217;nde gelecek vadeden pazarlar oturumunda Kuzey K\u0131br\u0131s&#8217;\u0131 tan\u0131tt\u0131.<\/p>\n<div><\/div>\n<div><strong>KIBRIS CAZ\u0130BES\u0130N\u0130 H\u0130\u00c7 KAYBETMEM\u0130\u015eT\u0130R&#8230;<\/strong><\/div>\n<p>Tarihin her d\u00f6neminde stratejik, politik, ticari ve dini sebeplerle cazibesini hi\u00e7 kaybetmemi\u015f Akdeniz&#8217;in \u00fc\u00e7\u00fcnc\u00fc b\u00fcy\u00fck adas\u0131 K\u0131br\u0131s&#8217;\u0131n, Leonardo da Vinci&#8217;yi derinden etkileyen nak\u0131\u015flar\u0131n anavatan\u0131 oldu\u011funu s\u00f6yleyerek konu\u015fmas\u0131na ba\u015flayan\u00a0<a href=\"https:\/\/www.kibrispostasi.com\/keyword\/8\" target=\"_blank\" rel=\"noopener\"><span class=\"marked\">Ahmet Sava\u015fan<\/span><\/a>, K\u0131br\u0131s&#8217;\u0131n D\u00fcnya&#8217;ca \u00fcnl\u00fc sanat\u00e7\u0131 Skakespeare ile Walt Disney&#8217;in eserlerine ilham verdi\u011fini ve ayr\u0131ca Kleopatra&#8217;ya da hediye edildi\u011fini anlatt\u0131.<\/p>\n<p><strong>YASAL VE ALT YAPI \u00c7ALI\u015eMALARI YAPILIYOR&#8230;<\/strong><\/p>\n<p>Konu\u015fmas\u0131nda g\u00fcn\u00fcm\u00fcz D\u00fcnyas\u0131&#8217;nda &#8220;yeni nesil turizm&#8221; anlay\u0131\u015f\u0131n\u0131n geli\u015fti\u011fini, bu anlay\u0131\u015f\u0131n ise, global geli\u015fmeleri izleyen, rekabet\u00e7ili\u011fi, \u00e7a\u011fda\u015f \u00f6rg\u00fctlenmeyi, \u00e7evreye ve b\u00f6lgeselli\u011fe uyumlulu\u011fu, internet teknolojisi kullanmay\u0131 ve kendini yenileyebilen \u00f6zelliklere sahip verimli bir turizm tarz\u0131 olu\u015fturmay\u0131 zorunlu k\u0131ld\u0131\u011f\u0131na de\u011finen Sava\u015fan, Kuzey K\u0131br\u0131s T\u00fcrk Cumhuriyeti&#8217;nde deniz, g\u00fcne\u015f ve kum ile tarif edilen kitle turizmine ek, alternatif turizme y\u00f6nelindi\u011fini, bu kapsamda ba\u015fta sa\u011fl\u0131k turizmi olmak \u00fczere s\u00fcrd\u00fcr\u00fclebilir turizm \u00e7e\u015fitlerinin \u00fclkeye kazand\u0131r\u0131lmas\u0131 i\u00e7in Turizm ve Sa\u011fl\u0131k Bakanl\u0131klar\u0131&#8217;n\u0131n te\u015fvik edici rol \u00fcstlendi\u011fini ve gereken yasal \u00e7al\u0131\u015fmalar\u0131 da hayata ge\u00e7irmeye ba\u015flad\u0131\u011f\u0131n\u0131 vurgulad\u0131.<\/p>\n<p><strong>KUZEY KIBRIS GELECEK VADEDEN DEST\u0130NASYONLAR ARASINDA&#8230;<\/strong><\/p>\n<p>Sava\u015fan co\u011frafi konumu, misafirperver ve a\u00e7\u0131k elli insanlar\u0131, on bin y\u0131ll\u0131k g\u00fc\u00e7l\u00fc tarihsel damarlar\u0131, turistik zenginlikleri yan\u0131s\u0131ra, kaliteli \u00f6zel hastaneleri ve t\u00fcp bebek merkezlerindeki son teknoloji cihazlar\u0131, g\u00fcncel bilgi kullanan uzman hekimleri, uluslararas\u0131 akreditasyonlar\u0131na ek otellerinde sundu\u011fu medikal masaj, spa uygulamalar\u0131, ya\u015fl\u0131-engelli turizminde sahip oldu\u011fu potansiyeli ile birle\u015ftirdi\u011fi fiyat avantajlar\u0131 sayesinde Kuzey K\u0131br\u0131s&#8217;\u0131n sa\u011fl\u0131k turizminde gelecek vadeden destinasyonlardan biri oldu\u011funun alt\u0131n\u0131 \u00e7izdi.<\/p>\n<p><strong>HASTALAR KKTC&#8217;DE G\u00dcVENL\u0130K SORUNU YA\u015eAMIYOR&#8230;<\/strong><\/p>\n<p>KKTC&#8217;ye gelen turist hastalar\u0131n herhangi bir g\u00fcvenlik sorunu ya\u015famad\u0131klar\u0131n\u0131n alt\u0131n\u0131 \u00e7izen Sava\u015fan, kalp, kanser, estetik, di\u015f, g\u00f6z, t\u00fcp bebek ve ortopedi alanlar\u0131 ba\u015fta olmak \u00fczere sa\u011fl\u0131\u011f\u0131n b\u00fct\u00fcn alanlar\u0131nda y\u00fcksek standartta uygun fiyat ve herhangi bir bekleme s\u00fcresi olmaks\u0131z\u0131n Kuzey K\u0131br\u0131s&#8217;da sunulan hizmetlerin turistik olanaklarla birle\u015ftirilerek cazip hale getirildi\u011fini anlatt\u0131.<br \/>\n<img decoding=\"async\" class=\"lazy loaded\" src=\"https:\/\/www.kibrispostasi.com\/upload\/news\/s\/sa\/sav2.jpg\" alt=\"\" data-ll-status=\"loaded\" \/><\/p>\n<p><strong>KUZEY KIBRIS SGK KAPSAMINDA&#8230;<\/strong><\/p>\n<p>T\u00fcrkiye&#8217;deki SGK kapsam\u0131n\u0131n Kuzey K\u0131br\u0131s T\u00fcrk Cumhuriyeti&#8217;ne geni\u015fletildi\u011finin de alt\u0131n\u0131 \u00e7izen\u00a0<a href=\"https:\/\/www.kibrispostasi.com\/keyword\/8\" target=\"_blank\" rel=\"noopener\"><span class=\"marked\">Ahmet Sava\u015fan<\/span><\/a>, turistik ve di\u011fer ama\u00e7larla \u00fclkemize gelen TC vatanda\u015flar\u0131n\u0131n turist sa\u011fl\u0131\u011f\u0131 a\u00e7\u0131s\u0131ndan garanti alt\u0131na al\u0131nd\u0131\u011f\u0131n\u0131 ve ayr\u0131ca bu kapsamda sa\u011fl\u0131k turizmi olanaklar\u0131ndan da yararlanabileceklerini an\u0131msatt\u0131.<\/p>\n<p><strong>&#8220;YA\u015eLI DOSTU \u00dcLKE&#8221; OLMAK \u0130\u00c7\u0130N \u0130LK ADIM ATILDI&#8230;<\/strong><\/p>\n<p>Son olarak bilim ve teknolojideki geli\u015fmelerin sa\u011fl\u0131k hizmetlerine etkisiyle D\u00fcnya&#8217;da ya\u015fam s\u00fcresinin artt\u0131\u011f\u0131na ve bu art\u0131\u015f\u0131n devam edece\u011fine i\u015faret eden Sava\u015fan, bu ger\u00e7ekler \u0131\u015f\u0131\u011f\u0131nda, Kuzey K\u0131br\u0131s&#8217;\u0131n &#8220;Ya\u015fl\u0131 Dostu \u00dclke&#8221; olabilmesi ve \u00fc\u00e7\u00fcnc\u00fc ya\u015f turizminde tercih edilir bir destinasyon haline gelmesi i\u00e7in gereken d\u00fczenlemelerin yap\u0131lmaya ba\u015fland\u0131\u011f\u0131n\u0131 s\u00f6zlerine ekledi.<\/p>\n<p><strong>TC BAKANI AVCI \u0130LE G\u00d6R\u00dc\u015e\u00dcLD\u00dc&#8230;<\/strong><\/p>\n<p>Sava\u015fan Zirve kapsam\u0131nda, KKTC Turizm Bakan\u0131\u00a0<span class=\"marked\">Fikri Atao\u011flu<\/span>\u00a0ve Sa\u011fl\u0131k Bakan\u0131\u00a0<span class=\"marked\">Faiz Sucuo\u011flu<\/span>\u00a0ile birlikte T\u00fcrkiye K\u00fclt\u00fcr ve Turizm Bakan\u0131 Nabi Avc\u0131&#8217;yla da biraraya gelerek Kuzey K\u0131br\u0131s&#8217;da Sa\u011fl\u0131k Turizmi&#8217;nin geli\u015ftirilmesi i\u00e7in i\u015fbirli\u011fi olanaklar\u0131n\u0131n geli\u015ftirilmesi konusunda g\u00f6r\u00fc\u015f al\u0131\u015fveri\u015finde bulundu.<\/p>\n","protected":false},"excerpt":{"rendered":"<p>D\u00fcnya&#8217;da b\u00fcy\u00fck ilgi g\u00f6ren sa\u011fl\u0131k turizmi alan\u0131nda uluslararas\u0131 i\u015fbirli\u011finin geli\u015ftirilmesi amac\u0131yla, T.C. Sa\u011fl\u0131k Bakanl\u0131\u011f\u0131 himayesinde Ankara&#8217;da ger\u00e7ekle\u015ftirilen ve otuzdan fazla \u00fclkeden sekt\u00f6r\u00fcn liderlerini, karar al\u0131c\u0131lar\u0131n\u0131, uzmanlar\u0131n\u0131 ve arac\u0131 kurumlar\u0131n\u0131 biraraya getiren Global Sa\u011fl\u0131k Turizmi Zirvesi&#8217;ne katalan K\u0131br\u0131s Sa\u011fl\u0131k Turizmi Konseyi Kurucu Ba\u015fkan\u0131 Ahmet Sava\u015fan, Sa\u011fl\u0131k Turizmi&#8217;nde gelecek vadeden pazarlar oturumunda Kuzey K\u0131br\u0131s&#8217;\u0131 tan\u0131tt\u0131. &nbsp; D\u00fcnya&#8217;da [&hellip;]<\/p>\n","protected":false},"author":2,"featured_media":20011,"comment_status":"open","ping_status":"open","sticky":false,"template":"","format":"standard","meta":{"_monsterinsights_skip_tracking":false,"_monsterinsights_sitenote_active":false,"_monsterinsights_sitenote_note":"","_monsterinsights_sitenote_category":0,"footnotes":""},"categories":[140],"tags":[],"class_list":["post-20010","post","type-post","status-publish","format-standard","has-post-thumbnail","hentry","category-chtc"],"aioseo_notices":[],"_links":{"self":[{"href":"https:\/\/ahmetsavasan.com\/tr_tr\/wp-json\/wp\/v2\/posts\/20010","targetHints":{"allow":["GET"]}}],"collection":[{"href":"https:\/\/ahmetsavasan.com\/tr_tr\/wp-json\/wp\/v2\/posts"}],"about":[{"href":"https:\/\/ahmetsavasan.com\/tr_tr\/wp-json\/wp\/v2\/types\/post"}],"author":[{"embeddable":true,"href":"https:\/\/ahmetsavasan.com\/tr_tr\/wp-json\/wp\/v2\/users\/2"}],"replies":[{"embeddable":true,"href":"https:\/\/ahmetsavasan.com\/tr_tr\/wp-json\/wp\/v2\/comments?post=20010"}],"version-history":[{"count":1,"href":"https:\/\/ahmetsavasan.com\/tr_tr\/wp-json\/wp\/v2\/posts\/20010\/revisions"}],"predecessor-version":[{"id":20012,"href":"https:\/\/ahmetsavasan.com\/tr_tr\/wp-json\/wp\/v2\/posts\/20010\/revisions\/20012"}],"wp:featuredmedia":[{"embeddable":true,"href":"https:\/\/ahmetsavasan.com\/tr_tr\/wp-json\/wp\/v2\/media\/20011"}],"wp:attachment":[{"href":"https:\/\/ahmetsavasan.com\/tr_tr\/wp-json\/wp\/v2\/media?parent=20010"}],"wp:term":[{"taxonomy":"category","embeddable":true,"href":"https:\/\/ahmetsavasan.com\/tr_tr\/wp-json\/wp\/v2\/categories?post=20010"},{"taxonomy":"post_tag","embeddable":true,"href":"https:\/\/ahmetsavasan.com\/tr_tr\/wp-json\/wp\/v2\/tags?post=20010"}],"curies":[{"name":"wp","href":"https:\/\/api.w.org\/{rel}","templated":true}]}}