{"id":20025,"date":"2017-06-26T08:23:07","date_gmt":"2017-06-26T08:23:07","guid":{"rendered":"https:\/\/ahmetsavasan.com\/?p=20025"},"modified":"2025-09-01T10:18:45","modified_gmt":"2025-09-01T10:18:45","slug":"saglik-turizmi-konseyi-yaslilari-cocuklari-ve-hastalari-ziyaret-etti","status":"publish","type":"post","link":"https:\/\/ahmetsavasan.com\/tr_tr\/saglik-turizmi-konseyi-yaslilari-cocuklari-ve-hastalari-ziyaret-etti\/","title":{"rendered":"Sa\u011fl\u0131k Turizmi Konseyi, ya\u015fl\u0131lar\u0131, \u00e7ocuklar\u0131 ve hastalar\u0131 ziyaret etti"},"content":{"rendered":"<p>K\u0131br\u0131s Sa\u011fl\u0131k Turizmi Konseyi Ba\u015fkan\u0131 Ahmet Sava\u015fan, Serbest \u00c7al\u0131\u015fan Hekimler Birli\u011fi Ba\u015fkan\u0131 ve K\u0131br\u0131s Sa\u011fl\u0131k Turizmi Konseyi Y\u00f6netim Kurulu \u00dcyesi Remzi Gardiyano\u011flu ile y\u00f6netim kurulu \u00fcyeleri Osman Ergene, \u00d6zg\u00fc Bayraktar, \u0130lker \u0130pekdal; bayram nedeniyle Lapta Huzurevi&#8217;ndeki ya\u015fl\u0131lar\u0131, hastalar\u0131 ve Lefko\u015fa Surlari\u00e7i&#8217;ndeki \u00e7ocuklar\u0131 ziyaret ederek, bayramlar\u0131n\u0131 kutlad\u0131, \u00e7e\u015fitli hediyeler da\u011f\u0131tt\u0131.<\/p>\n<p>K\u0131br\u0131s Sa\u011fl\u0131k Turizmi Konseyi Ba\u015fkan\u0131\u00a0<a href=\"https:\/\/www.kibrispostasi.com\/keyword\/8\">Ahmet Sava\u015fan<\/a>, Serbest \u00c7al\u0131\u015fan Hekimler Birli\u011fi Ba\u015fkan\u0131 ve K\u0131br\u0131s Sa\u011fl\u0131k Turizmi Konseyi Y\u00f6netim Kurulu \u00dcyesi Remzi Gardiyano\u011flu ile y\u00f6netim kurulu \u00fcyeleri Osman Ergene, \u00d6zg\u00fc Bayraktar, \u0130lker \u0130pekdal; bayram nedeniyle Lapta Huzurevi&#8217;ndeki ya\u015fl\u0131lar\u0131, hastalar\u0131 ve Lefko\u015fa Surlari\u00e7i&#8217;ndeki \u00e7ocuklar\u0131 ziyaret ederek, bayramlar\u0131n\u0131 kutlad\u0131, \u00e7e\u015fitli hediyeler da\u011f\u0131tt\u0131.<\/p>\n<p>Konseyden yap\u0131lan a\u00e7\u0131klamaya g\u00f6re, bayramlar\u0131n kendine \u00f6zg\u00fc davran\u0131\u015f ve al\u0131\u015fkanl\u0131klar\u0131yla ya\u015fand\u0131\u011f\u0131n\u0131 ifade eden\u00a0<a href=\"https:\/\/www.kibrispostasi.com\/keyword\/8\">Ahmet Sava\u015fan<\/a>, bunun insanlar aras\u0131nda bir anlamda s\u00f6zs\u00fcz anla\u015fma oldu\u011funa i\u015faret etti. Sava\u015fan, \u00f6zel bir zaman dilimi olan bayramlar\u0131n kendi k\u00fclt\u00fcr dokumuza uyan gelenekselle\u015fmi\u015f eylemlerle doldurulmas\u0131n\u0131n \u00f6nemine i\u015faret etti.<\/p>\n<p>Ramazan Bayram\u0131&#8217;n\u0131n f\u0131rsat olarak g\u00f6r\u00fclmesi gerekti\u011fini s\u00f6yleyen\u00a0<a href=\"https:\/\/www.kibrispostasi.com\/keyword\/8\">Ahmet Sava\u015fan<\/a>, &#8220;Ailelerimizle, sevdiklerimizle bayramla\u015fal\u0131m, \u00e7ocuklar\u0131m\u0131za bayram k\u00fclt\u00fcr\u00fcn\u00fc a\u015f\u0131layal\u0131m ve ya\u015fatal\u0131m. Ya\u015fl\u0131lar\u0131, engellileri, \u00f6ks\u00fcz ve yetimleri unutmayal\u0131m&#8221; dedi.<\/p>\n","protected":false},"excerpt":{"rendered":"<p>K\u0131br\u0131s Sa\u011fl\u0131k Turizmi Konseyi Ba\u015fkan\u0131 Ahmet Sava\u015fan, Serbest \u00c7al\u0131\u015fan Hekimler Birli\u011fi Ba\u015fkan\u0131 ve K\u0131br\u0131s Sa\u011fl\u0131k Turizmi Konseyi Y\u00f6netim Kurulu \u00dcyesi Remzi Gardiyano\u011flu ile y\u00f6netim kurulu \u00fcyeleri Osman Ergene, \u00d6zg\u00fc Bayraktar, \u0130lker \u0130pekdal; bayram nedeniyle Lapta Huzurevi&#8217;ndeki ya\u015fl\u0131lar\u0131, hastalar\u0131 ve Lefko\u015fa Surlari\u00e7i&#8217;ndeki \u00e7ocuklar\u0131 ziyaret ederek, bayramlar\u0131n\u0131 kutlad\u0131, \u00e7e\u015fitli hediyeler da\u011f\u0131tt\u0131. K\u0131br\u0131s Sa\u011fl\u0131k Turizmi Konseyi Ba\u015fkan\u0131\u00a0Ahmet Sava\u015fan, [&hellip;]<\/p>\n","protected":false},"author":4,"featured_media":20026,"comment_status":"open","ping_status":"open","sticky":false,"template":"","format":"standard","meta":{"_monsterinsights_skip_tracking":false,"_monsterinsights_sitenote_active":false,"_monsterinsights_sitenote_note":"","_monsterinsights_sitenote_category":0,"footnotes":""},"categories":[140],"tags":[],"class_list":["post-20025","post","type-post","status-publish","format-standard","has-post-thumbnail","hentry","category-chtc"],"aioseo_notices":[],"_links":{"self":[{"href":"https:\/\/ahmetsavasan.com\/tr_tr\/wp-json\/wp\/v2\/posts\/20025","targetHints":{"allow":["GET"]}}],"collection":[{"href":"https:\/\/ahmetsavasan.com\/tr_tr\/wp-json\/wp\/v2\/posts"}],"about":[{"href":"https:\/\/ahmetsavasan.com\/tr_tr\/wp-json\/wp\/v2\/types\/post"}],"author":[{"embeddable":true,"href":"https:\/\/ahmetsavasan.com\/tr_tr\/wp-json\/wp\/v2\/users\/4"}],"replies":[{"embeddable":true,"href":"https:\/\/ahmetsavasan.com\/tr_tr\/wp-json\/wp\/v2\/comments?post=20025"}],"version-history":[{"count":1,"href":"https:\/\/ahmetsavasan.com\/tr_tr\/wp-json\/wp\/v2\/posts\/20025\/revisions"}],"predecessor-version":[{"id":20028,"href":"https:\/\/ahmetsavasan.com\/tr_tr\/wp-json\/wp\/v2\/posts\/20025\/revisions\/20028"}],"wp:featuredmedia":[{"embeddable":true,"href":"https:\/\/ahmetsavasan.com\/tr_tr\/wp-json\/wp\/v2\/media\/20026"}],"wp:attachment":[{"href":"https:\/\/ahmetsavasan.com\/tr_tr\/wp-json\/wp\/v2\/media?parent=20025"}],"wp:term":[{"taxonomy":"category","embeddable":true,"href":"https:\/\/ahmetsavasan.com\/tr_tr\/wp-json\/wp\/v2\/categories?post=20025"},{"taxonomy":"post_tag","embeddable":true,"href":"https:\/\/ahmetsavasan.com\/tr_tr\/wp-json\/wp\/v2\/tags?post=20025"}],"curies":[{"name":"wp","href":"https:\/\/api.w.org\/{rel}","templated":true}]}}