{"id":20052,"date":"2016-09-13T09:12:33","date_gmt":"2016-09-13T09:12:33","guid":{"rendered":"https:\/\/ahmetsavasan.com\/?p=20052"},"modified":"2025-09-01T10:25:17","modified_gmt":"2025-09-01T10:25:17","slug":"savasan-tedavi-icin-kuzey-kibrisi-tercih-etmeleri-ulkemize-guc-veriyor","status":"publish","type":"post","link":"https:\/\/ahmetsavasan.com\/tr_tr\/savasan-tedavi-icin-kuzey-kibrisi-tercih-etmeleri-ulkemize-guc-veriyor\/","title":{"rendered":"Sava\u015fan: &#8220;Tedavi i\u00e7in Kuzey K\u0131br\u0131s&#8217;\u0131 tercih etmeleri \u00fclkemize g\u00fc\u00e7 veriyor&#8221;"},"content":{"rendered":"<p>K\u0131br\u0131s Sa\u011fl\u0131k Turizmi Konseyi Ba\u015fkan\u0131 Ahmet Sava\u015fan Kurban Bayram\u0131 nedeniyle \u00fclkemizde bulunan turist hastalar\u0131 ziyaret etti.<\/p>\n<p>&nbsp;<\/p>\n<p>K\u0131br\u0131s Sa\u011fl\u0131k Turizmi Konseyi Ba\u015fkan\u0131\u00a0<a href=\"https:\/\/www.kibrispostasi.com\/keyword\/8\">Ahmet Sava\u015fan<\/a>\u00a0Kurban Bayram\u0131 nedeniyle \u00fclkemizde bulunan turist hastalar\u0131 ziyaret etti.<\/p>\n<p>K\u0131br\u0131s Sa\u011fl\u0131k Turizmi Konseyi&#8217;nden yap\u0131lan a\u00e7\u0131klamaya g\u00f6re;\u00a0<a href=\"https:\/\/www.kibrispostasi.com\/keyword\/8\">Ahmet Sava\u015fan<\/a>&#8216;\u0131n Kurban Bayram\u0131 nedeniyle Konsey Y\u00f6netim Kurulu \u00dcyeleri ile birlikte \u00fclkemizde bulunan turist hastalar\u0131 ziyaret etti\u011fi belirtildi.<br \/>\n<strong>SAVA\u015eAN &#8220;BAYRAMLAR DARGINLIKLARIN A\u015eILMASINDA \u00d6NEML\u0130 B\u0130R VES\u0130LE\u2026&#8221;<\/strong><\/p>\n<p>Sava\u015fan ziyarette yapt\u0131\u011f\u0131 konu\u015fmada bayramlar\u0131n, insanlar aras\u0131ndaki sevgi, sayg\u0131 ve karde\u015flik duygular\u0131n\u0131n en \u00fcst seviyeye \u00e7\u0131kt\u0131\u011f\u0131, birlik ve beraberli\u011fi peki\u015ftiren, yard\u0131mla\u015fma duygular\u0131n\u0131n yo\u011fun olarak ya\u015fand\u0131\u011f\u0131, g\u00fcnl\u00fck hayat\u0131n getirdi\u011fi darg\u0131nl\u0131klar\u0131n a\u015f\u0131lmas\u0131nda \u00f6nemli bir vesile yaratan kutsal g\u00fcnler oldu\u011funa i\u015faret etti.<\/p>\n<p><strong>&#8220;\u015e\u0130FA \u0130LE SEVD\u0130KLER\u0130N\u0130ZE KAVU\u015eMANIZ \u0130\u00c7\u0130N \u00c7ALI\u015eIYORUZ&#8230;&#8221;<\/strong><\/p>\n<p>Sa\u011fl\u0131k hizmeti almak i\u00e7in \u00fclkemizde bulunan turist hastalar ile birarada olmaktan duyduklar\u0131 mutlulu\u011fu dile getiren Sava\u015fan &#8220;doktorlar\u0131m\u0131z ve sa\u011fl\u0131k \u00e7al\u0131\u015fanlar\u0131m\u0131z ba\u015fta olmak \u00fczere hepimizin amac\u0131 sizlere y\u00fcksek standartta sa\u011fl\u0131k hizmeti verirken, kendinizi evinizdeki gibi huzurlu hissettirmektir. En k\u0131sa s\u00fcrede \u015fifa ile sevdiklerinize kavu\u015fman\u0131z i\u00e7in gerekenleri b\u00fcy\u00fck bir titizlikle yap\u0131yoruz. Tedavi olmak i\u00e7in Kuzey K\u0131br\u0131s&#8217;\u0131 tercih etmeniz \u00fclkemize g\u00fc\u00e7 veriyor. Duydu\u011funuz g\u00fcven i\u00e7in sizlere insan\u0131m\u0131z ad\u0131na te\u015fekk\u00fcr ediyorum&#8221; dedi.<\/p>\n<p><strong>TUR\u0130ST HASTALAR ALDIKLAR H\u0130ZMETLERDEN MEMNUN\u2026<\/strong><\/p>\n<p>Ayn\u0131 a\u00e7\u0131klamada konsey yetkililerinin bayramda kendilerine yapt\u0131klar\u0131 ziyaretten \u00f6t\u00fcr\u00fc duyduklar\u0131 memnuniyeti dile getiren hastalar\u0131n, Kuzey K\u0131br\u0131s&#8217;da g\u00f6rd\u00fckleri misafirperverlik, ald\u0131klar\u0131 kaliteli sa\u011fl\u0131k hizmetleri yan\u0131s\u0131ra doktor ve sa\u011fl\u0131k \u00e7al\u0131\u015fanlar\u0131n\u0131n yak\u0131n ilgisinden \u00f6t\u00fcr\u00fc mutluluklar\u0131n\u0131 ifade ettiklerine yer verildi.<\/p>\n<p><strong>&#8220;K\u0130MSES\u0130Z VE \u0130HT\u0130YA\u00c7 SAH\u0130PLER\u0130N\u0130N Y\u00dcZLER\u0130N\u0130N G\u00dcLMES\u0130NE VES\u0130LE OLALIM\u2026&#8221;<\/strong><\/p>\n<p>Ayn\u0131 a\u00e7\u0131klamada,\u00a0<a href=\"https:\/\/www.kibrispostasi.com\/keyword\/8\">Ahmet Sava\u015fan<\/a>&#8216;\u0131n, milli ve manevi de\u011ferlere sahip \u00e7\u0131kt\u0131\u011f\u0131m\u0131z, hayat\u0131 sevgi, sayg\u0131, yard\u0131mla\u015fma, dayan\u0131\u015fma ve ho\u015fg\u00f6r\u00fc temeli \u00fczerine in\u015fa etti\u011fimiz s\u00fcrece daha g\u00fczel g\u00fcnlere ula\u015f\u0131laca\u011f\u0131na inan\u00e7 belirtti\u011fine yer verildi. Hasta yata\u011f\u0131nda ziyaret\u00e7i bekleyen insanlar\u0131n hat\u0131rlanmas\u0131n\u0131n, \u00f6ks\u00fcz ve yetimlerin, kimsesiz ve ihtiya\u00e7 sahiplerinin y\u00fczlerinin g\u00fclmesine ve \u00fcmitlerinin ye\u015fermesine vesile olunmas\u0131n\u0131n \u00f6nemine i\u015faret eden Sava\u015fan, hi\u00e7 kimsenin bayram sevincinin ac\u0131 ve h\u00fczne d\u00f6n\u00fc\u015fmemesini dileyerek, Kurban Bayram\u0131&#8217;n\u0131 kutlad\u0131.<\/p>\n<p>&nbsp;<\/p>\n","protected":false},"excerpt":{"rendered":"<p>K\u0131br\u0131s Sa\u011fl\u0131k Turizmi Konseyi Ba\u015fkan\u0131 Ahmet Sava\u015fan Kurban Bayram\u0131 nedeniyle \u00fclkemizde bulunan turist hastalar\u0131 ziyaret etti. &nbsp; K\u0131br\u0131s Sa\u011fl\u0131k Turizmi Konseyi Ba\u015fkan\u0131\u00a0Ahmet Sava\u015fan\u00a0Kurban Bayram\u0131 nedeniyle \u00fclkemizde bulunan turist hastalar\u0131 ziyaret etti. K\u0131br\u0131s Sa\u011fl\u0131k Turizmi Konseyi&#8217;nden yap\u0131lan a\u00e7\u0131klamaya g\u00f6re;\u00a0Ahmet Sava\u015fan&#8216;\u0131n Kurban Bayram\u0131 nedeniyle Konsey Y\u00f6netim Kurulu \u00dcyeleri ile birlikte \u00fclkemizde bulunan turist hastalar\u0131 ziyaret etti\u011fi belirtildi. [&hellip;]<\/p>\n","protected":false},"author":4,"featured_media":20053,"comment_status":"open","ping_status":"open","sticky":false,"template":"","format":"standard","meta":{"_monsterinsights_skip_tracking":false,"_monsterinsights_sitenote_active":false,"_monsterinsights_sitenote_note":"","_monsterinsights_sitenote_category":0,"footnotes":""},"categories":[140],"tags":[],"class_list":["post-20052","post","type-post","status-publish","format-standard","has-post-thumbnail","hentry","category-chtc"],"aioseo_notices":[],"_links":{"self":[{"href":"https:\/\/ahmetsavasan.com\/tr_tr\/wp-json\/wp\/v2\/posts\/20052","targetHints":{"allow":["GET"]}}],"collection":[{"href":"https:\/\/ahmetsavasan.com\/tr_tr\/wp-json\/wp\/v2\/posts"}],"about":[{"href":"https:\/\/ahmetsavasan.com\/tr_tr\/wp-json\/wp\/v2\/types\/post"}],"author":[{"embeddable":true,"href":"https:\/\/ahmetsavasan.com\/tr_tr\/wp-json\/wp\/v2\/users\/4"}],"replies":[{"embeddable":true,"href":"https:\/\/ahmetsavasan.com\/tr_tr\/wp-json\/wp\/v2\/comments?post=20052"}],"version-history":[{"count":1,"href":"https:\/\/ahmetsavasan.com\/tr_tr\/wp-json\/wp\/v2\/posts\/20052\/revisions"}],"predecessor-version":[{"id":20054,"href":"https:\/\/ahmetsavasan.com\/tr_tr\/wp-json\/wp\/v2\/posts\/20052\/revisions\/20054"}],"wp:featuredmedia":[{"embeddable":true,"href":"https:\/\/ahmetsavasan.com\/tr_tr\/wp-json\/wp\/v2\/media\/20053"}],"wp:attachment":[{"href":"https:\/\/ahmetsavasan.com\/tr_tr\/wp-json\/wp\/v2\/media?parent=20052"}],"wp:term":[{"taxonomy":"category","embeddable":true,"href":"https:\/\/ahmetsavasan.com\/tr_tr\/wp-json\/wp\/v2\/categories?post=20052"},{"taxonomy":"post_tag","embeddable":true,"href":"https:\/\/ahmetsavasan.com\/tr_tr\/wp-json\/wp\/v2\/tags?post=20052"}],"curies":[{"name":"wp","href":"https:\/\/api.w.org\/{rel}","templated":true}]}}