{"id":20058,"date":"2016-06-29T09:21:10","date_gmt":"2016-06-29T09:21:10","guid":{"rendered":"https:\/\/ahmetsavasan.com\/?p=20058"},"modified":"2025-09-01T10:26:58","modified_gmt":"2025-09-01T10:26:58","slug":"saglik-turizmi-konseyi-baskani-savasan-tugrul-turkesi-ziyaret-etti","status":"publish","type":"post","link":"https:\/\/ahmetsavasan.com\/tr_tr\/saglik-turizmi-konseyi-baskani-savasan-tugrul-turkesi-ziyaret-etti\/","title":{"rendered":"Sa\u011fl\u0131k Turizmi Konseyi Ba\u015fkan\u0131 Sava\u015fan, Tu\u011frul T\u00fcrke\u015f&#8217;i ziyaret etti"},"content":{"rendered":"<p>K\u0131br\u0131s Sa\u011fl\u0131k Turizmi Konseyi Ba\u015fkan\u0131 Ahmet Sava\u015fan ve Y\u00f6netim Kurulu \u00dcyeleri T\u00fcrkiye&#8217;nin K\u0131br\u0131s \u0130\u015flerinden Sorumlu Ba\u015fbakan Yard\u0131mc\u0131s\u0131 Tu\u011frul T\u00fcrke\u015f&#8217;i ziyaret etti.<\/p>\n<p>&nbsp;<\/p>\n<p>K\u0131br\u0131s Sa\u011fl\u0131k Turizmi Konseyi Ba\u015fkan\u0131\u00a0<a href=\"https:\/\/www.kibrispostasi.com\/keyword\/8\">Ahmet Sava\u015fan<\/a>\u00a0ve Y\u00f6netim Kurulu \u00dcyeleri T\u00fcrkiye&#8217;nin K\u0131br\u0131s \u0130\u015flerinden Sorumlu Ba\u015fbakan Yard\u0131mc\u0131s\u0131 Tu\u011frul T\u00fcrke\u015f&#8217;i ziyaret etti.<\/p>\n<p>\u00c7ankaya K\u00f6\u015fk\u00fc&#8217;nde ger\u00e7ekle\u015fen g\u00f6r\u00fc\u015fmede, Kuzey K\u0131br\u0131s&#8217;ta devam etmekte olan Sa\u011fl\u0131k Turizmi faaliyetleri ile bu alan\u0131n geli\u015ftirilmesi ve \u00fclke i\u00e7i katmade\u011ferin artt\u0131r\u0131labilmesi i\u00e7in at\u0131labilecek ad\u0131mlar\u0131n ele al\u0131nd\u0131\u011f\u0131 belirtildi. G\u00f6r\u00fc\u015fmede Ba\u015fkan Sava\u015fan&#8217;a y\u00f6netim kurulu \u00fcyeleri, Serbest \u00c7al\u0131\u015fan Hekimler Birli\u011fi Ba\u015fkan\u0131 Dr. Remzi Gardiyano\u011flu, KITSAB Ba\u015fkan\u0131 Orhan Tolun ve Av. \u00d6zkul \u00d6zyi\u011fit e\u015flik etti.<\/p>\n<p>&nbsp;<\/p>\n<p><strong>Sava\u015fan: &#8220;Sa\u011fl\u0131k Turizmi&#8217;nin geli\u015fmesi i\u00e7in T\u00fcrkiyemizin deste\u011fi belirleyici&#8221;<\/strong><\/p>\n<p>G\u00f6r\u00fc\u015fmede Sava\u015fan, co\u011frafi konumu, tarihi, turistik ve insani \u00f6zellikleri, ak\u0131ll\u0131 binalardan olu\u015fan y\u00fcksek konforlu hastaneleri, g\u00fcncel bilgi kullanan uzman hekimleri, uluslararas\u0131 akreditasyonlar\u0131 ile say\u0131lar\u0131 g\u00fcn ge\u00e7tik\u00e7e artan nitelikli hastaneleri ve klinikleri yan\u0131s\u0131ra \u00fc\u00e7\u00fcnc\u00fc ya\u015f turistlerinin arad\u0131\u011f\u0131 \u00f6zelliklere sahip iklim ko\u015fullar\u0131 ve fiyat avantajlar\u0131 sunan Kuzey K\u0131br\u0131s&#8217;\u0131n sa\u011fl\u0131k turizmi a\u00e7\u0131s\u0131ndan \u00f6nemli bir potansiyele sahip oldu\u011funu anlatt\u0131.<\/p>\n<p>T\u00fcrkiye&#8217;de oldu\u011fu gibi kamu ve \u00f6zel sekt\u00f6r ayr\u0131mc\u0131l\u0131\u011f\u0131 yap\u0131lmadan, bu alan\u0131n te\u015fvik edilmesinin hayati \u00f6neme sahip oldu\u011funu vurgulayan Sava\u015fan &#8220;sizlerin \u00f6nc\u00fcl\u00fc\u011f\u00fcnde T\u00fcrkiye&#8217;de verilmekte olan te\u015fviklerin KKTC&#8217;ye geni\u015fletilmesi ve \u00fclkemizdeki yetkili makamlar\u0131m\u0131z\u0131n destekleri ile Sa\u011fl\u0131k Turizmi&#8217;nin s\u00fcrd\u00fcr\u00fclebilir bir yap\u0131ya kavu\u015fabilece\u011fine inan\u0131yoruz. T\u00fcrkiyemizin bu anlamda verece\u011fi destek belirleyici \u00f6neme sahiptir&#8221; dedi.<\/p>\n<p><strong>T\u00fcrke\u015f: &#8220;Sa\u011fl\u0131k Turizmi KKTC i\u00e7in hay\u0131rl\u0131&#8221;<\/strong><\/p>\n<p>T\u00fcrkiye&#8217;nin K\u0131br\u0131s \u0130\u015flerinden Sorumlu Ba\u015fbakan Yard\u0131mc\u0131s\u0131 Tu\u011frul T\u00fcrke\u015f de kabulde yapt\u0131\u011f\u0131 konu\u015fmada, Sa\u011fl\u0131k Turizmi&#8217;nin KKTC i\u00e7in hay\u0131rl\u0131 bir proje oldu\u011funa inand\u0131\u011f\u0131n\u0131 s\u00f6yleyerek, KKTC&#8217;de katmade\u011ferin artmas\u0131 i\u00e7in Sa\u011fl\u0131k Turizmi&#8217;nin geli\u015fmesinin son derece \u00f6nemli oldu\u011funa i\u015faret etti. T\u00fcrke\u015f son olarak, T\u00fcrkiye&#8217;nin d\u00fcn oldu\u011fu gibi bundan sonra da KKTC&#8217;de ya\u015fayan karde\u015flerinin yan\u0131nda olaca\u011f\u0131n\u0131 s\u00f6zlerine ekledi.<\/p>\n<p>&nbsp;<\/p>\n<p><strong>T\u00fcrke\u015f&#8217;e K\u0131br\u0131s&#8217;daki evinin sembolik kap\u0131s\u0131 takdim edildi<\/strong><\/p>\n<p>Ziyarette ayr\u0131ca Tu\u011frul T\u00fcrke\u015f&#8217;e babas\u0131 merhum Alparslan T\u00fcrke\u015f&#8217;in do\u011fdu\u011fu Lefko\u015fa Surlari\u00e7i&#8217;nde bulunan evlerinin sembolik kap\u0131s\u0131 da hediye edildi.<\/p>\n<p>&nbsp;<\/p>\n<p>&nbsp;<\/p>\n","protected":false},"excerpt":{"rendered":"<p>K\u0131br\u0131s Sa\u011fl\u0131k Turizmi Konseyi Ba\u015fkan\u0131 Ahmet Sava\u015fan ve Y\u00f6netim Kurulu \u00dcyeleri T\u00fcrkiye&#8217;nin K\u0131br\u0131s \u0130\u015flerinden Sorumlu Ba\u015fbakan Yard\u0131mc\u0131s\u0131 Tu\u011frul T\u00fcrke\u015f&#8217;i ziyaret etti. &nbsp; K\u0131br\u0131s Sa\u011fl\u0131k Turizmi Konseyi Ba\u015fkan\u0131\u00a0Ahmet Sava\u015fan\u00a0ve Y\u00f6netim Kurulu \u00dcyeleri T\u00fcrkiye&#8217;nin K\u0131br\u0131s \u0130\u015flerinden Sorumlu Ba\u015fbakan Yard\u0131mc\u0131s\u0131 Tu\u011frul T\u00fcrke\u015f&#8217;i ziyaret etti. \u00c7ankaya K\u00f6\u015fk\u00fc&#8217;nde ger\u00e7ekle\u015fen g\u00f6r\u00fc\u015fmede, Kuzey K\u0131br\u0131s&#8217;ta devam etmekte olan Sa\u011fl\u0131k Turizmi faaliyetleri ile bu [&hellip;]<\/p>\n","protected":false},"author":4,"featured_media":20059,"comment_status":"open","ping_status":"open","sticky":false,"template":"","format":"standard","meta":{"_monsterinsights_skip_tracking":false,"_monsterinsights_sitenote_active":false,"_monsterinsights_sitenote_note":"","_monsterinsights_sitenote_category":0,"footnotes":""},"categories":[140],"tags":[],"class_list":["post-20058","post","type-post","status-publish","format-standard","has-post-thumbnail","hentry","category-chtc"],"aioseo_notices":[],"_links":{"self":[{"href":"https:\/\/ahmetsavasan.com\/tr_tr\/wp-json\/wp\/v2\/posts\/20058","targetHints":{"allow":["GET"]}}],"collection":[{"href":"https:\/\/ahmetsavasan.com\/tr_tr\/wp-json\/wp\/v2\/posts"}],"about":[{"href":"https:\/\/ahmetsavasan.com\/tr_tr\/wp-json\/wp\/v2\/types\/post"}],"author":[{"embeddable":true,"href":"https:\/\/ahmetsavasan.com\/tr_tr\/wp-json\/wp\/v2\/users\/4"}],"replies":[{"embeddable":true,"href":"https:\/\/ahmetsavasan.com\/tr_tr\/wp-json\/wp\/v2\/comments?post=20058"}],"version-history":[{"count":1,"href":"https:\/\/ahmetsavasan.com\/tr_tr\/wp-json\/wp\/v2\/posts\/20058\/revisions"}],"predecessor-version":[{"id":20060,"href":"https:\/\/ahmetsavasan.com\/tr_tr\/wp-json\/wp\/v2\/posts\/20058\/revisions\/20060"}],"wp:featuredmedia":[{"embeddable":true,"href":"https:\/\/ahmetsavasan.com\/tr_tr\/wp-json\/wp\/v2\/media\/20059"}],"wp:attachment":[{"href":"https:\/\/ahmetsavasan.com\/tr_tr\/wp-json\/wp\/v2\/media?parent=20058"}],"wp:term":[{"taxonomy":"category","embeddable":true,"href":"https:\/\/ahmetsavasan.com\/tr_tr\/wp-json\/wp\/v2\/categories?post=20058"},{"taxonomy":"post_tag","embeddable":true,"href":"https:\/\/ahmetsavasan.com\/tr_tr\/wp-json\/wp\/v2\/tags?post=20058"}],"curies":[{"name":"wp","href":"https:\/\/api.w.org\/{rel}","templated":true}]}}