{"id":20164,"date":"2024-10-26T12:49:52","date_gmt":"2024-10-26T12:49:52","guid":{"rendered":"https:\/\/ahmetsavasan.com\/?p=20164"},"modified":"2025-08-29T12:21:06","modified_gmt":"2025-08-29T12:21:06","slug":"basbakan-ustel-onceligimiz-halkimiza-hizmettir","status":"publish","type":"post","link":"https:\/\/ahmetsavasan.com\/tr_tr\/basbakan-ustel-onceligimiz-halkimiza-hizmettir\/","title":{"rendered":"Ba\u015fbakan \u00dcstel: \u00d6nceli\u011fimiz halk\u0131m\u0131za hizmettir"},"content":{"rendered":"<p>Ba\u015fbakan \u00dcnal \u00dcstel, UBP Gazima\u011fusa ve \u0130skele il\u00e7esinde partililer ile bulu\u015ftu. \u00dcstel yapt\u0131\u011f\u0131 konu\u015fmada, \u201c\u00d6nceli\u011fimiz halk\u0131m\u0131za hizmettir\u201d dedi.<\/p>\n<p>Ulusal Birlik Partisi (UBP) Genel Ba\u015fkan\u0131 ve Ba\u015fbakan\u00a0<a href=\"https:\/\/www.kibrispostasi.com\/keyword\/34\">\u00dcnal \u00dcstel<\/a>, e\u015fi Zerrin \u00dcstel ile birlikte UBP Gazima\u011fusa ve \u0130skele il\u00e7esinde partililer ile bulu\u015ftu.<\/p>\n<p>Etkinlikte, Gazima\u011fusa il\u00e7esi kad\u0131n kollar\u0131 Meme Sa\u011fl\u0131\u011f\u0131 Fark\u0131ndal\u0131k Ay\u0131 dolay\u0131s\u0131yla etkinlikte de d\u00fczenlendi.<\/p>\n<p>Etkinliklerde, Meclis Ba\u015fkan\u0131\u00a0<a href=\"https:\/\/www.kibrispostasi.com\/keyword\/137\">Ziya \u00d6zt\u00fcrkler<\/a>, Genel Sekreter\u00a0<a href=\"https:\/\/www.kibrispostasi.com\/keyword\/67\">O\u011fuzhan Hasipo\u011flu<\/a>, \u0130\u00e7i\u015fleri Bakan\u0131\u00a0<a href=\"https:\/\/www.kibrispostasi.com\/keyword\/42\">Dursun O\u011fuz<\/a>, Milli E\u011fitim Bakan\u0131\u00a0<a href=\"https:\/\/www.kibrispostasi.com\/keyword\/46\">Naz\u0131m \u00c7avu\u015fo\u011flu<\/a>, Tar\u0131m ve Do\u011fal Kaynaklar Bakan\u0131\u00a0<a href=\"https:\/\/www.kibrispostasi.com\/keyword\/131\">H\u00fcseyin \u00c7avu\u015f<\/a>, Sa\u011fl\u0131k Bakan\u0131\u00a0<a href=\"https:\/\/www.kibrispostasi.com\/keyword\/130\">Hakan Din\u00e7y\u00fcrek<\/a>, Maliye Bakan\u0131\u00a0<a href=\"https:\/\/www.kibrispostasi.com\/keyword\/79\">\u00d6zdemir Berova<\/a>, Milletvekilleri\u00a0<a href=\"https:\/\/www.kibrispostasi.com\/keyword\/30\">Sunat Atun<\/a>,\u00a0<a href=\"https:\/\/www.kibrispostasi.com\/keyword\/8\">Ahmet Sava\u015fan<\/a>,\u00a0<a href=\"https:\/\/www.kibrispostasi.com\/keyword\/123\">Ali\u015fan \u015ean<\/a>, Resm\u00eeye Canaltay Gazima\u011fusa \u0130l\u00e7e Ba\u015fkan\u0131 Nahit \u00d6nc\u00fc ve \u0130skele \u0130l\u00e7e Ba\u015fkan\u0131 Metin G\u00fcll\u00fc de haz\u0131r bulundu.<\/p>\n<p>UBP Genel Ba\u015fkan\u0131 ve Ba\u015fbakan\u00a0<a href=\"https:\/\/www.kibrispostasi.com\/keyword\/34\">\u00dcnal \u00dcstel<\/a>, etkinliklerde yapt\u0131\u011f\u0131 konu\u015fmada, ilk olarak Ankara\u2019da ya\u015fanan ter\u00f6r sald\u0131r\u0131s\u0131n\u0131 k\u0131nad\u0131.<\/p>\n<p><strong>\u201c\u00d6NCEL\u0130\u011e\u0130M\u0130Z YEN\u0130 PROJELER\u201d<\/strong><\/p>\n<p>Kurultay ve sonras\u0131ndaki Meclis Ba\u015fkanl\u0131\u011f\u0131 s\u00fcrecine de de\u011finen \u00dcstel, &#8220;Bir kurultay ge\u00e7irdik. Bu s\u00fcre\u00e7te bas\u0131nda yaz\u0131l\u0131p \u00e7izilenlere cevap vermedik. \u00c7\u00fcnk\u00fc dedik ki bizim g\u00f6revimiz halk\u0131m\u0131za hizmet etmek. \u00d6nceli\u011fimiz 2013&#8217;den sonra yar\u0131m kalan projeleri bitirmek. Halk\u0131m\u0131z\u0131 daha refah seviyesini y\u00fckseltmek i\u00e7in \u00e7al\u0131\u015fmaya devam edece\u011fiz&#8221; ifadelerini kulland\u0131.<\/p>\n<p>H\u00fck\u00fcmete gelindi\u011fi ilk g\u00fcnden itibaren \u00f6nce Cumhuriyet meclisini \u00e7al\u0131\u015ft\u0131rmay\u0131 hedeflediklerini ifade eden \u00dcstel, &#8220;Ayn\u0131 \u015fekilde yasalar\u0131 hayata ge\u00e7irip aksama ya\u015fanmamas\u0131 i\u00e7in bakanlar kurulunu da \u00e7al\u0131\u015ft\u0131rma hedefinde olduk. Gerek Bakanl\u0131klar\u0131m\u0131z gerekse Cumhuriyet Meclisi komitelerimiz halk\u0131m\u0131z\u0131n ihtiyac\u0131 olan ne yasa varsa onlar\u0131 bulup bir bir \u00e7\u0131karm\u0131\u015f ve gerekli \u00e7al\u0131\u015fmalar\u0131 yapm\u0131\u015ft\u0131r&#8221; \u015feklinde konu\u015ftu.<\/p>\n<p>\u00dcstel, &#8220;Kurultay d\u00f6neminde birbirimizi k\u0131rmamaya dikkat ettik. Birli\u011fimizi bozmaya \u00e7al\u0131\u015fanlara kar\u015f\u0131 dik durduk ve birli\u011fimizi bozmad\u0131k. Bu saatten sonra Kurultay sayfas\u0131 kapanm\u0131\u015ft\u0131r. Partimizin birli\u011fini ve b\u00fct\u00fcnl\u00fc\u011f\u00fcn\u00fc bozmayacak \u015fekilde \u00e7al\u0131\u015fmam\u0131z gerekiyor. Ben de bu bilin\u00e7le hareket etmeye \u00e7al\u0131\u015f\u0131yorum&#8221; ifadelerini de kulland\u0131.<\/p>\n<p>Cumhuriyet Meclisi ba\u015fkanl\u0131k se\u00e7im s\u00fcrecinde ya\u015fananlar\u0131 anlatan \u00dcstel, yap\u0131lan se\u00e7imin ard\u0131ndan\u00a0<a href=\"https:\/\/www.kibrispostasi.com\/keyword\/125\">Zorlu T\u00f6re<\/a>&#8216;nin Meclis Ba\u015fkan\u0131 olarak\u00a0<a href=\"https:\/\/www.kibrispostasi.com\/keyword\/137\">Ziya \u00d6zt\u00fcrkler<\/a>&#8216; i ilan etmesiyle h\u00fck\u00fcmete d\u00fc\u015fen tek g\u00f6revin bu sonucu resmi gazetede yay\u0131nlanmak oldu\u011funu belirtti.<\/p>\n<p><strong>\u201cKAYBEDECEK B\u0130R SAN\u0130YEM\u0130Z B\u0130LE YOK\u201d<\/strong><\/p>\n<p>&#8220;\u00dclkemizin zaman kaybedecek bir saniyesi bile yoktur&#8221; diyen \u00dcstel, &#8220;Her taraf\u0131m\u0131zda sava\u015f varken bizim yapmam\u0131z gereken dayan\u0131\u015fmad\u0131r. \u015eimdi tek v\u00fccut olma zaman\u0131d\u0131r. Ge\u00e7mi\u015fe bak\u0131ld\u0131\u011f\u0131 zaman UBP&#8217;nin ba\u015far\u0131s\u0131 orta yerdedir. UBP bug\u00fcne kadar \u00fclkemize yap\u0131lmayan hizmetleri yapm\u0131\u015ft\u0131r&#8221; dedi.<\/p>\n<p><strong>\u00a0\u00dcstel s\u00f6zlerine \u015f\u00f6yle devam etti:<\/strong><\/p>\n<p>&#8220;\u00d6nemli bir d\u00f6neme giriyoruz. Yapmam\u0131z gereken i\u015fler, bitirmemiz gereken projeler var. Bize bo\u015funa zaman kaybettirmeye \u00e7al\u0131\u015fanlara inat, yolumuza kararl\u0131l\u0131kla devam ediyoruz. Ben bu partinin abisiyim, b\u00fcy\u00fc\u011f\u00fcy\u00fcm. Sorumlulukla hareket etmek zorunday\u0131m. Partimin b\u00fct\u00fcnl\u00fc\u011f\u00fcn\u00fc devam ettirmek zorunday\u0131m. B\u00fct\u00fcnl\u00fc\u011f\u00fcm\u00fcz\u00fc bozmaya \u00e7al\u0131\u015fanlara izin vermedik, vermeyece\u011fiz.&#8221;<\/p>\n<p>&nbsp;<\/p>\n<p>2025 y\u0131l\u0131 \u015eubat ay\u0131nda ge\u00e7irilecek olan elektronik etiket sistemi ile ba\u015flayacak olan market denetimlerinden de bahseden \u00dcstel, &#8221; Herkes pahal\u0131l\u0131ktan bahsediyor. Bunun da gere\u011fini yap\u0131yoruz. Gerekli olan yasal \u00e7al\u0131\u015fmalar yap\u0131ld\u0131. Halk\u0131m\u0131z\u0131n yo\u011fun \u015fikayetleri do\u011frultusunda 1 \u015eubat 2025 tarihinden itibaren t\u00fcm marketlerimiz art\u0131k \u00e7ok daha s\u0131k\u0131 \u015fekilde denetlenecektir&#8221; \u015feklinde konu\u015ftu.<\/p>\n","protected":false},"excerpt":{"rendered":"<p>Ba\u015fbakan \u00dcnal \u00dcstel, UBP Gazima\u011fusa ve \u0130skele il\u00e7esinde partililer ile bulu\u015ftu. \u00dcstel yapt\u0131\u011f\u0131 konu\u015fmada, \u201c\u00d6nceli\u011fimiz halk\u0131m\u0131za hizmettir\u201d dedi. Ulusal Birlik Partisi (UBP) Genel Ba\u015fkan\u0131 ve Ba\u015fbakan\u00a0\u00dcnal \u00dcstel, e\u015fi Zerrin \u00dcstel ile birlikte UBP Gazima\u011fusa ve \u0130skele il\u00e7esinde partililer ile bulu\u015ftu. Etkinlikte, Gazima\u011fusa il\u00e7esi kad\u0131n kollar\u0131 Meme Sa\u011fl\u0131\u011f\u0131 Fark\u0131ndal\u0131k Ay\u0131 dolay\u0131s\u0131yla etkinlikte de d\u00fczenlendi. Etkinliklerde, Meclis [&hellip;]<\/p>\n","protected":false},"author":4,"featured_media":20165,"comment_status":"open","ping_status":"open","sticky":false,"template":"","format":"standard","meta":{"_monsterinsights_skip_tracking":false,"_monsterinsights_sitenote_active":false,"_monsterinsights_sitenote_note":"","_monsterinsights_sitenote_category":0,"footnotes":""},"categories":[102],"tags":[],"class_list":["post-20164","post","type-post","status-publish","format-standard","has-post-thumbnail","hentry","category-haberler"],"aioseo_notices":[],"_links":{"self":[{"href":"https:\/\/ahmetsavasan.com\/tr_tr\/wp-json\/wp\/v2\/posts\/20164","targetHints":{"allow":["GET"]}}],"collection":[{"href":"https:\/\/ahmetsavasan.com\/tr_tr\/wp-json\/wp\/v2\/posts"}],"about":[{"href":"https:\/\/ahmetsavasan.com\/tr_tr\/wp-json\/wp\/v2\/types\/post"}],"author":[{"embeddable":true,"href":"https:\/\/ahmetsavasan.com\/tr_tr\/wp-json\/wp\/v2\/users\/4"}],"replies":[{"embeddable":true,"href":"https:\/\/ahmetsavasan.com\/tr_tr\/wp-json\/wp\/v2\/comments?post=20164"}],"version-history":[{"count":1,"href":"https:\/\/ahmetsavasan.com\/tr_tr\/wp-json\/wp\/v2\/posts\/20164\/revisions"}],"predecessor-version":[{"id":20166,"href":"https:\/\/ahmetsavasan.com\/tr_tr\/wp-json\/wp\/v2\/posts\/20164\/revisions\/20166"}],"wp:featuredmedia":[{"embeddable":true,"href":"https:\/\/ahmetsavasan.com\/tr_tr\/wp-json\/wp\/v2\/media\/20165"}],"wp:attachment":[{"href":"https:\/\/ahmetsavasan.com\/tr_tr\/wp-json\/wp\/v2\/media?parent=20164"}],"wp:term":[{"taxonomy":"category","embeddable":true,"href":"https:\/\/ahmetsavasan.com\/tr_tr\/wp-json\/wp\/v2\/categories?post=20164"},{"taxonomy":"post_tag","embeddable":true,"href":"https:\/\/ahmetsavasan.com\/tr_tr\/wp-json\/wp\/v2\/tags?post=20164"}],"curies":[{"name":"wp","href":"https:\/\/api.w.org\/{rel}","templated":true}]}}