{"id":20170,"date":"2022-09-04T13:16:54","date_gmt":"2022-09-04T13:16:54","guid":{"rendered":"https:\/\/ahmetsavasan.com\/?p=20170"},"modified":"2025-08-28T13:18:11","modified_gmt":"2025-08-28T13:18:11","slug":"ahmet-savasan-kuzey-kibris-dogu-akdenizde-sakli-bir-hazine","status":"publish","type":"post","link":"https:\/\/ahmetsavasan.com\/tr_tr\/ahmet-savasan-kuzey-kibris-dogu-akdenizde-sakli-bir-hazine\/","title":{"rendered":"Ahmet Sava\u015fan: Kuzey K\u0131br\u0131s, Do\u011fu Akdeniz\u2019de sakl\u0131 bir hazine"},"content":{"rendered":"<p>T\u00dcRSAB, Sa\u011fl\u0131k Turizmi \u0130htisas Ba\u015fkanl\u0131\u011f\u0131 ile K\u0131br\u0131s Sa\u011fl\u0131k Turizmi Konseyi heyetleri bir araya geldi. K\u0131br\u0131s Sa\u011fl\u0131k Turizmi Konseyi Ba\u015fkan\u0131 g\u00f6r\u00fc\u015fmede yapt\u0131\u011f\u0131 konu\u015fmada, Kuzey K\u0131br\u0131s&#8217;\u0131n, Do\u011fu Akdeniz\u2019de sakl\u0131 bir hazine oldu\u011funu ifade etti.<\/p>\n<p>K\u0131br\u0131s Sa\u011fl\u0131k Turizmi Konseyi\u2019nin davetlisi olarak KKTC\u2019de bulunan T\u00fcrkiye Seyahat Acenteleri Birli\u011fi (T\u00dcRSAB) Sa\u011fl\u0131k Turizmi \u0130htisas Ba\u015fkan\u0131 Zeynep Hale ve beraberindeki heyet, K\u0131br\u0131s Sa\u011fl\u0131k Turizmi Konseyi Ba\u015fkan\u0131, Milletvekili\u00a0<a href=\"https:\/\/www.kibrispostasi.com\/keyword\/8\">Ahmet Sava\u015fan<\/a>\u00a0ve Y\u00f6netim Kurulu \u00fcyeleriyle bir araya geldi.<\/p>\n<p>Heyetler aras\u0131 g\u00f6r\u00fc\u015fmede T\u00fcrkiye ile Kuzey K\u0131br\u0131s T\u00fcrk Cumhuriyeti aras\u0131nda sa\u011fl\u0131k turizmi alan\u0131nda i\u015f birli\u011finin geli\u015fmesi i\u00e7in izlenecek yol haritas\u0131 belirledi.<\/p>\n<p><strong>\u201cKUZEY KIBRIS, DO\u011eU AKDEN\u0130Z\u2019DE SAKLI B\u0130R HAZ\u0130NE\u2026\u201d<\/strong><\/p>\n<p>Konsey Ba\u015fkan\u0131, Milletvekili\u00a0<a href=\"https:\/\/www.kibrispostasi.com\/keyword\/8\">Ahmet Sava\u015fan<\/a>, Kuzey K\u0131br\u0131s\u2019\u0131n, turizmdeki avantajlar\u0131yla birle\u015ftirilen sa\u011fl\u0131k hizmetleri sayesinde Do\u011fu Akdeniz\u2019de sakl\u0131 bir hazine adas\u0131 konumuna geldi\u011fine dikkat \u00e7ekti.<\/p>\n<p><strong>\u201cKUZEY KIBRIS\u2019A ULUSLARARASI ALANDA G\u00dcVEN ARTTI\u2026\u201d<\/strong><\/p>\n<p><a href=\"https:\/\/www.kibrispostasi.com\/keyword\/88\">Koronavir\u00fcs<\/a>e ba\u011fl\u0131 \u00f6l\u00fcm oranlar\u0131n\u0131n ABD\u2019de 7,33, Avrupa Birli\u011fi \u00fclkelerinde 4,15, \u0130ngiltere\u2019de 3,29 ve G\u00fcney K\u0131br\u0131s\u2019ta 1,91 seviyesinde olmas\u0131na kar\u015f\u0131n, Kuzey K\u0131br\u0131s T\u00fcrk Cumhuriyeti\u2019nde (KKTC) 0.04\u2019lerde kald\u0131\u011f\u0131na i\u015faret eden Sava\u015fan, turistlerin sa\u011fl\u0131\u011f\u0131n\u0131 koruma noktas\u0131nda elde etti\u011fi ba\u015far\u0131 sayesinde Kuzey K\u0131br\u0131s\u2019a uluslararas\u0131 alanda g\u00fcvenin artt\u0131\u011f\u0131na vurgu yapt\u0131.<\/p>\n<p>T\u00dcRSAB Sa\u011fl\u0131k Turizmi \u0130htisas Ba\u015fkan\u0131 Zeynep Hale de toplant\u0131da yapt\u0131\u011f\u0131 konu\u015fmada, Sava\u015fan\u2019a iki \u00fclke aras\u0131nda sa\u011fl\u0131k turizmi alan\u0131nda i\u015f birli\u011finin geli\u015ftirilmesine yapt\u0131\u011f\u0131 \u00f6nc\u00fcl\u00fck i\u00e7in te\u015fekk\u00fcr etti.<\/p>\n<p>Hale, KKTC\u2019de bulunduklar\u0131 s\u00fcrede gerek konsey yetkilileri ile gerekse de KITSAB Ba\u015fkan\u0131 ve sekt\u00f6r temsilcileriyle verimli g\u00f6r\u00fc\u015fmeler yapt\u0131klar\u0131n\u0131 ve sa\u011fl\u0131k turizmi alan\u0131nda izlenecek yol haritas\u0131n\u0131 belirlediklerini s\u00f6yledi.<\/p>\n","protected":false},"excerpt":{"rendered":"<p>T\u00dcRSAB, Sa\u011fl\u0131k Turizmi \u0130htisas Ba\u015fkanl\u0131\u011f\u0131 ile K\u0131br\u0131s Sa\u011fl\u0131k Turizmi Konseyi heyetleri bir araya geldi. K\u0131br\u0131s Sa\u011fl\u0131k Turizmi Konseyi Ba\u015fkan\u0131 g\u00f6r\u00fc\u015fmede yapt\u0131\u011f\u0131 konu\u015fmada, Kuzey K\u0131br\u0131s&#8217;\u0131n, Do\u011fu Akdeniz\u2019de sakl\u0131 bir hazine oldu\u011funu ifade etti. K\u0131br\u0131s Sa\u011fl\u0131k Turizmi Konseyi\u2019nin davetlisi olarak KKTC\u2019de bulunan T\u00fcrkiye Seyahat Acenteleri Birli\u011fi (T\u00dcRSAB) Sa\u011fl\u0131k Turizmi \u0130htisas Ba\u015fkan\u0131 Zeynep Hale ve beraberindeki heyet, K\u0131br\u0131s [&hellip;]<\/p>\n","protected":false},"author":4,"featured_media":20171,"comment_status":"open","ping_status":"open","sticky":false,"template":"","format":"standard","meta":{"_monsterinsights_skip_tracking":false,"_monsterinsights_sitenote_active":false,"_monsterinsights_sitenote_note":"","_monsterinsights_sitenote_category":0,"footnotes":""},"categories":[102],"tags":[],"class_list":["post-20170","post","type-post","status-publish","format-standard","has-post-thumbnail","hentry","category-haberler"],"aioseo_notices":[],"_links":{"self":[{"href":"https:\/\/ahmetsavasan.com\/tr_tr\/wp-json\/wp\/v2\/posts\/20170","targetHints":{"allow":["GET"]}}],"collection":[{"href":"https:\/\/ahmetsavasan.com\/tr_tr\/wp-json\/wp\/v2\/posts"}],"about":[{"href":"https:\/\/ahmetsavasan.com\/tr_tr\/wp-json\/wp\/v2\/types\/post"}],"author":[{"embeddable":true,"href":"https:\/\/ahmetsavasan.com\/tr_tr\/wp-json\/wp\/v2\/users\/4"}],"replies":[{"embeddable":true,"href":"https:\/\/ahmetsavasan.com\/tr_tr\/wp-json\/wp\/v2\/comments?post=20170"}],"version-history":[{"count":1,"href":"https:\/\/ahmetsavasan.com\/tr_tr\/wp-json\/wp\/v2\/posts\/20170\/revisions"}],"predecessor-version":[{"id":20172,"href":"https:\/\/ahmetsavasan.com\/tr_tr\/wp-json\/wp\/v2\/posts\/20170\/revisions\/20172"}],"wp:featuredmedia":[{"embeddable":true,"href":"https:\/\/ahmetsavasan.com\/tr_tr\/wp-json\/wp\/v2\/media\/20171"}],"wp:attachment":[{"href":"https:\/\/ahmetsavasan.com\/tr_tr\/wp-json\/wp\/v2\/media?parent=20170"}],"wp:term":[{"taxonomy":"category","embeddable":true,"href":"https:\/\/ahmetsavasan.com\/tr_tr\/wp-json\/wp\/v2\/categories?post=20170"},{"taxonomy":"post_tag","embeddable":true,"href":"https:\/\/ahmetsavasan.com\/tr_tr\/wp-json\/wp\/v2\/tags?post=20170"}],"curies":[{"name":"wp","href":"https:\/\/api.w.org\/{rel}","templated":true}]}}