{"id":20511,"date":"2025-10-01T07:24:33","date_gmt":"2025-10-01T07:24:33","guid":{"rendered":"https:\/\/ahmetsavasan.com\/?p=20511"},"modified":"2025-10-08T07:31:39","modified_gmt":"2025-10-08T07:31:39","slug":"savasan-yeni-yasama-yilinin-ulkeye-ve-demokrasiye-hayirli-olmasini-diledi","status":"publish","type":"post","link":"https:\/\/ahmetsavasan.com\/tr_tr\/savasan-yeni-yasama-yilinin-ulkeye-ve-demokrasiye-hayirli-olmasini-diledi\/","title":{"rendered":"Sava\u015fan; Yeni Yasama Y\u0131l\u0131&#8217;n\u0131n \u00dclkeye ve Demokrasiye Hay\u0131rl\u0131 Olmas\u0131n\u0131 Diledi."},"content":{"rendered":"<h3>UBP Genel Sekreteri V. Ahmet Sava\u015fan Cumhuriyet Meclisi\u2019nin Onuncu D\u00f6nem, Be\u015finci Yasama Y\u0131l\u0131 a\u00e7\u0131l\u0131\u015f\u0131n\u0131 ger\u00e7ekle\u015ftirdiklerini belirtti.<\/h3>\n<p>UBP Genel Sekreteri V. Ahmet Sava\u015fan ki\u015fisel sosyal medya hesab\u0131nda yapt\u0131\u011f\u0131 payla\u015f\u0131mda, Cumhuriyet Meclisi\u2019nin Onuncu D\u00f6nem, Be\u015finci Yasama Y\u0131l\u0131 a\u00e7\u0131l\u0131\u015f\u0131n\u0131 ger\u00e7ekle\u015ftirdiklerini belirtti. Halk\u0131n refah\u0131, devletin g\u00fc\u00e7lenmesi ve ortak gelece\u011fin g\u00fcvence alt\u0131na al\u0131nmas\u0131 i\u00e7in \u00e7al\u0131\u015fmaya devam edeceklerini ifade ederek, yeni yasama y\u0131l\u0131n\u0131n \u00fclkeye ve demokrasiye hay\u0131rl\u0131 olmas\u0131n\u0131 diledi.<\/p>\n<p>&nbsp;<\/p>\n<p><img fetchpriority=\"high\" decoding=\"async\" class=\"alignnone size-medium wp-image-20513\" src=\"https:\/\/ahmetsavasan.com\/wp-content\/uploads\/2025\/10\/1-5-300x200.jpg\" alt=\"\" width=\"300\" height=\"200\" srcset=\"https:\/\/ahmetsavasan.com\/wp-content\/uploads\/2025\/10\/1-5-300x200.jpg 300w, https:\/\/ahmetsavasan.com\/wp-content\/uploads\/2025\/10\/1-5-1024x683.jpg 1024w, https:\/\/ahmetsavasan.com\/wp-content\/uploads\/2025\/10\/1-5-768x512.jpg 768w, https:\/\/ahmetsavasan.com\/wp-content\/uploads\/2025\/10\/1-5-600x400.jpg 600w, https:\/\/ahmetsavasan.com\/wp-content\/uploads\/2025\/10\/1-5-450x300.jpg 450w, https:\/\/ahmetsavasan.com\/wp-content\/uploads\/2025\/10\/1-5-18x12.jpg 18w, https:\/\/ahmetsavasan.com\/wp-content\/uploads\/2025\/10\/1-5.jpg 1065w\" sizes=\"(max-width: 300px) 100vw, 300px\" \/><\/p>\n","protected":false},"excerpt":{"rendered":"<p>UBP Genel Sekreteri V. Ahmet Sava\u015fan Cumhuriyet Meclisi\u2019nin Onuncu D\u00f6nem, Be\u015finci Yasama Y\u0131l\u0131 a\u00e7\u0131l\u0131\u015f\u0131n\u0131 ger\u00e7ekle\u015ftirdiklerini belirtti. UBP Genel Sekreteri V. Ahmet Sava\u015fan ki\u015fisel sosyal medya hesab\u0131nda yapt\u0131\u011f\u0131 payla\u015f\u0131mda, Cumhuriyet Meclisi\u2019nin Onuncu D\u00f6nem, Be\u015finci Yasama Y\u0131l\u0131 a\u00e7\u0131l\u0131\u015f\u0131n\u0131 ger\u00e7ekle\u015ftirdiklerini belirtti. Halk\u0131n refah\u0131, devletin g\u00fc\u00e7lenmesi ve ortak gelece\u011fin g\u00fcvence alt\u0131na al\u0131nmas\u0131 i\u00e7in \u00e7al\u0131\u015fmaya devam edeceklerini ifade ederek, yeni [&hellip;]<\/p>\n","protected":false},"author":5,"featured_media":20514,"comment_status":"open","ping_status":"open","sticky":false,"template":"","format":"standard","meta":{"_monsterinsights_skip_tracking":false,"_monsterinsights_sitenote_active":false,"_monsterinsights_sitenote_note":"","_monsterinsights_sitenote_category":0,"footnotes":""},"categories":[102],"tags":[],"class_list":["post-20511","post","type-post","status-publish","format-standard","has-post-thumbnail","hentry","category-haberler"],"aioseo_notices":[],"_links":{"self":[{"href":"https:\/\/ahmetsavasan.com\/tr_tr\/wp-json\/wp\/v2\/posts\/20511","targetHints":{"allow":["GET"]}}],"collection":[{"href":"https:\/\/ahmetsavasan.com\/tr_tr\/wp-json\/wp\/v2\/posts"}],"about":[{"href":"https:\/\/ahmetsavasan.com\/tr_tr\/wp-json\/wp\/v2\/types\/post"}],"author":[{"embeddable":true,"href":"https:\/\/ahmetsavasan.com\/tr_tr\/wp-json\/wp\/v2\/users\/5"}],"replies":[{"embeddable":true,"href":"https:\/\/ahmetsavasan.com\/tr_tr\/wp-json\/wp\/v2\/comments?post=20511"}],"version-history":[{"count":2,"href":"https:\/\/ahmetsavasan.com\/tr_tr\/wp-json\/wp\/v2\/posts\/20511\/revisions"}],"predecessor-version":[{"id":20515,"href":"https:\/\/ahmetsavasan.com\/tr_tr\/wp-json\/wp\/v2\/posts\/20511\/revisions\/20515"}],"wp:featuredmedia":[{"embeddable":true,"href":"https:\/\/ahmetsavasan.com\/tr_tr\/wp-json\/wp\/v2\/media\/20514"}],"wp:attachment":[{"href":"https:\/\/ahmetsavasan.com\/tr_tr\/wp-json\/wp\/v2\/media?parent=20511"}],"wp:term":[{"taxonomy":"category","embeddable":true,"href":"https:\/\/ahmetsavasan.com\/tr_tr\/wp-json\/wp\/v2\/categories?post=20511"},{"taxonomy":"post_tag","embeddable":true,"href":"https:\/\/ahmetsavasan.com\/tr_tr\/wp-json\/wp\/v2\/tags?post=20511"}],"curies":[{"name":"wp","href":"https:\/\/api.w.org\/{rel}","templated":true}]}}