{"id":20800,"date":"2026-01-15T06:56:51","date_gmt":"2026-01-15T06:56:51","guid":{"rendered":"https:\/\/ahmetsavasan.com\/?p=20800"},"modified":"2026-01-19T06:59:24","modified_gmt":"2026-01-19T06:59:24","slug":"ab-uyum-komisyonlari-kktc-de-toplandi-tbmm-kktc","status":"publish","type":"post","link":"https:\/\/ahmetsavasan.com\/tr_tr\/ab-uyum-komisyonlari-kktc-de-toplandi-tbmm-kktc\/","title":{"rendered":"AB UYUM KOM\u0130SYONLARI KKTC DE TOPLANDI TBMM \u2013 KKTC"},"content":{"rendered":"<h3>TBMM AB UYUM KOM\u0130SYONU HEYET\u0130 \u0130LE<br \/>\nKKTC CUMHUR\u0130YET MECL\u0130S\u0130 AB KOM\u0130TES\u0130 ORTAK TOPLANTISI KKTC\u2019DE<br \/>\nD\u00dcZENLEND\u0130<\/h3>\n<p>T\u00fcrkiye B\u00fcy\u00fck Millet Meclisi (TBMM) Avrupa Birli\u011fi Uyum Komisyonu ile Kuzey K\u0131br\u0131s T\u00fcrk<br \/>\nCumhuriyeti (KKTC) Cumhuriyet Meclisi Avrupa Birli\u011fi Uyum Yasa Tasar\u0131lar\u0131n\u0131 G\u00f6r\u00fc\u015fmek<br \/>\n\u00dczere olu\u015fturulan Komitesi aras\u0131nda ortak toplant\u0131, KKTC\u2019de ger\u00e7ekle\u015ftirildi.<br \/>\nKKTC Cumhuriyet Meclisi AB Komitesi Ba\u015fkan\u0131 Dr. Ahmet Sava\u015fan ile TBMM AB Uyum<br \/>\nKomisyonu Ba\u015fkan\u0131 Burhan Kayat\u00fcrk\u2019\u00fcn ba\u015fkanl\u0131\u011f\u0131nda yap\u0131lan toplant\u0131da; K\u0131br\u0131s meselesi,<br \/>\nparlamentolar aras\u0131 i\u015f birli\u011fi, AB ile ili\u015fkiler ve T\u00fcrk d\u00fcnyas\u0131yla geli\u015ftirilen temaslar ele al\u0131nd\u0131.<br \/>\nToplant\u0131n\u0131n a\u00e7\u0131l\u0131\u015f\u0131nda konu\u015fan KKTC Cumhuriyet Meclisi AB Komitesi Ba\u015fkan\u0131 Dr. Ahmet<br \/>\nSava\u015fan, TBMM AB Uyum Komisyonu heyetinin ziyaretinden duydu\u011fu memnuniyeti dile<br \/>\ngetirerek, meclisler aras\u0131 i\u015f birli\u011finin KKTC\u2019nin siyasi hedefleri a\u00e7\u0131s\u0131ndan b\u00fcy\u00fck \u00f6nem<br \/>\nta\u015f\u0131d\u0131\u011f\u0131n\u0131 vurgulad\u0131. Dr. Ahmet Sava\u015fan, parlamentolar b\u00fcnyesinde olu\u015fturulan AB Uyum<br \/>\nKomisyonlar\u0131n\u0131n temel amac\u0131n\u0131n; T\u00fcrkiye Cumhuriyeti\u2019nin g\u00fc\u00e7l\u00fc deste\u011fiyle varolu\u015f<br \/>\nm\u00fccadelesini s\u00fcrd\u00fcren KKTC\u2019nin siyasi gelecek hedefleri aras\u0131nda Avrupa Birli\u011fi \u00fcyeli\u011fi<br \/>\niradesini canl\u0131 tutmak ve AB \u00fcyeli\u011finden ba\u011f\u0131ms\u0131z olarak yasa ve t\u00fcz\u00fckleri \u00e7a\u011fda\u015f ya\u015fam\u0131n<br \/>\nevrensel de\u011ferleri ve \u00f6rnek uygulamalar\u0131yla uyumlu h\u00e2le getirmek oldu\u011funu ifade etti.<br \/>\nAvrupa Birli\u011fi\u2019nin K\u0131br\u0131s meselesinde tarafl\u0131 bir tutum sergiledi\u011fini ifade eden Sava\u015fan, 2004<br \/>\ny\u0131l\u0131nda Rum taraf\u0131n\u0131n t\u00fcm aday\u0131 temsilen AB \u00fcyeli\u011fine kabul edilmesinin \u00e7\u00f6z\u00fcm s\u00fcrecini<br \/>\nolumsuz etkiledi\u011fini kaydetti. Buna ra\u011fmen KKTC\u2019nin, Anavatan T\u00fcrkiye\u2019nin g\u00fc\u00e7l\u00fc deste\u011fiyle<br \/>\nyoluna kararl\u0131l\u0131kla devam etti\u011fini vurgulayan Sava\u015fan; ekonomik geli\u015fmelerin, uluslararas\u0131<br \/>\ntemaslar\u0131n ve T\u00fcrk Devletleri Te\u015fkilat\u0131 \u00e7at\u0131s\u0131 alt\u0131nda y\u00fcr\u00fct\u00fclen i\u015f birliklerinin her ge\u00e7en g\u00fcn<br \/>\nartt\u0131\u011f\u0131n\u0131 ifade etti.<br \/>\nTBMM AB Uyum Komisyonu Ba\u015fkan\u0131 Burhan Kayat\u00fcrk ise TBMM AB Uyum Komisyonu<br \/>\nheyeti olarak KKTC\u2019ye ger\u00e7ekle\u015ftirilen ziyaretten duyduklar\u0131 memnuniyeti dile getirerek,<br \/>\ng\u00f6sterilen misafirperverlik dolay\u0131s\u0131yla KKTC makamlar\u0131na te\u015fekk\u00fcr etti.<br \/>\nKonu\u015fmas\u0131nda, K\u0131br\u0131s T\u00fcrk halk\u0131n\u0131n \u00d6zg\u00fcrl\u00fck M\u00fccadelesi Lideri Dr. Faz\u0131l K\u00fc\u00e7\u00fck ile Kurucu<br \/>\nCumhurba\u015fkan\u0131 Rauf Raif Denkta\u015f\u2019\u0131 vefat y\u0131l d\u00f6n\u00fcmlerinde rahmetle anan Kayat\u00fcrk, K\u0131br\u0131s<br \/>\nmeselesinin T\u00fcrkiye i\u00e7in bir mill\u00ee dava oldu\u011funu vurgulad\u0131. Bu kapsamda TBMM ile KKTC<br \/>\nCumhuriyet Meclisi\u2019nin e\u015f g\u00fcd\u00fcm i\u00e7inde hareket etmesinin b\u00fcy\u00fck \u00f6nem ta\u015f\u0131d\u0131\u011f\u0131n\u0131 ifade eden<br \/>\nKayat\u00fcrk, parlamenterler aras\u0131 diyalo\u011fun kar\u015f\u0131l\u0131kl\u0131 ziyaretlerle s\u00fcrekli canl\u0131 tutulmas\u0131<br \/>\ngerekti\u011fini belirtti.<br \/>\nKayat\u00fcrk, Cumhuriyet Meclisi\u2013TBMM Parlamentolar Aras\u0131 Dostluk Grubu\u2019nun 7\u201310 Temmuz<br \/>\n2025 tarihlerinde Ankara\u2019da ger\u00e7ekle\u015ftirdi\u011fi ziyaretin son derece verimli ge\u00e7ti\u011fini<br \/>\nkaydederek, KKTC\u2019nin uluslararas\u0131 g\u00f6r\u00fcn\u00fcrl\u00fc\u011f\u00fcn\u00fcn art\u0131r\u0131lmas\u0131 amac\u0131yla T\u00fcrk Devletleri ile<br \/>\nparlamentolar aras\u0131 ili\u015fkilerin geli\u015ftirilmesine b\u00fcy\u00fck \u00f6nem verdiklerini ifade etti. Azerbaycan<br \/>\nMill\u00ee Meclisi ile KKTC Cumhuriyet Meclisi aras\u0131nda kurulan Dostluk Grubu\u2019nun bu s\u00fcre\u00e7te<br \/>\n\u00f6nemli bir ad\u0131m oldu\u011funu vurgulad\u0131.<br \/>\nT\u00fcrkiye\u2013KKTC Parlamentolar Aras\u0131 Dostluk Grubu ile Azerbaycan Parlamentolar Aras\u0131<br \/>\nDostluk Grubu\u2019ndan olu\u015fan karma heyetin, 14\u201316 Kas\u0131m 2025 tarihlerinde KKTC\u2019nin 42\u2019nci<br \/>\nkurulu\u015f y\u0131l d\u00f6n\u00fcm\u00fc etkinliklerine kat\u0131lmak \u00fczere KKTC\u2019ye resm\u00ee bir ziyaret ger\u00e7ekle\u015ftirdi\u011fini<br \/>\nhat\u0131rlatan Kayat\u00fcrk, bu toplant\u0131lar\u0131n \u201c\u00dc\u00e7 Devlet, Bir Millet Toplant\u0131lar\u0131\u201d ad\u0131yla d\u00fczenlenmesini<\/p>\n<p>son derece k\u0131ymetli bulduklar\u0131n\u0131 ifade etti. Kayat\u00fcrk, bu anlay\u0131\u015f\u0131n ortak tarih, k\u00fclt\u00fcr, dil ve<br \/>\nkader birli\u011finin g\u00fc\u00e7l\u00fc bir yans\u0131mas\u0131 oldu\u011funu belirtti.<br \/>\nK\u0131br\u0131s meselesinde adil, kal\u0131c\u0131 ve s\u00fcrd\u00fcr\u00fclebilir bir \u00e7\u00f6z\u00fcm\u00fcn ancak K\u0131br\u0131s T\u00fcrk halk\u0131n\u0131n<br \/>\negemen e\u015fitli\u011fi ve e\u015fit uluslararas\u0131 stat\u00fcs\u00fcn\u00fcn uluslararas\u0131 toplum taraf\u0131ndan tan\u0131nmas\u0131yla<br \/>\nm\u00fcmk\u00fcn olaca\u011f\u0131n\u0131 vurgulayan Kayat\u00fcrk, Cumhurba\u015fkan\u0131 Recep Tayyip Erdo\u011fan\u2019\u0131n son d\u00f6rt<br \/>\nBirle\u015fmi\u015f Milletler Genel Kurulu hitab\u0131nda uluslararas\u0131 topluma KKTC\u2019yi tan\u0131ma \u00e7a\u011fr\u0131s\u0131<br \/>\nyapt\u0131\u011f\u0131n\u0131 hat\u0131rlatt\u0131.<br \/>\nKayat\u00fcrk, Ada\u2019daki ger\u00e7ekleri ve taraflar\u0131n iradesini yans\u0131tmayan hi\u00e7bir \u00f6nerinin \u00e7\u00f6z\u00fcm<br \/>\ngetirmeyece\u011finin art\u0131k uluslararas\u0131 toplum taraf\u0131ndan da g\u00f6r\u00fclmesi gerekti\u011fini belirterek,<br \/>\nAnavatan ve Garant\u00f6r T\u00fcrkiye\u2019nin; tarih\u00ee, hukuk\u00ee ve insani sorumluluklar\u0131 \u00e7er\u00e7evesinde K\u0131br\u0131s<br \/>\nT\u00fcrk halk\u0131n\u0131n huzuru, refah\u0131 ve kalk\u0131nmas\u0131 i\u00e7in deste\u011fini kararl\u0131l\u0131kla s\u00fcrd\u00fcrece\u011fini ifade etti.<\/p>\n<p><img fetchpriority=\"high\" decoding=\"async\" class=\"alignnone size-medium wp-image-61323\" src=\"https:\/\/www.saglikkonseyihaber.com\/wp-content\/uploads\/2-1-2-300x200.jpeg\" sizes=\"(max-width: 300px) 100vw, 300px\" srcset=\"https:\/\/www.saglikkonseyihaber.com\/wp-content\/uploads\/2-1-2-300x200.jpeg 300w, https:\/\/www.saglikkonseyihaber.com\/wp-content\/uploads\/2-1-2-1024x682.jpeg 1024w, https:\/\/www.saglikkonseyihaber.com\/wp-content\/uploads\/2-1-2-768x512.jpeg 768w, https:\/\/www.saglikkonseyihaber.com\/wp-content\/uploads\/2-1-2-1536x1024.jpeg 1536w, https:\/\/www.saglikkonseyihaber.com\/wp-content\/uploads\/2-1-2-2048x1365.jpeg 2048w\" alt=\"\" width=\"300\" height=\"200\" \/><\/p>\n","protected":false},"excerpt":{"rendered":"<p>TBMM AB UYUM KOM\u0130SYONU HEYET\u0130 \u0130LE KKTC CUMHUR\u0130YET MECL\u0130S\u0130 AB KOM\u0130TES\u0130 ORTAK TOPLANTISI KKTC\u2019DE D\u00dcZENLEND\u0130 T\u00fcrkiye B\u00fcy\u00fck Millet Meclisi (TBMM) Avrupa Birli\u011fi Uyum Komisyonu ile Kuzey K\u0131br\u0131s T\u00fcrk Cumhuriyeti (KKTC) Cumhuriyet Meclisi Avrupa Birli\u011fi Uyum Yasa Tasar\u0131lar\u0131n\u0131 G\u00f6r\u00fc\u015fmek \u00dczere olu\u015fturulan Komitesi aras\u0131nda ortak toplant\u0131, KKTC\u2019de ger\u00e7ekle\u015ftirildi. KKTC Cumhuriyet Meclisi AB Komitesi Ba\u015fkan\u0131 Dr. Ahmet Sava\u015fan [&hellip;]<\/p>\n","protected":false},"author":5,"featured_media":20801,"comment_status":"open","ping_status":"open","sticky":false,"template":"","format":"standard","meta":{"_monsterinsights_skip_tracking":false,"_monsterinsights_sitenote_active":false,"_monsterinsights_sitenote_note":"","_monsterinsights_sitenote_category":0,"footnotes":""},"categories":[102],"tags":[],"class_list":["post-20800","post","type-post","status-publish","format-standard","has-post-thumbnail","hentry","category-haberler"],"aioseo_notices":[],"_links":{"self":[{"href":"https:\/\/ahmetsavasan.com\/tr_tr\/wp-json\/wp\/v2\/posts\/20800","targetHints":{"allow":["GET"]}}],"collection":[{"href":"https:\/\/ahmetsavasan.com\/tr_tr\/wp-json\/wp\/v2\/posts"}],"about":[{"href":"https:\/\/ahmetsavasan.com\/tr_tr\/wp-json\/wp\/v2\/types\/post"}],"author":[{"embeddable":true,"href":"https:\/\/ahmetsavasan.com\/tr_tr\/wp-json\/wp\/v2\/users\/5"}],"replies":[{"embeddable":true,"href":"https:\/\/ahmetsavasan.com\/tr_tr\/wp-json\/wp\/v2\/comments?post=20800"}],"version-history":[{"count":1,"href":"https:\/\/ahmetsavasan.com\/tr_tr\/wp-json\/wp\/v2\/posts\/20800\/revisions"}],"predecessor-version":[{"id":20802,"href":"https:\/\/ahmetsavasan.com\/tr_tr\/wp-json\/wp\/v2\/posts\/20800\/revisions\/20802"}],"wp:featuredmedia":[{"embeddable":true,"href":"https:\/\/ahmetsavasan.com\/tr_tr\/wp-json\/wp\/v2\/media\/20801"}],"wp:attachment":[{"href":"https:\/\/ahmetsavasan.com\/tr_tr\/wp-json\/wp\/v2\/media?parent=20800"}],"wp:term":[{"taxonomy":"category","embeddable":true,"href":"https:\/\/ahmetsavasan.com\/tr_tr\/wp-json\/wp\/v2\/categories?post=20800"},{"taxonomy":"post_tag","embeddable":true,"href":"https:\/\/ahmetsavasan.com\/tr_tr\/wp-json\/wp\/v2\/tags?post=20800"}],"curies":[{"name":"wp","href":"https:\/\/api.w.org\/{rel}","templated":true}]}}