{"id":20878,"date":"2026-03-23T15:41:57","date_gmt":"2026-03-23T15:41:57","guid":{"rendered":"https:\/\/ahmetsavasan.com\/?p=20878"},"modified":"2026-03-23T15:41:57","modified_gmt":"2026-03-23T15:41:57","slug":"savasan-kapsayici-ve-duyarli-bir-gelecek-insa-etme-sorumlulugumuz-var","status":"publish","type":"post","link":"https:\/\/ahmetsavasan.com\/tr_tr\/savasan-kapsayici-ve-duyarli-bir-gelecek-insa-etme-sorumlulugumuz-var\/","title":{"rendered":"Sava\u015fan: Kapsay\u0131c\u0131 ve duyarl\u0131 bir gelecek in\u015fa etme sorumlulu\u011fumuz var"},"content":{"rendered":"<h3>UBP Genel Sekreteri Ahmet Sava\u015fan, ki\u015fisel sosyal medya hesab\u0131nda yapt\u0131\u011f\u0131 payla\u015f\u0131mda, D\u00fcnya Down Sendromu G\u00fcn\u00fc dolay\u0131s\u0131yla Cumhuriyet Meclisi\u2019nde anlaml\u0131 bir etkinli\u011fe imza att\u0131klar\u0131n\u0131 ifade etti.<\/h3>\n<p>Sava\u015fan, Meclis Genel Kurulu toplant\u0131s\u0131n\u0131 down sendromlu gen\u00e7lerle birlikte sembolik olarak a\u00e7man\u0131n mutlulu\u011funu ya\u015fad\u0131klar\u0131n\u0131 belirterek, bu \u00f6zel g\u00fcn\u00fcn yaln\u0131zca fark\u0131ndal\u0131k de\u011fil; kabul, sevgi ve e\u015fitlik a\u00e7\u0131s\u0131ndan da \u00f6nemli mesajlar<br \/>\ni\u00e7erdi\u011fini vurgulad\u0131.<br \/>\nDown sendromlu bireylerin samimiyeti, enerjisi ve ya\u015fam sevinciyle herkese ilham verdi\u011fini kaydeden Sava\u015fan, toplum olarak daha kapsay\u0131c\u0131 ve duyarl\u0131 bir gelecek in\u015fa etme sorumlulu\u011funun alt\u0131n\u0131 \u00e7izdi. Farkl\u0131l\u0131klar\u0131n toplumu zenginle\u015ftiren en \u00f6nemli de\u011ferlerden biri oldu\u011funu ifade eden Sava\u015fan, down sendromlu bireylerin e\u011fitimden istihdama, sosyal ya\u015famdan karar alma s\u00fcre\u00e7lerine kadar her alanda daha g\u00f6r\u00fcn\u00fcr olmalar\u0131 i\u00e7in \u00e7al\u0131\u015fmalar\u0131n<br \/>\ns\u00fcrd\u00fcr\u00fclece\u011fini belirtti. Sava\u015fan, a\u00e7\u0131klamas\u0131n\u0131n sonunda t\u00fcm down sendromlu bireylere ve ailelerine sevgi<br \/>\nve selamlar\u0131n\u0131 ileterek, onlar\u0131n hak ettikleri ya\u015fam ko\u015fullar\u0131na ula\u015fmalar\u0131 ad\u0131na kararl\u0131l\u0131kla \u00e7al\u0131\u015fmaya devam edeceklerini ifade etti.<\/p>\n<div class=\"post-bottom-meta post-bottom-edit\">\n<div class=\"post-bottom-meta-title\"><\/div>\n<\/div>\n","protected":false},"excerpt":{"rendered":"<p>UBP Genel Sekreteri Ahmet Sava\u015fan, ki\u015fisel sosyal medya hesab\u0131nda yapt\u0131\u011f\u0131 payla\u015f\u0131mda, D\u00fcnya Down Sendromu G\u00fcn\u00fc dolay\u0131s\u0131yla Cumhuriyet Meclisi\u2019nde anlaml\u0131 bir etkinli\u011fe imza att\u0131klar\u0131n\u0131 ifade etti. Sava\u015fan, Meclis Genel Kurulu toplant\u0131s\u0131n\u0131 down sendromlu gen\u00e7lerle birlikte sembolik olarak a\u00e7man\u0131n mutlulu\u011funu ya\u015fad\u0131klar\u0131n\u0131 belirterek, bu \u00f6zel g\u00fcn\u00fcn yaln\u0131zca fark\u0131ndal\u0131k de\u011fil; kabul, sevgi ve e\u015fitlik a\u00e7\u0131s\u0131ndan da \u00f6nemli mesajlar i\u00e7erdi\u011fini [&hellip;]<\/p>\n","protected":false},"author":5,"featured_media":20879,"comment_status":"closed","ping_status":"closed","sticky":false,"template":"","format":"standard","meta":{"_monsterinsights_skip_tracking":false,"_monsterinsights_sitenote_active":false,"_monsterinsights_sitenote_note":"","_monsterinsights_sitenote_category":0,"footnotes":""},"categories":[102],"tags":[],"class_list":["post-20878","post","type-post","status-publish","format-standard","has-post-thumbnail","hentry","category-haberler"],"aioseo_notices":[],"_links":{"self":[{"href":"https:\/\/ahmetsavasan.com\/tr_tr\/wp-json\/wp\/v2\/posts\/20878","targetHints":{"allow":["GET"]}}],"collection":[{"href":"https:\/\/ahmetsavasan.com\/tr_tr\/wp-json\/wp\/v2\/posts"}],"about":[{"href":"https:\/\/ahmetsavasan.com\/tr_tr\/wp-json\/wp\/v2\/types\/post"}],"author":[{"embeddable":true,"href":"https:\/\/ahmetsavasan.com\/tr_tr\/wp-json\/wp\/v2\/users\/5"}],"replies":[{"embeddable":true,"href":"https:\/\/ahmetsavasan.com\/tr_tr\/wp-json\/wp\/v2\/comments?post=20878"}],"version-history":[{"count":1,"href":"https:\/\/ahmetsavasan.com\/tr_tr\/wp-json\/wp\/v2\/posts\/20878\/revisions"}],"predecessor-version":[{"id":20880,"href":"https:\/\/ahmetsavasan.com\/tr_tr\/wp-json\/wp\/v2\/posts\/20878\/revisions\/20880"}],"wp:featuredmedia":[{"embeddable":true,"href":"https:\/\/ahmetsavasan.com\/tr_tr\/wp-json\/wp\/v2\/media\/20879"}],"wp:attachment":[{"href":"https:\/\/ahmetsavasan.com\/tr_tr\/wp-json\/wp\/v2\/media?parent=20878"}],"wp:term":[{"taxonomy":"category","embeddable":true,"href":"https:\/\/ahmetsavasan.com\/tr_tr\/wp-json\/wp\/v2\/categories?post=20878"},{"taxonomy":"post_tag","embeddable":true,"href":"https:\/\/ahmetsavasan.com\/tr_tr\/wp-json\/wp\/v2\/tags?post=20878"}],"curies":[{"name":"wp","href":"https:\/\/api.w.org\/{rel}","templated":true}]}}