{"id":20897,"date":"2026-04-20T06:53:23","date_gmt":"2026-04-20T06:53:23","guid":{"rendered":"https:\/\/ahmetsavasan.com\/?p=20897"},"modified":"2026-04-20T06:53:23","modified_gmt":"2026-04-20T06:53:23","slug":"ahmet-savasan-hpye-iliskin-duzenleme-grup-toplantisi-sonrasi-netlik-kazanacak","status":"publish","type":"post","link":"https:\/\/ahmetsavasan.com\/tr_tr\/ahmet-savasan-hpye-iliskin-duzenleme-grup-toplantisi-sonrasi-netlik-kazanacak\/","title":{"rendered":"Ahmet Sava\u015fan: HP&#8217;ye ili\u015fkin d\u00fczenleme, grup toplant\u0131s\u0131 sonras\u0131 netlik kazanacak"},"content":{"rendered":"<h2>UBP Genel Sekreteri Ahmet Sava\u015fan, hayat pahal\u0131l\u0131\u011f\u0131 (HP) d\u00fczenlemesine ili\u015fkin de\u011ferlendirmelerin bug\u00fcn yap\u0131lacak geni\u015fletilmi\u015f grup toplant\u0131s\u0131 sonras\u0131 netlik kazanaca\u011f\u0131n\u0131 a\u00e7\u0131klad\u0131.<\/h2>\n<div class=\"news-meta flex-container flex-dir-column large-flex-dir-row\"><\/div>\n<div class=\"flex-container flex-space-between\">\n<div class=\"flex-container flex-dir-column\">\n<div class=\"font-size-control flex-container\"><\/div>\n<\/div>\n<\/div>\n<div class=\"news-copy\">\n<p><a href=\"https:\/\/www.kibrispostasi.com\/keyword\/160\" target=\"_blank\" rel=\"noopener\"><span class=\"marked\">UBP<\/span><\/a>\u00a0Genel Sekreteri ve Grup Ba\u015fkanvekili\u00a0<a href=\"https:\/\/www.kibrispostasi.com\/keyword\/8\" target=\"_blank\" rel=\"noopener\"><span class=\"marked\">Ahmet Sava\u015fan<\/span><\/a>, hayat pahal\u0131l\u0131\u011f\u0131na ili\u015fkin d\u00fczenleme kapsam\u0131nda y\u00fcr\u00fct\u00fclen de\u011ferlendirme s\u00fcrecinin, bug\u00fcn saat 09.30\u2019da koalisyon ortaklar\u0131n\u0131n kat\u0131l\u0131m\u0131yla ger\u00e7ekle\u015ftirilecek\u00a0<a href=\"https:\/\/www.kibrispostasi.com\/keyword\/160\" target=\"_blank\" rel=\"noopener\"><span class=\"marked\">UBP<\/span><\/a>\u00a0geni\u015fletilmi\u015f grup toplant\u0131s\u0131n\u0131n ard\u0131ndan netlik kazanaca\u011f\u0131n\u0131 s\u00f6yledi.<\/p>\n<p>Konuya ili\u015fkin T\u00fcrk Ajans\u0131 K\u0131br\u0131s (TAK) muhabirine de\u011ferlendirmede bulunan Sava\u015fan, son bir hafta i\u00e7erisinde hem bakanlar\u0131n hem de milletvekillerinin \u00e7al\u0131\u015fmalar\u0131n\u0131 kesintisiz \u015fekilde s\u00fcrd\u00fcrd\u00fc\u011f\u00fcn\u00fc belirtti. Sava\u015fan, s\u00fcrecin toplumsal uzla\u015f\u0131 temelinde daha kapsay\u0131c\u0131 bir noktaya ta\u015f\u0131nmas\u0131 amac\u0131yla karar \u00fcretilmesinin \u00f6ng\u00f6r\u00fcld\u00fc\u011f\u00fcn\u00fc vurgulad\u0131.<\/p>\n<p>Sava\u015fan ayr\u0131ca, yeni haftayla birlikte Meclis \u00e7al\u0131\u015fmalar\u0131n\u0131n normal seyrinde devam edebilmesi i\u00e7in gerekli ad\u0131mlar\u0131n at\u0131laca\u011f\u0131n\u0131 kaydetti.<\/p>\n<\/div>\n","protected":false},"excerpt":{"rendered":"<p>UBP Genel Sekreteri Ahmet Sava\u015fan, hayat pahal\u0131l\u0131\u011f\u0131 (HP) d\u00fczenlemesine ili\u015fkin de\u011ferlendirmelerin bug\u00fcn yap\u0131lacak geni\u015fletilmi\u015f grup toplant\u0131s\u0131 sonras\u0131 netlik kazanaca\u011f\u0131n\u0131 a\u00e7\u0131klad\u0131. UBP\u00a0Genel Sekreteri ve Grup Ba\u015fkanvekili\u00a0Ahmet Sava\u015fan, hayat pahal\u0131l\u0131\u011f\u0131na ili\u015fkin d\u00fczenleme kapsam\u0131nda y\u00fcr\u00fct\u00fclen de\u011ferlendirme s\u00fcrecinin, bug\u00fcn saat 09.30\u2019da koalisyon ortaklar\u0131n\u0131n kat\u0131l\u0131m\u0131yla ger\u00e7ekle\u015ftirilecek\u00a0UBP\u00a0geni\u015fletilmi\u015f grup toplant\u0131s\u0131n\u0131n ard\u0131ndan netlik kazanaca\u011f\u0131n\u0131 s\u00f6yledi. Konuya ili\u015fkin T\u00fcrk Ajans\u0131 K\u0131br\u0131s (TAK) muhabirine de\u011ferlendirmede [&hellip;]<\/p>\n","protected":false},"author":4,"featured_media":20898,"comment_status":"closed","ping_status":"closed","sticky":false,"template":"","format":"standard","meta":{"_monsterinsights_skip_tracking":false,"_monsterinsights_sitenote_active":false,"_monsterinsights_sitenote_note":"","_monsterinsights_sitenote_category":0,"footnotes":""},"categories":[102],"tags":[],"class_list":["post-20897","post","type-post","status-publish","format-standard","has-post-thumbnail","hentry","category-haberler"],"aioseo_notices":[],"_links":{"self":[{"href":"https:\/\/ahmetsavasan.com\/tr_tr\/wp-json\/wp\/v2\/posts\/20897","targetHints":{"allow":["GET"]}}],"collection":[{"href":"https:\/\/ahmetsavasan.com\/tr_tr\/wp-json\/wp\/v2\/posts"}],"about":[{"href":"https:\/\/ahmetsavasan.com\/tr_tr\/wp-json\/wp\/v2\/types\/post"}],"author":[{"embeddable":true,"href":"https:\/\/ahmetsavasan.com\/tr_tr\/wp-json\/wp\/v2\/users\/4"}],"replies":[{"embeddable":true,"href":"https:\/\/ahmetsavasan.com\/tr_tr\/wp-json\/wp\/v2\/comments?post=20897"}],"version-history":[{"count":1,"href":"https:\/\/ahmetsavasan.com\/tr_tr\/wp-json\/wp\/v2\/posts\/20897\/revisions"}],"predecessor-version":[{"id":20899,"href":"https:\/\/ahmetsavasan.com\/tr_tr\/wp-json\/wp\/v2\/posts\/20897\/revisions\/20899"}],"wp:featuredmedia":[{"embeddable":true,"href":"https:\/\/ahmetsavasan.com\/tr_tr\/wp-json\/wp\/v2\/media\/20898"}],"wp:attachment":[{"href":"https:\/\/ahmetsavasan.com\/tr_tr\/wp-json\/wp\/v2\/media?parent=20897"}],"wp:term":[{"taxonomy":"category","embeddable":true,"href":"https:\/\/ahmetsavasan.com\/tr_tr\/wp-json\/wp\/v2\/categories?post=20897"},{"taxonomy":"post_tag","embeddable":true,"href":"https:\/\/ahmetsavasan.com\/tr_tr\/wp-json\/wp\/v2\/tags?post=20897"}],"curies":[{"name":"wp","href":"https:\/\/api.w.org\/{rel}","templated":true}]}}