{"id":20900,"date":"2026-04-22T09:34:58","date_gmt":"2026-04-22T09:34:58","guid":{"rendered":"https:\/\/ahmetsavasan.com\/?p=20900"},"modified":"2026-04-22T09:34:58","modified_gmt":"2026-04-22T09:34:58","slug":"savasan-ubpdeki-farkli-yaklasimlar-dezavantaj-degil-zenginliktir-ctp-icerisinde-ciddi-catlaklar-vardir","status":"publish","type":"post","link":"https:\/\/ahmetsavasan.com\/tr_tr\/savasan-ubpdeki-farkli-yaklasimlar-dezavantaj-degil-zenginliktir-ctp-icerisinde-ciddi-catlaklar-vardir\/","title":{"rendered":"Sava\u015fan: UBP&#8217;deki farkl\u0131 yakla\u015f\u0131mlar dezavantaj de\u011fil, zenginliktir; CTP i\u00e7erisinde ciddi \u00e7atlaklar vard\u0131r"},"content":{"rendered":"<h2>UBP Genel Sekreteri Ahmet Sava\u015fan, UBP\u2019nin iktidarda oldu\u011funu, dolay\u0131s\u0131yla i\u00e7erisindeki g\u00f6r\u00fc\u015f farkl\u0131l\u0131klar\u0131n\u0131n bir dezavantaj de\u011fil zenginlik oldu\u011funa i\u015faret ederek, \u201cCTP daha iktidarda olmamas\u0131na ra\u011fmen kendi i\u00e7erisinde ciddi farkl\u0131l\u0131klar ve \u00e7atlaklar var. \u015eenkul, Bar\u00e7\u0131n ve \u015eahiner\u2019in herkesin g\u00f6z\u00fc \u00f6n\u00fcnde farkl\u0131 davran\u0131\u015flar\u0131 ortadad\u0131r\u201d dedi.<\/h2>\n<div class=\"news-copy\">\n<p><a href=\"https:\/\/www.kibrispostasi.com\/keyword\/160\" target=\"_blank\" rel=\"noopener\"><span class=\"marked\">Ulusal Birlik Partisi<\/span><\/a>\u00a0(<a href=\"https:\/\/www.kibrispostasi.com\/keyword\/160\" target=\"_blank\" rel=\"noopener\"><span class=\"marked\">UBP<\/span><\/a>) Genel Sekreteri\u00a0<a href=\"https:\/\/www.kibrispostasi.com\/keyword\/8\" target=\"_blank\" rel=\"noopener\"><span class=\"marked\">Ahmet Sava\u015fan<\/span><\/a>, Canan Onurer\u2019in haz\u0131rlay\u0131p sundu\u011fu \u201cSabah\u0131n Haberleri\u201d program\u0131na konuk oldu.<\/p>\n<p><strong>&#8220;HP KONUSUNUN GEN\u0130\u015e B\u0130R KABUL G\u00d6RMED\u0130\u011e\u0130N\u0130 G\u00d6RD\u00dcK VE UZLA\u015eI ADIMI ATTIK&#8221;<\/strong><\/p>\n<p>Programda ilk olarak Cumhuriyet Meclisi Genel Kurulu\u2019ndan komiteye \u00e7ekilen ve genel grev ile eylemlere neden olan hayat pahal\u0131l\u0131\u011f\u0131 tasar\u0131s\u0131n\u0131 de\u011ferlendiren Sava\u015fan, ya\u015fanan b\u00f6lgesel geli\u015fmeler ve H\u00fcrm\u00fcz Bo\u011faz\u0131\u2019n\u0131n kapanmas\u0131 ihtimali \u00e7er\u00e7evesinde ekonomik tedbirler kapsam\u0131nda bu tasar\u0131y\u0131 g\u00fcndeme getirdiklerini ifade etti.<\/p>\n<p>Hayat\u0131n daha da pahal\u0131la\u015faca\u011f\u0131 y\u00f6n\u00fcnde \u00f6ng\u00f6r\u00fcde bulunduklar\u0131n\u0131 belirten Sava\u015fan, bu \u00e7er\u00e7evede giri\u015fimde bulunduklar\u0131n\u0131 ancak halk\u0131n tepki g\u00f6stermesi \u00fczerine uzla\u015f\u0131 k\u00fclt\u00fcr\u00fcn\u00fcn bir g\u00f6stergesi olarak geri ad\u0131m att\u0131klar\u0131n\u0131 s\u00f6yledi. Sava\u015fan, \u201cGeleneksel siyasetin aksine halk\u0131n taleplerine kulak vererek uzla\u015f\u0131 ad\u0131m\u0131 att\u0131k. \u0130lgili \u00f6nerinin geni\u015f bir kabul g\u00f6rmedi\u011fini de g\u00f6zlemledik\u201d dedi. 11 yasan\u0131n komitede g\u00f6r\u00fc\u015f\u00fclmek \u00fczere geri \u00e7ekilmesine ili\u015fkin s\u00fcrece de de\u011finen Sava\u015fan, yasama ve denetim faaliyetlerinin gelecek hafta itibar\u0131yla normale d\u00f6nece\u011fini ifade etti.<\/p>\n<p>Onurer&#8217;in sorusu \u00fczerine hayat pahal\u0131l\u0131\u011f\u0131 konusunda \u00c7al\u0131\u015fma ve Sosyal G\u00fcvenlik Bakan\u0131\u00a0<a href=\"https:\/\/www.kibrispostasi.com\/keyword\/67\" target=\"_blank\" rel=\"noopener\"><span class=\"marked\">O\u011fuzhan Hasipo\u011flu<\/span><\/a>\u2019nun \u201cBizim konu\u015faca\u011f\u0131m\u0131z, Haziran\u2019da %50 \u00f6densin \u00f6nerisidir. Hayat pahal\u0131l\u0131\u011f\u0131 konusu ile ilgili asl\u0131nda diyalog hep oldu. \u00d6zellikle sava\u015f sebebiyle \u00f6ng\u00f6r\u00fclemez bir s\u00fcre\u00e7 ya\u015fan\u0131yor. Ortak nokta aray\u0131\u015f\u0131m\u0131z her zaman olmu\u015ftur. \u00c7\u0131kacak oran\u0131n %50\u2019si \u00f6densin \u00f6nerisi de bu diyalog s\u00fcrecinde sendikalardan geldi. \u015eu an komitede bunu g\u00f6r\u00fc\u015fece\u011fiz, ba\u015fka bir \u015fey de\u011fil. Ana tart\u0131\u015fma konusu bu olacak\u201d \u015feklindeki a\u00e7\u0131klamas\u0131n\u0131 de\u011ferlendiren Sava\u015fan, Bakanlar Kurulu\u2019nda bu konunun ele al\u0131nd\u0131\u011f\u0131n\u0131 belirterek, bu \u00e7er\u00e7evede ortak bir anlay\u0131\u015fla hareket edilece\u011fine i\u015faret etti. Sava\u015fan, bu konuya \u00e7\u00f6z\u00fcm bulma noktas\u0131nda samimi olduklar\u0131n\u0131 vurgulayarak, ortak ak\u0131l ve uzla\u015f\u0131yla s\u00fcrecin sonu\u00e7land\u0131r\u0131laca\u011f\u0131n\u0131 ifade etti.<\/p>\n<p><strong>&#8220;<a href=\"https:\/\/www.kibrispostasi.com\/keyword\/148\" target=\"_blank\" rel=\"noopener\"><span class=\"marked\">CTP<\/span><\/a>, MUHALEFETTEYKEN B\u0130LE KEND\u0130 \u0130\u00c7ER\u0130S\u0130NDEK\u0130 MUHALEFETE RA\u011eMEN\u00a0<a href=\"https:\/\/www.kibrispostasi.com\/keyword\/160\" target=\"_blank\" rel=\"noopener\"><span class=\"marked\">UBP<\/span><\/a>&#8216;YE Y\u00d6NEL\u0130K ELE\u015eT\u0130R\u0130LER\u0130 BEYHUDE B\u0130R \u00c7ABADIR&#8221;<\/strong><\/p>\n<p>Programda,\u00a0<a href=\"https:\/\/www.kibrispostasi.com\/keyword\/59\" target=\"_blank\" rel=\"noopener\"><span class=\"marked\">Fikri Toros<\/span><\/a>\u2019un \u201c<a href=\"https:\/\/www.kibrispostasi.com\/keyword\/160\" target=\"_blank\" rel=\"noopener\"><span class=\"marked\">UBP<\/span><\/a>\u00a0mevcut anlay\u0131\u015f\u0131na devam ederse 10-12 vekil ya \u00e7\u0131kar\u0131r ya \u00e7\u0131karmaz\u201d s\u00f6zlerinin hat\u0131rlat\u0131lmas\u0131 \u00fczerine de\u011ferlendirmede bulunan Sava\u015fan, \u201c<a href=\"https:\/\/www.kibrispostasi.com\/keyword\/148\" target=\"_blank\" rel=\"noopener\"><span class=\"marked\">CTP<\/span><\/a>\u2019nin muhalefetteyken bile kendi i\u00e7erisindeki muhalefete ra\u011fmen\u00a0<a href=\"https:\/\/www.kibrispostasi.com\/keyword\/160\" target=\"_blank\" rel=\"noopener\"><span class=\"marked\">UBP<\/span><\/a>\u2019ye y\u00f6nelik ele\u015ftirileri beyhude bir \u00e7abad\u0131r\u201d ifadelerini kulland\u0131.<\/p>\n<p><strong>&#8220;<a href=\"https:\/\/www.kibrispostasi.com\/keyword\/160\" target=\"_blank\" rel=\"noopener\"><span class=\"marked\">UBP<\/span><\/a>\u00a0\u0130\u00c7ER\u0130S\u0130NDEK\u0130 ARKADA\u015eLARIMIZIN FARKLI YAKLA\u015eIMLARI B\u0130R DEZAVANTAJ DE\u011e\u0130L, ZENG\u0130NL\u0130KT\u0130R&#8221;<\/strong><\/p>\n<p><a href=\"https:\/\/www.kibrispostasi.com\/keyword\/160\" target=\"_blank\" rel=\"noopener\"><span class=\"marked\">UBP<\/span><\/a>\u00a0i\u00e7erisindeki farkl\u0131 g\u00f6r\u00fc\u015flerin kendilerini rahats\u0131z etmedi\u011fini belirten Sava\u015fan, partinin ulusal \u00e7\u0131karlar do\u011frultusunda hemfikir oldu\u011funu s\u00f6yledi.<\/p>\n<p>\u0130ktidar vekilleri ile muhalefet vekilleri aras\u0131ndaki fark\u0131n sorumluluk alan\u0131ndan kaynakland\u0131\u011f\u0131n\u0131 ifade eden Sava\u015fan, \u201c<a href=\"https:\/\/www.kibrispostasi.com\/keyword\/160\" target=\"_blank\" rel=\"noopener\"><span class=\"marked\">UBP<\/span><\/a>\u00a0i\u00e7erisindeki arkada\u015flar\u0131n farkl\u0131 yakla\u015f\u0131mlar\u0131 bir dezavantaj de\u011fil, zenginliktir\u201d dedi.<\/p>\n<p><strong>&#8220;<a href=\"https:\/\/www.kibrispostasi.com\/keyword\/160\" target=\"_blank\" rel=\"noopener\"><span class=\"marked\">UBP<\/span><\/a>\u00a0H\u0130\u00c7B\u0130R ZAMAN N\u0130SAP SORUNU YA\u015eAMAMI\u015eTIR; MECL\u0130S KUL\u0130SLER\u0130NDE YAPILAN G\u00d6R\u00dc\u015e ALI\u015eVER\u0130\u015eLER\u0130 &#8216;\u0130\u00c7ER\u0130DE BA\u015eKA, MECL\u0130S&#8217;TE BA\u015eKA&#8217; OLARAK LANSE ED\u0130L\u0130YOR&#8221;<\/strong><\/p>\n<p><a href=\"https:\/\/www.kibrispostasi.com\/keyword\/160\" target=\"_blank\" rel=\"noopener\"><span class=\"marked\">UBP<\/span><\/a>\u2019nin hi\u00e7bir zaman nisap sorunu ya\u015famad\u0131\u011f\u0131n\u0131 da belirten Sava\u015fan, Meclis kulislerinde yap\u0131lan g\u00f6r\u00fc\u015f al\u0131\u015fveri\u015flerine ili\u015fkin ele\u015ftirilerin ger\u00e7e\u011fi yans\u0131tmad\u0131\u011f\u0131n\u0131 savundu.<\/p>\n<p>Sava\u015fan, muhalefetin \u201ci\u00e7eride ba\u015fka, Meclis\u2019te ba\u015fka konu\u015fuyorsunuz\u201d y\u00f6n\u00fcndeki s\u00f6ylemlerine de kat\u0131lmad\u0131\u011f\u0131n\u0131 ifade etti.<\/p>\n<p><strong>&#8220;ULUSAL HEDEFLER DO\u011eRULTUSUNDA HER ZAMAN B\u0130RL\u0130K VE BERABERL\u0130\u011e\u0130 SA\u011eLADIK, EN ZOR YASALARDA DAH\u0130 N\u0130SAP KONUSUNDA SORUN YA\u015eAMADIK&#8221;<\/strong><\/p>\n<p>\u0130ktidar\u0131n sorumluluk bilinciyle hareket etti\u011fini vurgulayan Sava\u015fan, \u201cUlusal hedefler do\u011frultusunda her zaman birlik ve beraberli\u011fi sa\u011flad\u0131k. En zor yasalarda dahi nisap sa\u011flama konusunda sorun ya\u015famad\u0131k\u201d dedi.<\/p>\n<p>Ana muhalefet\u00a0<a href=\"https:\/\/www.kibrispostasi.com\/keyword\/148\" target=\"_blank\" rel=\"noopener\"><span class=\"marked\">Cumhuriyet\u00e7i T\u00fcrk Partisi<\/span><\/a>\u00a0i\u00e7erisinde ciddi g\u00f6r\u00fc\u015f ayr\u0131l\u0131klar\u0131 oldu\u011funu ifade eden Sava\u015fan, baz\u0131 milletvekillerinin farkl\u0131 tutumlar\u0131n\u0131n buna \u00f6rnek te\u015fkil etti\u011fini s\u00f6yledi.<\/p>\n<p><strong>&#8220;\u015eENKUL&#8217;UN BAR\u00c7IN VE \u015eAH\u0130NER \u0130LE HERKES\u0130N G\u00d6Z\u00dc \u00d6N\u00dcNDE FARKLI DAVRANI\u015eLARI ORTADAYKEN, H\u00dcK\u00dcMETE BU Y\u00d6NDE ELE\u015eT\u0130R\u0130 Y\u00d6NELT\u0130LMES\u0130 DO\u011eRU DE\u011e\u0130L&#8221;<\/strong><\/p>\n<p>Sava\u015fan, \u201c<a href=\"https:\/\/www.kibrispostasi.com\/keyword\/148\" target=\"_blank\" rel=\"noopener\"><span class=\"marked\">CTP<\/span><\/a>\u00a0daha iktidarda olmamas\u0131na ra\u011fmen kendi i\u00e7erisinde ciddi farkl\u0131l\u0131klar ve \u00e7atlaklar var. \u015eenkul, Bar\u00e7\u0131n ve \u015eahiner\u2019in herkesin g\u00f6z\u00fc \u00f6n\u00fcnde farkl\u0131 davran\u0131\u015flar\u0131 ve konular\u0131 ele al\u0131\u015f \u015fekilleri ortadad\u0131r. \u0130ktidar bile olmadan birlik ve b\u00fct\u00fcnl\u00fc\u011f\u00fc sa\u011flayamayan bir yap\u0131n\u0131n, h\u00fck\u00fcmete bu y\u00f6nde ele\u015ftiri y\u00f6neltmesi do\u011fruyu yans\u0131tmamaktad\u0131r\u201d ifadelerini kulland\u0131.<\/p>\n<p><strong>&#8220;TOROS&#8217;UN S\u00d6YLED\u0130\u011e\u0130 RAKAMLAR YA DA KAMUOYUNA YANSIYAN ANKETLER GER\u00c7E\u011e\u0130 YANSITMIYOR; B\u0130Z\u0130M ANKETLER\u0130M\u0130ZE G\u00d6RE\u00a0<a href=\"https:\/\/www.kibrispostasi.com\/keyword\/148\" target=\"_blank\" rel=\"noopener\"><span class=\"marked\">CTP<\/span><\/a>\u00a0\u0130LE OYLARIMIZ \u00c7OK YAKIN&#8221;<\/strong><\/p>\n<p>Program\u0131n sonunda anketler ve se\u00e7im s\u00fcrecine ili\u015fkin de\u011ferlendirmelerde bulunan Sava\u015fan, kamuoyuna yans\u0131yan anketlerin ger\u00e7e\u011fi yans\u0131tmad\u0131\u011f\u0131n\u0131 savundu.<\/p>\n<p>Kendi verilerine g\u00f6re\u00a0<a href=\"https:\/\/www.kibrispostasi.com\/keyword\/160\" target=\"_blank\" rel=\"noopener\"><span class=\"marked\">UBP<\/span><\/a>\u00a0ile\u00a0<a href=\"https:\/\/www.kibrispostasi.com\/keyword\/148\" target=\"_blank\" rel=\"noopener\"><span class=\"marked\">Cumhuriyet\u00e7i T\u00fcrk Partisi<\/span><\/a>\u2019nin oy oranlar\u0131n\u0131n birbirine yak\u0131n oldu\u011funu ifade eden Sava\u015fan, bu y\u00f6ndeki iddialara kat\u0131lmad\u0131\u011f\u0131n\u0131 belirtti.<\/p>\n<\/div>\n","protected":false},"excerpt":{"rendered":"<p>UBP Genel Sekreteri Ahmet Sava\u015fan, UBP\u2019nin iktidarda oldu\u011funu, dolay\u0131s\u0131yla i\u00e7erisindeki g\u00f6r\u00fc\u015f farkl\u0131l\u0131klar\u0131n\u0131n bir dezavantaj de\u011fil zenginlik oldu\u011funa i\u015faret ederek, \u201cCTP daha iktidarda olmamas\u0131na ra\u011fmen kendi i\u00e7erisinde ciddi farkl\u0131l\u0131klar ve \u00e7atlaklar var. \u015eenkul, Bar\u00e7\u0131n ve \u015eahiner\u2019in herkesin g\u00f6z\u00fc \u00f6n\u00fcnde farkl\u0131 davran\u0131\u015flar\u0131 ortadad\u0131r\u201d dedi. Ulusal Birlik Partisi\u00a0(UBP) Genel Sekreteri\u00a0Ahmet Sava\u015fan, Canan Onurer\u2019in haz\u0131rlay\u0131p sundu\u011fu \u201cSabah\u0131n Haberleri\u201d program\u0131na [&hellip;]<\/p>\n","protected":false},"author":4,"featured_media":20901,"comment_status":"closed","ping_status":"closed","sticky":false,"template":"","format":"standard","meta":{"_monsterinsights_skip_tracking":false,"_monsterinsights_sitenote_active":false,"_monsterinsights_sitenote_note":"","_monsterinsights_sitenote_category":0,"footnotes":""},"categories":[102],"tags":[],"class_list":["post-20900","post","type-post","status-publish","format-standard","has-post-thumbnail","hentry","category-haberler"],"aioseo_notices":[],"_links":{"self":[{"href":"https:\/\/ahmetsavasan.com\/tr_tr\/wp-json\/wp\/v2\/posts\/20900","targetHints":{"allow":["GET"]}}],"collection":[{"href":"https:\/\/ahmetsavasan.com\/tr_tr\/wp-json\/wp\/v2\/posts"}],"about":[{"href":"https:\/\/ahmetsavasan.com\/tr_tr\/wp-json\/wp\/v2\/types\/post"}],"author":[{"embeddable":true,"href":"https:\/\/ahmetsavasan.com\/tr_tr\/wp-json\/wp\/v2\/users\/4"}],"replies":[{"embeddable":true,"href":"https:\/\/ahmetsavasan.com\/tr_tr\/wp-json\/wp\/v2\/comments?post=20900"}],"version-history":[{"count":1,"href":"https:\/\/ahmetsavasan.com\/tr_tr\/wp-json\/wp\/v2\/posts\/20900\/revisions"}],"predecessor-version":[{"id":20902,"href":"https:\/\/ahmetsavasan.com\/tr_tr\/wp-json\/wp\/v2\/posts\/20900\/revisions\/20902"}],"wp:featuredmedia":[{"embeddable":true,"href":"https:\/\/ahmetsavasan.com\/tr_tr\/wp-json\/wp\/v2\/media\/20901"}],"wp:attachment":[{"href":"https:\/\/ahmetsavasan.com\/tr_tr\/wp-json\/wp\/v2\/media?parent=20900"}],"wp:term":[{"taxonomy":"category","embeddable":true,"href":"https:\/\/ahmetsavasan.com\/tr_tr\/wp-json\/wp\/v2\/categories?post=20900"},{"taxonomy":"post_tag","embeddable":true,"href":"https:\/\/ahmetsavasan.com\/tr_tr\/wp-json\/wp\/v2\/tags?post=20900"}],"curies":[{"name":"wp","href":"https:\/\/api.w.org\/{rel}","templated":true}]}}