{"id":2174,"date":"2017-01-13T12:51:52","date_gmt":"2017-01-13T12:51:52","guid":{"rendered":"http:\/\/www.ahmetsavasan.biz\/?p=2174"},"modified":"2017-01-13T12:51:52","modified_gmt":"2017-01-13T12:51:52","slug":"savasan-denktas%c2%92in-verdigi-mucadele-gecen-gun-daha-fazla-anlasiliyor","status":"publish","type":"post","link":"https:\/\/ahmetsavasan.com\/tr_tr\/savasan-denktas%c2%92in-verdigi-mucadele-gecen-gun-daha-fazla-anlasiliyor\/","title":{"rendered":"Denkta\u015f&#8217;\u0131n Verdi\u011fi M\u00fccadele Her Ge\u00e7en G\u00fcn Daha Fazla Anla\u015f\u0131l\u0131yor"},"content":{"rendered":"<table id=\"main\" border=\"0\" cellspacing=\"0\" cellpadding=\"0\" align=\"center\">\n<tbody>\n<tr>\n<td id=\"orta\">Sa\u011fl\u0131k Turizmi Konseyi Ba\u015fkan\u0131 Ahmet Sava\u015fan, Kuzey K\u0131br\u0131s T\u00fcrk Cumhuriyeti\u0092nin Kurucu Cumhurba\u015fkan\u0131 Rauf Raif Denkta\u015f&#8217;\u0131n vefat\u0131n\u0131n 5. y\u0131l d\u00f6n\u00fcm\u00fcnde mesaj yay\u0131mlad\u0131. Mesajda, hayat\u0131n\u0131 K\u0131br\u0131s T\u00fcrk\u00fc\u0092n\u00fcn varolu\u015f m\u00fccadelesine adayan D\u00fcnya\u0092n\u0131n kabul etti\u011fi lider ve devlet adam\u0131 Denkta\u015f&#8217;\u0131n halk\u0131 ve devleti i\u00e7in verdi\u011fi m\u00fccadesinin her ge\u00e7en g\u00fcn daha fazla anla\u015f\u0131ld\u0131\u011f\u0131 vurguland\u0131. Ayn\u0131 mesajda, K\u0131br\u0131s T\u00fcrk Halk\u0131\u0092n\u0131n e\u015fitlik ve \u00f6zg\u00fcrl\u00fck davas\u0131n\u0131, T\u00fcrkiyesiyle ger\u00e7ek bir g\u00f6n\u00fcl birli\u011fiyle, b\u0131kmak usanmak nadir bilmeden hayat\u0131n\u0131n son an\u0131na kadar b\u00fcy\u00fck bedeller \u00f6deyerek savunan Denkta\u015f&#8217;\u0131n, taktir g\u00f6ren devlet adaml\u0131\u011f\u0131yla tarihte her zaman k\u0131ymetli bir yere sahip olaca\u011f\u0131na yer verildi. K\u0131br\u0131s T\u00fcrk Halk\u0131\u0092n\u0131n, Dr. Faz\u0131l K\u00fc\u00e7\u00fck ve Rauf R. Denkta\u015f&#8217;\u0131n y\u00fcr\u00fctt\u00fc\u011f\u00fc hakl\u0131 davan\u0131n, adada adil, kapsaml\u0131 ve s\u00fcrd\u00fcr\u00fclebilir bir \u00e7\u00f6z\u00fcme ula\u015f\u0131lmas\u0131 ve b\u00f6lgede bar\u0131\u015f ve istikrar\u0131n egemen olarak, ger\u00e7ek bir turizm adas\u0131 haline gelinebilmesinde yol g\u00f6sterici olmas\u0131 gerekti\u011fine vurgu yap\u0131lan mesajda, \u0093merhum Denkta\u015f&#8217;\u0131 derin bir \u00fcz\u00fcnt\u00fcyle an\u0131yor ve aziz hat\u0131ras\u0131 \u00f6n\u00fcnde sayg\u0131yla e\u011filiyoruz\u0094 ifadelerine yer verildi.<\/p>\n<p>http:\/\/www.mhajans.com\/haber_detay.asp?haberID=13143<\/td>\n<\/tr>\n<\/tbody>\n<\/table>\n","protected":false},"excerpt":{"rendered":"<p>Sa\u011fl\u0131k Turizmi Konseyi Ba\u015fkan\u0131 Ahmet Sava\u015fan, Kuzey K\u0131br\u0131s T\u00fcrk Cumhuriyeti\u0092nin Kurucu Cumhurba\u015fkan\u0131 Rauf Raif Denkta\u015f&#8217;\u0131n vefat\u0131n\u0131n 5. y\u0131l d\u00f6n\u00fcm\u00fcnde mesaj yay\u0131mlad\u0131. Mesajda, hayat\u0131n\u0131 K\u0131br\u0131s T\u00fcrk\u00fc\u0092n\u00fcn varolu\u015f m\u00fccadelesine adayan D\u00fcnya\u0092n\u0131n kabul etti\u011fi lider ve devlet adam\u0131 Denkta\u015f&#8217;\u0131n halk\u0131 ve devleti i\u00e7in verdi\u011fi m\u00fccadesinin her ge\u00e7en g\u00fcn daha fazla anla\u015f\u0131ld\u0131\u011f\u0131 vurguland\u0131. Ayn\u0131 mesajda, K\u0131br\u0131s T\u00fcrk Halk\u0131\u0092n\u0131n e\u015fitlik [&hellip;]<\/p>\n","protected":false},"author":1,"featured_media":2173,"comment_status":"open","ping_status":"open","sticky":false,"template":"","format":"standard","meta":{"_monsterinsights_skip_tracking":false,"_monsterinsights_sitenote_active":false,"_monsterinsights_sitenote_note":"","_monsterinsights_sitenote_category":0,"footnotes":""},"categories":[102],"tags":[],"class_list":["post-2174","post","type-post","status-publish","format-standard","has-post-thumbnail","hentry","category-haberler"],"aioseo_notices":[],"_links":{"self":[{"href":"https:\/\/ahmetsavasan.com\/tr_tr\/wp-json\/wp\/v2\/posts\/2174","targetHints":{"allow":["GET"]}}],"collection":[{"href":"https:\/\/ahmetsavasan.com\/tr_tr\/wp-json\/wp\/v2\/posts"}],"about":[{"href":"https:\/\/ahmetsavasan.com\/tr_tr\/wp-json\/wp\/v2\/types\/post"}],"author":[{"embeddable":true,"href":"https:\/\/ahmetsavasan.com\/tr_tr\/wp-json\/wp\/v2\/users\/1"}],"replies":[{"embeddable":true,"href":"https:\/\/ahmetsavasan.com\/tr_tr\/wp-json\/wp\/v2\/comments?post=2174"}],"version-history":[{"count":0,"href":"https:\/\/ahmetsavasan.com\/tr_tr\/wp-json\/wp\/v2\/posts\/2174\/revisions"}],"wp:featuredmedia":[{"embeddable":true,"href":"https:\/\/ahmetsavasan.com\/tr_tr\/wp-json\/wp\/v2\/media\/2173"}],"wp:attachment":[{"href":"https:\/\/ahmetsavasan.com\/tr_tr\/wp-json\/wp\/v2\/media?parent=2174"}],"wp:term":[{"taxonomy":"category","embeddable":true,"href":"https:\/\/ahmetsavasan.com\/tr_tr\/wp-json\/wp\/v2\/categories?post=2174"},{"taxonomy":"post_tag","embeddable":true,"href":"https:\/\/ahmetsavasan.com\/tr_tr\/wp-json\/wp\/v2\/tags?post=2174"}],"curies":[{"name":"wp","href":"https:\/\/api.w.org\/{rel}","templated":true}]}}