{"id":2178,"date":"2017-01-15T12:58:05","date_gmt":"2017-01-15T12:58:05","guid":{"rendered":"http:\/\/www.ahmetsavasan.biz\/?p=2178"},"modified":"2017-01-15T12:58:05","modified_gmt":"2017-01-15T12:58:05","slug":"kuzey-kibris-turizmine-3-yas-hollandali-turist-dopingi","status":"publish","type":"post","link":"https:\/\/ahmetsavasan.com\/tr_tr\/kuzey-kibris-turizmine-3-yas-hollandali-turist-dopingi\/","title":{"rendered":"Kuzey K\u0131br\u0131s Turizmi&#8217;ne 3. Ya\u015f Hollanda&#8217;l\u0131 Turist Dopingi&#8230;"},"content":{"rendered":"<div id=\"body\">\n<div id=\"main\">\n<table border=\"0\" width=\"1002\" cellspacing=\"0\" cellpadding=\"0\">\n<tbody>\n<tr valign=\"top\">\n<td id=\"main_left\">\n<div id=\"content\" class=\"text\">\n<div class=\"brief\">Hollanda\u2019dan Kuzey K\u0131br\u0131s\u2019a turist hasta g\u00f6nderilmesine y\u00f6nelik olarak yap\u0131lan protokol Uluslararas\u0131 Vakantiebeurs Turizm Fuar\u0131\u2019nda imzaland\u0131<\/div>\n<div>\n<div id=\"body\">\n<div id=\"main\">\n<table border=\"0\" width=\"1002\" cellspacing=\"0\" cellpadding=\"0\">\n<tbody>\n<tr valign=\"top\">\n<td id=\"main_left\">\n<div id=\"content\" class=\"text\">\n<div class=\"full\">\nK\u0131br\u0131s Sa\u011fl\u0131k Turizmi Konseyi\u2019nden yap\u0131lan a\u00e7\u0131klamaya g\u00f6re; Hollanda\u2019n\u0131n Utrecht \u015fehrinde 47.\u2019si ger\u00e7ekle\u015ftirilen uluslararas\u0131 Vakantiebeurs Turizm Fuar\u0131\u2019na KKTC Turizm ve \u00c7evre Bakanl\u0131\u011f\u0131 \u015femsiyesi alt\u0131nda turizm sekt\u00f6r\u00fc yetkilileri ile birlikte kat\u0131lan Konsey Ba\u015fkan\u0131 Ahmet Sava\u015fan\u2019\u0131n, 2017 y\u0131l\u0131na y\u00f6nelik olarak sa\u011fl\u0131k turizmi ile turist sa\u011fl\u0131\u011f\u0131na y\u00f6nelik yeni anla\u015fmalar yapt\u0131\u011f\u0131 bildirildi.<br \/>\n<strong>3\u2019\u00fcnc\u00fc ya\u015f turizminin \u00f6nemi art\u0131yor\u2026<\/strong><br \/>\nG\u00fcn\u00fcm\u00fcz D\u00fcnya\u2019s\u0131nda ekonomileri geli\u015fmi\u015f, iklim \u00f6zellikleri ya\u015fl\u0131lar i\u00e7in uygun olmayan \u00f6zellikle zengin Avrupa ve \u0130skandinav \u00fclkelerindeki ya\u015fl\u0131lar\u0131n ihtiya\u00e7lar\u0131n\u0131n ba\u015fka \u00fclkelerde kar\u015f\u0131lamakta oldu\u011funa dikkat \u00e7eken Ahmet Sava\u015fan, D\u00fcnya\u2019da h\u0131zla geli\u015fen ve \u00e7e\u015fitlenen turizm hareketi i\u00e7inde 3\u2019\u00fcnc\u00fc ya\u015f turizminin \u00f6neminin her ge\u00e7en g\u00fcn artt\u0131\u011f\u0131na i\u015faret etti.<br \/>\n<strong>Hollanda\u2019dan Kuzey K\u0131br\u0131s\u2019a 3. ya\u015f turistleri gelecek\u2026<\/strong><br \/>\nKuzey K\u0131br\u0131s\u2019\u0131n, co\u011frafi konumu, tarihi, turistik ve insani \u00f6zellikleri yan\u0131s\u0131ra, Yak\u0131n Do\u011fu \u00dcniversitesi Hastanesi ve Girne Dr. Suat G\u00fcnsel \u00dcniversitesi Hastanesi ba\u015fta olmak \u00fczere y\u00fcksek konforlu \u00f6zel hastaneleri ile t\u00fcp bebek merkezlerindeki son teknoloji cihazlar\u0131, g\u00fcncel bilgi kullanan uzman hekimleri, uluslararas\u0131 akreditasyonlar\u0131 yan\u0131s\u0131ra, otellerinde sunulan medikal masaj, spa uygulamalar\u0131 ve ayr\u0131ca ya\u015fl\u0131-engelli turizminde sahip oldu\u011fu potansiyeli ile birle\u015ftirdi\u011fi fiyat avantaj\u0131 sayesinde sa\u011fl\u0131k turizminde her ge\u00e7en g\u00fcn daha fazla \u00fclke taraf\u0131ndan tercih edildi\u011fine vurgu yapan Sava\u015fan, Hollanda\u2019dan Kuzey K\u0131br\u0131s\u2019a 3\u2019\u00fcnc\u00fc ya\u015f turistlerinin g\u00f6nderilmesine y\u00f6nelik yeni anla\u015fmalar yapt\u0131klar\u0131n\u0131 s\u00f6yledi.<br \/>\n<img fetchpriority=\"high\" decoding=\"async\" class=\"alignnone  wp-image-2180\" src=\"http:\/\/www.ahmetsavasan.biz\/wp-content\/uploads\/2017\/11\/savasanic-300x158.jpg\" alt=\"\" width=\"425\" height=\"224\" srcset=\"https:\/\/ahmetsavasan.com\/wp-content\/uploads\/2017\/11\/savasanic-300x158.jpg 300w, https:\/\/ahmetsavasan.com\/wp-content\/uploads\/2017\/11\/savasanic.jpg 650w\" sizes=\"(max-width: 425px) 100vw, 425px\" \/><\/p>\n<div id=\"body\">\n<div id=\"main\">\n<table border=\"0\" width=\"1002\" cellspacing=\"0\" cellpadding=\"0\">\n<tbody>\n<tr valign=\"top\">\n<td id=\"main_left\">\n<div id=\"content\" class=\"text\">\n<div class=\"full\">\n<strong>Hollanda\u2019l\u0131lar\u0131n sa\u011fl\u0131\u011f\u0131 YD\u00dc Hastanesi g\u00fcvencesinde\u2026<\/strong><br \/>\n2017 y\u0131l\u0131nda Kuzey K\u0131br\u0131s\u2019a tatil amac\u0131yla g\u00f6nderilecek Hollanda\u2019l\u0131 turistlerin sa\u011fl\u0131\u011f\u0131n\u0131n YD\u00dc Hastanesi g\u00fcvencesine al\u0131nd\u0131\u011f\u0131n\u0131 da belirten Sava\u015fan, Turizm ve \u00c7evre Bakanl\u0131\u011f\u0131\u2019n\u0131n deste\u011fi ve tur operat\u00f6rlerinin yo\u011fun giri\u015fimlerine ek olarak turistlere verilen sa\u011fl\u0131k g\u00fcvencesi sayesinde bu y\u0131l Hollanda\u2019dan Kuzey K\u0131br\u0131s\u2019a daha fazla say\u0131da nitelikli turistin gelece\u011fini s\u00f6zlerine ekledi.<br \/>\nhttp:\/\/www.kibrispostasi.com\/kuzey-kibris-turizmine-3-yas-hollandali-turist-dopingi-15012\n<\/div>\n<\/div>\n<\/td>\n<\/tr>\n<\/tbody>\n<\/table>\n<\/div>\n<\/div>\n<\/div>\n<\/div>\n<\/td>\n<\/tr>\n<\/tbody>\n<\/table>\n<\/div>\n<\/div>\n<\/div>\n<\/div>\n<\/td>\n<\/tr>\n<\/tbody>\n<\/table>\n<\/div>\n<\/div>\n","protected":false},"excerpt":{"rendered":"<p>Hollanda\u2019dan Kuzey K\u0131br\u0131s\u2019a turist hasta g\u00f6nderilmesine y\u00f6nelik olarak yap\u0131lan protokol Uluslararas\u0131 Vakantiebeurs Turizm Fuar\u0131\u2019nda imzaland\u0131 K\u0131br\u0131s Sa\u011fl\u0131k Turizmi Konseyi\u2019nden yap\u0131lan a\u00e7\u0131klamaya g\u00f6re; Hollanda\u2019n\u0131n Utrecht \u015fehrinde 47.\u2019si ger\u00e7ekle\u015ftirilen uluslararas\u0131 Vakantiebeurs Turizm Fuar\u0131\u2019na KKTC Turizm ve \u00c7evre Bakanl\u0131\u011f\u0131 \u015femsiyesi alt\u0131nda turizm sekt\u00f6r\u00fc yetkilileri ile birlikte kat\u0131lan Konsey Ba\u015fkan\u0131 Ahmet Sava\u015fan\u2019\u0131n, 2017 y\u0131l\u0131na y\u00f6nelik olarak sa\u011fl\u0131k turizmi ile [&hellip;]<\/p>\n","protected":false},"author":1,"featured_media":2179,"comment_status":"open","ping_status":"open","sticky":false,"template":"","format":"standard","meta":{"_monsterinsights_skip_tracking":false,"_monsterinsights_sitenote_active":false,"_monsterinsights_sitenote_note":"","_monsterinsights_sitenote_category":0,"footnotes":""},"categories":[102],"tags":[],"class_list":["post-2178","post","type-post","status-publish","format-standard","has-post-thumbnail","hentry","category-haberler"],"aioseo_notices":[],"_links":{"self":[{"href":"https:\/\/ahmetsavasan.com\/tr_tr\/wp-json\/wp\/v2\/posts\/2178","targetHints":{"allow":["GET"]}}],"collection":[{"href":"https:\/\/ahmetsavasan.com\/tr_tr\/wp-json\/wp\/v2\/posts"}],"about":[{"href":"https:\/\/ahmetsavasan.com\/tr_tr\/wp-json\/wp\/v2\/types\/post"}],"author":[{"embeddable":true,"href":"https:\/\/ahmetsavasan.com\/tr_tr\/wp-json\/wp\/v2\/users\/1"}],"replies":[{"embeddable":true,"href":"https:\/\/ahmetsavasan.com\/tr_tr\/wp-json\/wp\/v2\/comments?post=2178"}],"version-history":[{"count":0,"href":"https:\/\/ahmetsavasan.com\/tr_tr\/wp-json\/wp\/v2\/posts\/2178\/revisions"}],"wp:featuredmedia":[{"embeddable":true,"href":"https:\/\/ahmetsavasan.com\/tr_tr\/wp-json\/wp\/v2\/media\/2179"}],"wp:attachment":[{"href":"https:\/\/ahmetsavasan.com\/tr_tr\/wp-json\/wp\/v2\/media?parent=2178"}],"wp:term":[{"taxonomy":"category","embeddable":true,"href":"https:\/\/ahmetsavasan.com\/tr_tr\/wp-json\/wp\/v2\/categories?post=2178"},{"taxonomy":"post_tag","embeddable":true,"href":"https:\/\/ahmetsavasan.com\/tr_tr\/wp-json\/wp\/v2\/tags?post=2178"}],"curies":[{"name":"wp","href":"https:\/\/api.w.org\/{rel}","templated":true}]}}