{"id":2192,"date":"2017-01-19T13:13:46","date_gmt":"2017-01-19T13:13:46","guid":{"rendered":"http:\/\/www.ahmetsavasan.biz\/?p=2192"},"modified":"2017-01-19T13:13:46","modified_gmt":"2017-01-19T13:13:46","slug":"savasan-dr-kucuk-kktc%c2%92ye-giden-yolu-acan-oncu-bir-liderdir","status":"publish","type":"post","link":"https:\/\/ahmetsavasan.com\/tr_tr\/savasan-dr-kucuk-kktc%c2%92ye-giden-yolu-acan-oncu-bir-liderdir\/","title":{"rendered":"Dr. K\u00fc\u00e7\u00fck, KKTC&#8217;ye Giden Yolu A\u00e7an \u00d6nc\u00fc Bir Liderdir"},"content":{"rendered":"<table id=\"main\" border=\"0\" cellspacing=\"0\" cellpadding=\"0\" align=\"center\">\n<tbody>\n<tr>\n<td id=\"orta\">Sa\u011fl\u0131k Turizmi Konseyi Ba\u015fkan\u0131 Ahmet Sava\u015fan, halk\u00e7\u0131l\u0131\u011f\u0131, m\u00fccadele azmi ve \u00f6zverisiyle y\u00fcreklerde farkl\u0131 ve silinemez bir yere sahip Dr. Faz\u0131l K\u00fc\u00e7\u00fck\u0092\u00fcn K\u0131br\u0131s olaylar\u0131n\u0131n D\u00fcnya \u00e7ap\u0131nda yank\u0131 buldu\u011fu d\u00f6nemlere Lider olarak damgas\u0131n\u0131 vuran \u00e7ok \u00f6nemli bir devlet adam\u0131 oldu\u011funa dikkat \u00e7ekti. Dr. Faz\u0131l K\u00fc\u00e7\u00fck\u0092\u00fcn, K\u0131br\u0131s tarihinin en kritik d\u00f6nemlerinde K\u0131br\u0131s T\u00fcrk Halk\u0131\u0092n\u0131n liderli\u011fini cesaretle \u00fcstlendi\u011fine yer verilen mesajda, Milli M\u00fccadele Kahraman\u0131 K\u00fc\u00e7\u00fck\u0092\u00fcn hayat\u0131n\u0131 K\u0131br\u0131s T\u00fcrkleri\u0092nin varl\u0131\u011f\u0131n\u0131 korumaya adad\u0131\u011f\u0131na vurgu yap\u0131ld\u0131. Dr. Faz\u0131l K\u00fc\u00e7\u00fck\u0092\u00fcn, T\u00fcrkiye olmadan K\u0131br\u0131s T\u00fcrk Halk\u0131\u0092n\u0131n var olamayaca\u011f\u0131n\u0131 ortaya koyarak varolu\u015f m\u00fccadelesini \u00f6rg\u00fctleyen ve ENOS\u0130S\u0092e b\u00fcy\u00fck bir cesaretle kar\u015f\u0131 \u00e7\u0131karak Kuzey K\u0131br\u0131s T\u00fcrk Cumhuriyeti\u0092ne giden yolu a\u00e7an \u00f6nc\u00fc bir lider oldu\u011funa de\u011finilen mesajda, i\u00e7inden ge\u00e7ti\u011fimiz bu hassas d\u00f6nemde K\u0131br\u0131s\u0092da adil, kapsaml\u0131 ve s\u00fcrd\u00fcr\u00fclebilir bir \u00e7\u00f6z\u00fcme ula\u015f\u0131lmas\u0131 ve b\u00f6lgede bar\u0131\u015f ve istikrar\u0131n egemen olabilmesi i\u00e7in Dr. K\u00fc\u00e7\u00fck\u0092\u00fcn b\u0131rakt\u0131\u011f\u0131 kutsal emanate sahip \u00e7\u0131k\u0131lmas\u0131n\u0131n gereklili\u011fine i\u015faret edildi.<\/td>\n<\/tr>\n<\/tbody>\n<\/table>\n<p>http:\/\/www.mhajans.com\/haber_detay.asp?haberID=13234<\/p>\n","protected":false},"excerpt":{"rendered":"<p>Sa\u011fl\u0131k Turizmi Konseyi Ba\u015fkan\u0131 Ahmet Sava\u015fan, halk\u00e7\u0131l\u0131\u011f\u0131, m\u00fccadele azmi ve \u00f6zverisiyle y\u00fcreklerde farkl\u0131 ve silinemez bir yere sahip Dr. Faz\u0131l K\u00fc\u00e7\u00fck\u0092\u00fcn K\u0131br\u0131s olaylar\u0131n\u0131n D\u00fcnya \u00e7ap\u0131nda yank\u0131 buldu\u011fu d\u00f6nemlere Lider olarak damgas\u0131n\u0131 vuran \u00e7ok \u00f6nemli bir devlet adam\u0131 oldu\u011funa dikkat \u00e7ekti. Dr. Faz\u0131l K\u00fc\u00e7\u00fck\u0092\u00fcn, K\u0131br\u0131s tarihinin en kritik d\u00f6nemlerinde K\u0131br\u0131s T\u00fcrk Halk\u0131\u0092n\u0131n liderli\u011fini cesaretle \u00fcstlendi\u011fine yer [&hellip;]<\/p>\n","protected":false},"author":1,"featured_media":2173,"comment_status":"open","ping_status":"open","sticky":false,"template":"","format":"standard","meta":{"_monsterinsights_skip_tracking":false,"_monsterinsights_sitenote_active":false,"_monsterinsights_sitenote_note":"","_monsterinsights_sitenote_category":0,"footnotes":""},"categories":[102],"tags":[],"class_list":["post-2192","post","type-post","status-publish","format-standard","has-post-thumbnail","hentry","category-haberler"],"aioseo_notices":[],"_links":{"self":[{"href":"https:\/\/ahmetsavasan.com\/tr_tr\/wp-json\/wp\/v2\/posts\/2192","targetHints":{"allow":["GET"]}}],"collection":[{"href":"https:\/\/ahmetsavasan.com\/tr_tr\/wp-json\/wp\/v2\/posts"}],"about":[{"href":"https:\/\/ahmetsavasan.com\/tr_tr\/wp-json\/wp\/v2\/types\/post"}],"author":[{"embeddable":true,"href":"https:\/\/ahmetsavasan.com\/tr_tr\/wp-json\/wp\/v2\/users\/1"}],"replies":[{"embeddable":true,"href":"https:\/\/ahmetsavasan.com\/tr_tr\/wp-json\/wp\/v2\/comments?post=2192"}],"version-history":[{"count":0,"href":"https:\/\/ahmetsavasan.com\/tr_tr\/wp-json\/wp\/v2\/posts\/2192\/revisions"}],"wp:featuredmedia":[{"embeddable":true,"href":"https:\/\/ahmetsavasan.com\/tr_tr\/wp-json\/wp\/v2\/media\/2173"}],"wp:attachment":[{"href":"https:\/\/ahmetsavasan.com\/tr_tr\/wp-json\/wp\/v2\/media?parent=2192"}],"wp:term":[{"taxonomy":"category","embeddable":true,"href":"https:\/\/ahmetsavasan.com\/tr_tr\/wp-json\/wp\/v2\/categories?post=2192"},{"taxonomy":"post_tag","embeddable":true,"href":"https:\/\/ahmetsavasan.com\/tr_tr\/wp-json\/wp\/v2\/tags?post=2192"}],"curies":[{"name":"wp","href":"https:\/\/api.w.org\/{rel}","templated":true}]}}