{"id":2207,"date":"2017-01-29T13:37:37","date_gmt":"2017-01-29T13:37:37","guid":{"rendered":"http:\/\/www.ahmetsavasan.biz\/?p=2207"},"modified":"2025-09-01T09:31:57","modified_gmt":"2025-09-01T09:31:57","slug":"savasan-kktc-emittde-saglik-turizmi-urunleriyle-fark-yaratti-2","status":"publish","type":"post","link":"https:\/\/ahmetsavasan.com\/tr_tr\/savasan-kktc-emittde-saglik-turizmi-urunleriyle-fark-yaratti-2\/","title":{"rendered":"KKTC, EMITT\u2019de Sa\u011fl\u0131k Turizmi \u00dcr\u00fcnleriyle Fark Yaratt\u0131"},"content":{"rendered":"<div id=\"genel\" class=\"clr\">\n<div class=\"mainleft ic\">\n<div class=\"tema3-haber-detay yuzde-hesapla\">\n<div class=\"haber-detay-icerik\">Konseyden yap\u0131lan a\u00e7\u0131klamaya gore, d\u00fcnyan\u0131n en b\u00fcy\u00fck be\u015f turizm fuar\u0131 aras\u0131nda yerini alan EMITT&#8217;in, Kuzey K\u0131br\u0131s i\u00e7in uluslararas\u0131 alanda i\u015f geli\u015ftirme, yeni i\u015f ve i\u015fbirli\u011fi f\u0131rsatlar\u0131 sundu\u011funu belirten Sa\u011fl\u0131k Turizmi Konseyi Ba\u015fkan\u0131 Ahmet Sava\u015fan; tatil, outdoor turizmi destinasyonlar\u0131, oteller, turizm merkezleri, tur operat\u00f6rleri ile acenteleri biraraya getiren fuarda, KKTC\u2019nin sa\u011fl\u0131k turizmi \u00fcr\u00fcnleriyle fark yaratt\u0131\u011f\u0131n\u0131 s\u00f6yledi.<br \/>\n<img decoding=\"async\" class=\"alignnone size-medium wp-image-2210\" src=\"http:\/\/www.ahmetsavasan.biz\/wp-content\/uploads\/2017\/11\/savasan1_1-300x117.jpg\" alt=\"\" width=\"300\" height=\"117\" srcset=\"https:\/\/ahmetsavasan.com\/wp-content\/uploads\/2017\/11\/savasan1_1-300x117.jpg 300w, https:\/\/ahmetsavasan.com\/wp-content\/uploads\/2017\/11\/savasan1_1.jpg 590w\" sizes=\"(max-width: 300px) 100vw, 300px\" \/><\/p>\n<div id=\"genel\" class=\"clr\">\n<div class=\"mainleft ic\">\n<div class=\"tema3-haber-detay yuzde-hesapla\">\n<div class=\"haber-detay-icerik\">Fuarda Turizm ve \u00c7evre Bakanl\u0131\u011f\u0131&#8217;n\u0131n Kuzey K\u0131br\u0131s k\u00fclt\u00fcr\u00fcn\u00fc yans\u0131tan ba\u015far\u0131l\u0131 bir stant kurdu\u011funu belirten Sava\u015fan, standa gerek kat\u0131l\u0131mc\u0131lar\u0131n gerekse de ziyaret\u00e7ilerin g\u00f6sterdi\u011fi ilginin 2017 y\u0131l\u0131na y\u00f6nelik beklentileri y\u00fckseltti\u011fini ifade etti. Sava\u015fan ayr\u0131ca, Turizm ve \u00c7evre Bakan\u0131 Fikri Atao\u011flu e\u015fli\u011finde stand\u0131 ziyaret eden TC K\u00fclt\u00fcr ve Turizm Bakan\u0131 Nabi Avc\u0131 ile Birle\u015fmi\u015f Milletler Turizm \u00d6rg\u00fct\u00fc Genel Sekreteri Taleb D. Rifai&#8217;nin\u00a0 KKTC\u2019deki \u00fcniversitelere, acentelere, otellere ve hastanelere \u00f6zel ilgi g\u00f6stermesinin sekt\u00f6r\u00fc cesaretlendirdi\u011fini s\u00f6yledi.<img fetchpriority=\"high\" decoding=\"async\" class=\"alignnone size-medium wp-image-2203\" src=\"http:\/\/www.ahmetsavasan.biz\/wp-content\/uploads\/2017\/11\/82767-300x177.jpg\" alt=\"\" width=\"300\" height=\"177\" srcset=\"https:\/\/ahmetsavasan.com\/wp-content\/uploads\/2017\/11\/82767-300x177.jpg 300w, https:\/\/ahmetsavasan.com\/wp-content\/uploads\/2017\/11\/82767.jpg 569w\" sizes=\"(max-width: 300px) 100vw, 300px\" \/><\/p>\n<div id=\"genel\" class=\"clr\">\n<div class=\"mainleft ic\">\n<div class=\"tema3-haber-detay yuzde-hesapla\">\n<div class=\"haber-detay-icerik\">Fuar s\u00fcresince Almanya, Azerbaycan, Birle\u015fik Arap Emirlikleri, G\u00fcney Afrika, \u0130spanya, \u0130talya, Portekiz, Rusya Federasyonu, Ukrayna, \u00dcrd\u00fcn ba\u015fta olmak \u00fczere pek \u00e7ok \u00fclke temsilcisi ve turizm profesyoneliyle bir araya geldiklerine de\u011finen Sava\u015fan, 2017 y\u0131l\u0131na y\u00f6nelik olarak \u00fc\u00e7\u00fcnc\u00fc ya\u015f ile t\u00fcp bebek alanlar\u0131 ba\u015fta olmak \u00fczere Kuzey K\u0131br\u0131s&#8217;a turist hasta g\u00f6nderilmesine y\u00f6nelik yeni anla\u015fmalara imza att\u0131klar\u0131n\u0131 belirtti.<br \/>\nhttp:\/\/www.kibrisgazetesi.com\/saglik\/savasan-kktc-emittde-saglik-turizmi-urunleriyle-fark-yaratti\/11677<\/div>\n<\/div>\n<\/div>\n<\/div>\n<\/div>\n<\/div>\n<\/div>\n<\/div>\n<\/div>\n<\/div>\n<\/div>\n<\/div>\n","protected":false},"excerpt":{"rendered":"<p>Konseyden yap\u0131lan a\u00e7\u0131klamaya gore, d\u00fcnyan\u0131n en b\u00fcy\u00fck be\u015f turizm fuar\u0131 aras\u0131nda yerini alan EMITT&#8217;in, Kuzey K\u0131br\u0131s i\u00e7in uluslararas\u0131 alanda i\u015f geli\u015ftirme, yeni i\u015f ve i\u015fbirli\u011fi f\u0131rsatlar\u0131 sundu\u011funu belirten Sa\u011fl\u0131k Turizmi Konseyi Ba\u015fkan\u0131 Ahmet Sava\u015fan; tatil, outdoor turizmi destinasyonlar\u0131, oteller, turizm merkezleri, tur operat\u00f6rleri ile acenteleri biraraya getiren fuarda, KKTC\u2019nin sa\u011fl\u0131k turizmi \u00fcr\u00fcnleriyle fark yaratt\u0131\u011f\u0131n\u0131 s\u00f6yledi. [&hellip;]<\/p>\n","protected":false},"author":1,"featured_media":2208,"comment_status":"open","ping_status":"open","sticky":false,"template":"","format":"standard","meta":{"_monsterinsights_skip_tracking":false,"_monsterinsights_sitenote_active":false,"_monsterinsights_sitenote_note":"","_monsterinsights_sitenote_category":0,"footnotes":""},"categories":[140],"tags":[],"class_list":["post-2207","post","type-post","status-publish","format-standard","has-post-thumbnail","hentry","category-chtc"],"aioseo_notices":[],"_links":{"self":[{"href":"https:\/\/ahmetsavasan.com\/tr_tr\/wp-json\/wp\/v2\/posts\/2207","targetHints":{"allow":["GET"]}}],"collection":[{"href":"https:\/\/ahmetsavasan.com\/tr_tr\/wp-json\/wp\/v2\/posts"}],"about":[{"href":"https:\/\/ahmetsavasan.com\/tr_tr\/wp-json\/wp\/v2\/types\/post"}],"author":[{"embeddable":true,"href":"https:\/\/ahmetsavasan.com\/tr_tr\/wp-json\/wp\/v2\/users\/1"}],"replies":[{"embeddable":true,"href":"https:\/\/ahmetsavasan.com\/tr_tr\/wp-json\/wp\/v2\/comments?post=2207"}],"version-history":[{"count":1,"href":"https:\/\/ahmetsavasan.com\/tr_tr\/wp-json\/wp\/v2\/posts\/2207\/revisions"}],"predecessor-version":[{"id":20309,"href":"https:\/\/ahmetsavasan.com\/tr_tr\/wp-json\/wp\/v2\/posts\/2207\/revisions\/20309"}],"wp:featuredmedia":[{"embeddable":true,"href":"https:\/\/ahmetsavasan.com\/tr_tr\/wp-json\/wp\/v2\/media\/2208"}],"wp:attachment":[{"href":"https:\/\/ahmetsavasan.com\/tr_tr\/wp-json\/wp\/v2\/media?parent=2207"}],"wp:term":[{"taxonomy":"category","embeddable":true,"href":"https:\/\/ahmetsavasan.com\/tr_tr\/wp-json\/wp\/v2\/categories?post=2207"},{"taxonomy":"post_tag","embeddable":true,"href":"https:\/\/ahmetsavasan.com\/tr_tr\/wp-json\/wp\/v2\/tags?post=2207"}],"curies":[{"name":"wp","href":"https:\/\/api.w.org\/{rel}","templated":true}]}}