{"id":2224,"date":"2017-01-31T13:59:20","date_gmt":"2017-01-31T13:59:20","guid":{"rendered":"http:\/\/www.ahmetsavasan.biz\/?p=2224"},"modified":"2017-01-31T13:59:20","modified_gmt":"2017-01-31T13:59:20","slug":"akay-cemal-en-iyi-stant-seciliriz-de-gorevimiz-orda-bitiyor-mu","status":"publish","type":"post","link":"https:\/\/ahmetsavasan.com\/tr_tr\/akay-cemal-en-iyi-stant-seciliriz-de-gorevimiz-orda-bitiyor-mu\/","title":{"rendered":"Akay CEMAL: \u2018En \u0130yi Stant\u2019 Se\u00e7iliriz De, G\u00f6revimiz Orda Bitiyor Mu?"},"content":{"rendered":"<div id=\"genel\" class=\"clr\">\n<div class=\"mainleft ic\">\n<div class=\"tema3-haber-detay\">\n<div class=\"haber-spot clr\"><\/div>\n<div>\n<div id=\"genel\" class=\"clr\">\n<div class=\"mainleft ic\">\n<div class=\"haber-detay-icerik\">\nBunca karamsar haberler aras\u0131nda g\u00f6\u011fs\u00fcm\u00fcz\u00fc kabartan, gurur verici \u015feyler de duymak ho\u015f oluyor. \u00d6rne\u011fin \u0130stanbul\u2019da d\u00fczenlenen Do\u011fu Akdeniz Uluslararas\u0131 Turizm ve Seyahat Fuar\u0131\u2019nda (EMITT) KKTC stand\u0131n\u0131n en iyi stant \u00f6d\u00fcl\u00fcne lay\u0131k g\u00f6r\u00fclmesi memnuniyet verici\u2026<br \/>\nTurizm ve \u00c7evre Bakanl\u0131\u011f\u0131\u2019ndan yap\u0131lan a\u00e7\u0131klamaya g\u00f6re, KKTC stand\u0131, 84 \u00fclkeden kurulan stant aras\u0131ndan se\u00e7ildi. Bakan Fikri Atao\u011flu, ama\u00e7lar\u0131n\u0131n \u00fclke tarihi, k\u00fclt\u00fcr\u00fc ve turistik \u00f6zelliklerini d\u00fcnyan\u0131n her yerinde en iyi \u015fekilde tan\u0131tarak, KKTC\u2019nin daha fazla \u00fclkeden daha fazla turist taraf\u0131ndan tercih edilmesi oldu\u011funu kaydetti.<br \/>\nSa\u011fl\u0131k Turizmi Konseyi Ba\u015fkan\u0131 Ahmet Sava\u015fan da, KKTC\u2019nin fuarda sa\u011fl\u0131k turizmi \u00fcr\u00fcnleriyle fark yaratt\u0131\u011f\u0131n\u0131, g\u00f6sterilen ilginin 2017 y\u0131l\u0131na y\u00f6nelik beklentileri y\u00fckseltti\u011fini s\u00f6yledi. Sava\u015fan \u00fc\u00e7\u00fcnc\u00fc ya\u015f ile t\u00fcp bebek alanlar\u0131 ba\u015fta olmak \u00fczere, Kuzey K\u0131br\u0131s\u2019a turist hasta g\u00f6nderilmesine y\u00f6nelik yeni anla\u015fmalara imza att\u0131klar\u0131n\u0131 kaydetti.<br \/>\nBunlar olumlu ve sevindirici geli\u015fmeler\u2026 Tabii ki turizmde beklentiler \u2018En iyi stant\u2019 se\u00e7imi ile bitmiyor. Yap\u0131lmas\u0131 gereken daha \u00e7ok i\u015fler vard\u0131r. Bu sezon \u00fclkelerden beklentiler nelerdir? \u00d6rne\u011fin hafta sonu T\u00fcrkiye\u2019de \u00e7ok \u00f6nemli bir konuk vard\u0131\u2026 \u0130ngiltere Ba\u015fbakan\u0131 Theresa May\u2019in, ilk resmi ziyareti yeni ABD Ba\u015fkan\u0131 Donald Trump\u2019a, ikincisi de T\u00fcrkiye\u2019ye idi. May\u2019in, Cumhurba\u015fkan\u0131 Recep Tayyip Erdo\u011fan ve Ba\u015fbakan Binali Y\u0131ld\u0131r\u0131m ile g\u00f6r\u00fc\u015fmelerinde \u00e7ok \u015feyler konu\u015fuldu. K\u0131br\u0131s konusundan tutunuz da, savunma sanayiine, ter\u00f6re ve b\u00f6lgedeki durumlara var\u0131ncaya kadar\u2026<br \/>\nMay\u2019in T\u00fcrkiye\u2019den; Erdo\u011fan\u2019la Y\u0131ld\u0131r\u0131m\u2019\u0131n da \u0130ngiltere\u2019den istekleri oldu. Kar\u015f\u0131l\u0131kl\u0131 ticareti daha da art\u0131rmalar\u0131 \u00fczerine de odaklan\u0131ld\u0131. Bu noktada, elbette \u0130ngiltere\u2019den T\u00fcrkiye\u2019ye turist celbi de konu\u015fuldu. \u00c7\u00fcnk\u00fc T\u00fcrkiye, \u0130ngiliz turistlerin de cazibe merkezidir. Ayn\u0131 zamanda eski bir \u0130ngiliz kolonisi olan K\u0131br\u0131s da!.. Bu konular Ankara\u2019dan \u00f6\u011frenilebilir ve ona g\u00f6re yeni bir yol haritas\u0131 \u00e7izilebilir. \u00c7\u00fcnk\u00fc \u0130ngiltere \u00f6nemli bir pazard\u0131r. Turizm sekt\u00f6r\u00fcnde de T\u00fcrkiye her zaman KKTC\u2019ye yard\u0131mc\u0131 oldu\u011funa g\u00f6re; May\u2019in resmi ziyaretini f\u0131rsat bilerek, KKTC\u2019ye turist ak\u0131\u015f\u0131n\u0131 canland\u0131rmak i\u00e7in bir yolunu bulmak gerek.<br \/>\nBunlar yan\u0131nda i\u00e7te turiste kar\u015f\u0131 yapmam\u0131z gerekenleri yerine getirebiliyor muyuz? M\u00fcze ve \u00f6ren yerlerimiz turistlerin ziyaretine haz\u0131r m\u0131d\u0131r, yoksa her taraf yine pislikten ge\u00e7ilmiyor mu? Bilindi\u011fi gibi gerek T\u00fcrkiye\u2019den, gerekse \u00fc\u00e7\u00fcnc\u00fc \u00fclkelerden \u00fclkemizi ziyaret edenlerin \u015fik\u00e2yetlerinin ba\u015f\u0131nda \u00e7evre kirlili\u011fi gelmektedir. Maalesef \u00e7evre konusunda hen\u00fcz ge\u00e7erli not alm\u0131\u015f de\u011filiz.<br \/>\nYerine getirilmesi gereken daha \u00e7ok g\u00f6revler vard\u0131r. Gelen turistlere KKTC trafi\u011finin durumunu anlatan bro\u015f\u00fcrler veriliyor mu? Turistlerin u\u011frad\u0131\u011f\u0131 mekanlarda onlara yard\u0131mc\u0131 olmak i\u00e7in ne gibi \u00f6nlemler al\u0131nm\u0131\u015f veya al\u0131nmaktad\u0131r?<br \/>\nTurizmciler, \u2018aman turist gelsin\u2019 diye ba\u011f\u0131rmaktan g\u0131rtlad\u0131\u011f\u0131n\u0131 y\u0131rtarken, gelen turistin bir kaza sonucu \u00fclkesine cenazesinin g\u00f6nderilmesine ne demeli?<br \/>\nGe\u00e7en g\u00fcn \u0130skele \u2013 Gazima\u011fusa anayolunda meydana gelen talihsiz bir trafik kazas\u0131nda hayat\u0131n\u0131 kaybeden Tahir \u00d6ren isimli 45 ya\u015f\u0131ndaki turist iki g\u00fcn \u00f6nce \u00fclkemize gelmi\u015fti\u2026 Anayolda arkada\u015f\u0131 Mustafa Aytekin ile y\u00fcr\u00fcrken bir arac\u0131n alt\u0131nda kalm\u0131\u015flard\u0131\u2026 Tahir \u00d6ren \u015eanl\u0131urfa\u2019n\u0131n Birecik il\u00e7esi n\u00fcfusuna kay\u0131tl\u0131yd\u0131. A\u011f\u0131r yaral\u0131 vaziyette hastaneye kald\u0131r\u0131lan Mustafa Aytekin ise Kayseri n\u00fcfusuna kay\u0131tl\u0131yd\u0131\u2026<br \/>\nDava mahkeme a\u015famas\u0131nda oldu\u011fundan g\u00f6r\u00fc\u015f beyan etmek istemiyoruz. Ancak diyoruz ki, \u00fclkemize turist olarak gelen bu iki ki\u015fiden birinin KKTC\u2019de trafi\u011fe kurban gitmesi, cenazesinin ula\u015ft\u0131r\u0131laca\u011f\u0131 yerde olumsuzluklarla dolu bir etki yaratacak de\u011fil midir?<br \/>\nGe\u00e7mi\u015fte de nice trafik kazalar\u0131nda gen\u00e7 \u00fcniversiteli \u00f6\u011frenciler, bazen kendi hatalar\u0131ndan, bazen de kar\u015f\u0131 taraf\u0131n hatalar\u0131ndan dolay\u0131 ya\u015famlar\u0131n\u0131 yitirmi\u015f, gen\u00e7 fidanlar olarak memleketlerine cenazeleri g\u00f6nderilmi\u015fti\u2026<br \/>\nBu t\u00fcr olaylar turizm a\u00e7\u0131s\u0131ndan da \u00f6nem ta\u015f\u0131maktad\u0131r. Deniliyor ki, kazaya methaldar iki soyda\u015f\u0131m\u0131z yol kenar\u0131nda y\u00fcr\u00fcrken, cadde ayd\u0131nlatmadan yoksundu\u2026 Olabilir. Esas\u0131nda hangi cadde veya soka\u011f\u0131m\u0131z ayd\u0131nlatma y\u00f6n\u00fcnden tamamd\u0131r?..<br \/>\nBu \u00fclkede daha fazla turist g\u00f6rmek istiyorsak, yollar\u0131n durumundan ba\u015flayarak, ayd\u0131nlatmaya var\u0131ncaya kadar ilgili bakanl\u0131k ve birimler olarak g\u00f6revlerimizi yerine getirmek mecburiyetindeyiz.<br \/>\nYani sonu\u00e7ta KKTC stand\u0131 \u0130stanbul\u2019daki fuarda \u2018En iyi stant\u2019 \u00f6d\u00fcl\u00fcn\u00fc alabilir, ama i\u015f orada bitmiyor.\n<\/div>\n<\/div>\n<\/div>\n<\/div>\n<\/div>\n<\/div>\n<\/div>\n<p>http:\/\/www.kibrisgazetesi.com\/yazarlar\/akay-cemal\/en-iyi-stant-seciliriz-de-gorevimiz-orda-bitiyor-mu\/1415<\/p>\n","protected":false},"excerpt":{"rendered":"<p>Bunca karamsar haberler aras\u0131nda g\u00f6\u011fs\u00fcm\u00fcz\u00fc kabartan, gurur verici \u015feyler de duymak ho\u015f oluyor. \u00d6rne\u011fin \u0130stanbul\u2019da d\u00fczenlenen Do\u011fu Akdeniz Uluslararas\u0131 Turizm ve Seyahat Fuar\u0131\u2019nda (EMITT) KKTC stand\u0131n\u0131n en iyi stant \u00f6d\u00fcl\u00fcne lay\u0131k g\u00f6r\u00fclmesi memnuniyet verici\u2026 Turizm ve \u00c7evre Bakanl\u0131\u011f\u0131\u2019ndan yap\u0131lan a\u00e7\u0131klamaya g\u00f6re, KKTC stand\u0131, 84 \u00fclkeden kurulan stant aras\u0131ndan se\u00e7ildi. Bakan Fikri Atao\u011flu, ama\u00e7lar\u0131n\u0131n \u00fclke tarihi, [&hellip;]<\/p>\n","protected":false},"author":1,"featured_media":2225,"comment_status":"open","ping_status":"open","sticky":false,"template":"","format":"standard","meta":{"_monsterinsights_skip_tracking":false,"_monsterinsights_sitenote_active":false,"_monsterinsights_sitenote_note":"","_monsterinsights_sitenote_category":0,"footnotes":""},"categories":[102],"tags":[],"class_list":["post-2224","post","type-post","status-publish","format-standard","has-post-thumbnail","hentry","category-haberler"],"aioseo_notices":[],"_links":{"self":[{"href":"https:\/\/ahmetsavasan.com\/tr_tr\/wp-json\/wp\/v2\/posts\/2224","targetHints":{"allow":["GET"]}}],"collection":[{"href":"https:\/\/ahmetsavasan.com\/tr_tr\/wp-json\/wp\/v2\/posts"}],"about":[{"href":"https:\/\/ahmetsavasan.com\/tr_tr\/wp-json\/wp\/v2\/types\/post"}],"author":[{"embeddable":true,"href":"https:\/\/ahmetsavasan.com\/tr_tr\/wp-json\/wp\/v2\/users\/1"}],"replies":[{"embeddable":true,"href":"https:\/\/ahmetsavasan.com\/tr_tr\/wp-json\/wp\/v2\/comments?post=2224"}],"version-history":[{"count":0,"href":"https:\/\/ahmetsavasan.com\/tr_tr\/wp-json\/wp\/v2\/posts\/2224\/revisions"}],"wp:featuredmedia":[{"embeddable":true,"href":"https:\/\/ahmetsavasan.com\/tr_tr\/wp-json\/wp\/v2\/media\/2225"}],"wp:attachment":[{"href":"https:\/\/ahmetsavasan.com\/tr_tr\/wp-json\/wp\/v2\/media?parent=2224"}],"wp:term":[{"taxonomy":"category","embeddable":true,"href":"https:\/\/ahmetsavasan.com\/tr_tr\/wp-json\/wp\/v2\/categories?post=2224"},{"taxonomy":"post_tag","embeddable":true,"href":"https:\/\/ahmetsavasan.com\/tr_tr\/wp-json\/wp\/v2\/tags?post=2224"}],"curies":[{"name":"wp","href":"https:\/\/api.w.org\/{rel}","templated":true}]}}