{"id":2350,"date":"2017-02-27T16:05:55","date_gmt":"2017-02-27T16:05:55","guid":{"rendered":"http:\/\/www.ahmetsavasan.biz\/?p=2350"},"modified":"2017-02-27T16:05:55","modified_gmt":"2017-02-27T16:05:55","slug":"kktc-saglik-turizmi-forumunda-temsil-edildi","status":"publish","type":"post","link":"https:\/\/ahmetsavasan.com\/tr_tr\/kktc-saglik-turizmi-forumunda-temsil-edildi\/","title":{"rendered":"KKTC Sa\u011fl\u0131k Turizmi Forumu&#8217;nda Temsil Edildi"},"content":{"rendered":"<div class=\"container center shadow\">\n<div class=\"row\">\n<div>\n<div id=\"main\" class=\"span8\">\n<div class=\"row-fulid\">\n<article id=\"haber\">\n<div id=\"newstext\" class=\"row-fluid page-content\">\n<strong>TUR\u0130ZM VE \u00c7EVRE BAKANI ATAO\u011eLU: \u201cD\u00dcNYA \u00dcLKEM\u0130Z\u0130N SA\u011eLIK TUR\u0130ZM\u0130 OLANAKLARINI TANIDI\u201d<\/strong><br \/>\nKKTC, \u00dcrd\u00fcn\u2019\u00fcn ba\u015fkenti Amman\u2019da Kral Abdullah II \u0130bn Al H\u00fcseyin himayesinde, D\u00fcnya Sa\u011fl\u0131k Turizmi Konseyi taraf\u0131ndan d\u00fczenlenen ve D\u00fcnya\u2019n\u0131n sa\u011fl\u0131k turizmi haritas\u0131n\u0131n belirlendi\u011fi Sa\u011fl\u0131k Turizmi Forumu\u2019nda temsil edildi.<br \/>\nTurizm ve \u00c7evre Bakanl\u0131\u011f\u0131\u2019ndan yap\u0131lan a\u00e7\u0131klamaya g\u00f6re; 25-27 \u015eubat tarihleri aras\u0131nda \u00dcrd\u00fcn\u2019\u00fcn Ba\u015fkenti Amman&#8217;da ger\u00e7ekle\u015ftirilen ve aralar\u0131nda \u00dcrd\u00fcn, Cezayir, Azerbaycan, Bel\u00e7ika, Kanada, \u00c7in, M\u0131s\u0131r, Finlandiya, Almanya, Yunanistan, Hindistan, \u0130talya, T\u00fcrkiye, Katar, Romanya, Singapur, \u0130spanya, Ukrayna, \u0130ngiltere, Amerika Birle\u015fik Devletleri\u2019nin de bulundu\u011fu toplam 42 \u00fclkeden 500\u2019den fazla delegenin kat\u0131ld\u0131\u011f\u0131 D\u00fcnya Sa\u011fl\u0131k Turizmi Forumu\u2019nda KKTC&#8217;yi Turizm ve \u00c7evre Bakan\u0131 Fikri Atao\u011flu ile Sa\u011fl\u0131k Turizmi Konseyi Ba\u015fkan\u0131 Ahmet Sava\u015fan temsil etti.<br \/>\n<strong>D\u00dcNYA\u2019NIN SA\u011eLIK TUR\u0130ZM\u0130 HAR\u0130TASI BEL\u0130RLEND\u0130<\/strong><br \/>\nTurizm ve \u00c7evre Bakan\u0131 Atao\u011flu\u2019na katk\u0131lar\u0131ndan \u00f6t\u00fcr\u00fc plaket de takdim edilen Foruma, pek \u00e7ok \u00fclkeden bakanl\u0131k, h\u00fck\u00fcmet temsilcisi ile el\u00e7ilerin yan\u0131s\u0131ra, hastane, t\u0131bbi hizmet sa\u011flay\u0131c\u0131s\u0131, sa\u011fl\u0131k ve akreditasyon kurulu\u015fu, sigorta, havayolu, acente, otel, sa\u011fl\u0131kl\u0131 ya\u015fam tesisi, t\u0131bbi cihaz \u00fcreticisi ile eczac\u0131lar ve turizm profesyonelleri de kat\u0131ld\u0131.<br \/>\n<strong>\u00dcRD\u00dcN BA\u015eBAKANI VE BAKANLAR ATAO\u011eLU \u0130LE B\u0130RARAYA GELD\u0130<\/strong><br \/>\n\u00dcrd\u00fcn Ba\u015fbakan\u0131 Hani Mulqi, Prenses Ghaida Talal, Prenses Dina Mired, Sa\u011fl\u0131k ve Turizm Bakanlar\u0131 yan\u0131s\u0131ra D\u00fcnya Sa\u011fl\u0131k Turizmi Kurucu Ba\u015fkan\u0131 Emin \u00c7akmak ile Ba\u015fkan Fawzi Al-Hammouri\u2019nin Kuzey K\u0131br\u0131s Stand\u0131n\u0131 ziyaret ederek Atao\u011flu ile biraraya geldi ve i\u015fbirli\u011fi olanaklar\u0131n\u0131n geli\u015ftirilmesi i\u00e7in at\u0131labilecek ad\u0131mlar konusunda g\u00f6r\u00fc\u015f al\u0131\u015fveri\u015finde bulunuldu.<br \/>\n<strong>SA\u011eLIK TUR\u0130ZM\u0130 OLANAKLARIMIZ TANITILDI\u2026 <\/strong><br \/>\nAtao\u011flu yapt\u0131\u011f\u0131 a\u00e7\u0131klamada \u201cForum kapsam\u0131nda, Sa\u011fl\u0131k Turizmi\u2019ne y\u00f6n veren ba\u015f rol oyuncular\u0131 ile biraraya gelerek, \u00fclkemizin co\u011frafi konumunu, tarihi, turistik ve insani \u00f6zellikleri yan\u0131s\u0131ra, Yak\u0131n Do\u011fu ve Girne \u00dcniversiteleri Hastaneleri ba\u015fta olmak \u00fczere, konforlu \u00f6zel hastanelerimizi, t\u00fcp bebek merkezlerimizi, son teknoloji t\u0131bbi cihazlar\u0131m\u0131z\u0131, g\u00fcncel bilgi kullanan uzman hekimlerimizi, uluslararas\u0131 akreditasyonlar\u0131m\u0131z\u0131, otellerimizin medikal masaj, spa uygulamalar\u0131n\u0131 ve ya\u015fl\u0131-engelli turizminde sahip oldu\u011fumuz potansiyelimizle birle\u015ftirdi\u011fimiz fiyat avantajlar\u0131m\u0131z\u0131 etkili bir \u015fekilde tan\u0131tma f\u0131rsat\u0131 bulduk. Bu f\u0131rsat\u0131n yarat\u0131lmas\u0131nda D\u00fcnya Sa\u011fl\u0131k Turizmi Kurucu Ba\u015fkan\u0131 Emin \u00c7akmak\u2019a \u00fclkem ad\u0131na te\u015fekk\u00fcr ederim\u201d dedi.<br \/>\n<strong>SAVA\u015eAN: \u201cD\u00dcNYA SA\u011eLIK TUR\u0130ZM\u0130 YOL HAR\u0130TASININ HAZIRLANMASINA KATKI KOYDUK\u201d<\/strong><br \/>\nSa\u011fl\u0131k Turizmi Konseyi Ba\u015fkan\u0131 Ahmet Sava\u015fan da \u201cSa\u011fl\u0131k Turizmi\u2019nde K\u00fcreselle\u015fme\u201d oturumuna kat\u0131larak,\u00a0 Sa\u011fl\u0131k Turizmi pazar\u0131n\u0131n her ge\u00e7en g\u00fcn b\u00fcy\u00fcd\u00fc\u011f\u00fcn\u00fc ve bu alan\u0131n elliden fazla \u00fclkede b\u00fcy\u00fck ilgi g\u00f6rerek desteklendi\u011fini s\u00f6yledi.<br \/>\nSava\u015fan, oturuma kat\u0131lan delegelerle birlikte, k\u00fcresel sa\u011fl\u0131k turizmi hedefleri, mevzuatlar, akreditasyon, e\u011fitim ve ara\u015ft\u0131rma, sa\u011fl\u0131k seyahatinin kapsam\u0131n\u0131n geni\u015fletilmesi, pazarlama ve markala\u015fma, etik gibi konular ba\u015fta olmak \u00fczere pek \u00e7ok konuyu g\u00f6r\u00fc\u015ft\u00fc.<\/p>\n<p>http:\/\/www.kibrismanset.com\/guncel\/kktc-saglik-turizmi-forumu-nda-temsil-edildi-h169967.html<\/p>\n<p>&nbsp;<\/p>\n<\/div>\n<\/article>\n<\/div>\n<\/div>\n<\/div>\n<\/div>\n<\/div>\n","protected":false},"excerpt":{"rendered":"<p>TUR\u0130ZM VE \u00c7EVRE BAKANI ATAO\u011eLU: \u201cD\u00dcNYA \u00dcLKEM\u0130Z\u0130N SA\u011eLIK TUR\u0130ZM\u0130 OLANAKLARINI TANIDI\u201d KKTC, \u00dcrd\u00fcn\u2019\u00fcn ba\u015fkenti Amman\u2019da Kral Abdullah II \u0130bn Al H\u00fcseyin himayesinde, D\u00fcnya Sa\u011fl\u0131k Turizmi Konseyi taraf\u0131ndan d\u00fczenlenen ve D\u00fcnya\u2019n\u0131n sa\u011fl\u0131k turizmi haritas\u0131n\u0131n belirlendi\u011fi Sa\u011fl\u0131k Turizmi Forumu\u2019nda temsil edildi. Turizm ve \u00c7evre Bakanl\u0131\u011f\u0131\u2019ndan yap\u0131lan a\u00e7\u0131klamaya g\u00f6re; 25-27 \u015eubat tarihleri aras\u0131nda \u00dcrd\u00fcn\u2019\u00fcn Ba\u015fkenti Amman&#8217;da ger\u00e7ekle\u015ftirilen ve [&hellip;]<\/p>\n","protected":false},"author":1,"featured_media":2348,"comment_status":"open","ping_status":"open","sticky":false,"template":"","format":"standard","meta":{"_monsterinsights_skip_tracking":false,"_monsterinsights_sitenote_active":false,"_monsterinsights_sitenote_note":"","_monsterinsights_sitenote_category":0,"footnotes":""},"categories":[102],"tags":[],"class_list":["post-2350","post","type-post","status-publish","format-standard","has-post-thumbnail","hentry","category-haberler"],"aioseo_notices":[],"_links":{"self":[{"href":"https:\/\/ahmetsavasan.com\/tr_tr\/wp-json\/wp\/v2\/posts\/2350","targetHints":{"allow":["GET"]}}],"collection":[{"href":"https:\/\/ahmetsavasan.com\/tr_tr\/wp-json\/wp\/v2\/posts"}],"about":[{"href":"https:\/\/ahmetsavasan.com\/tr_tr\/wp-json\/wp\/v2\/types\/post"}],"author":[{"embeddable":true,"href":"https:\/\/ahmetsavasan.com\/tr_tr\/wp-json\/wp\/v2\/users\/1"}],"replies":[{"embeddable":true,"href":"https:\/\/ahmetsavasan.com\/tr_tr\/wp-json\/wp\/v2\/comments?post=2350"}],"version-history":[{"count":0,"href":"https:\/\/ahmetsavasan.com\/tr_tr\/wp-json\/wp\/v2\/posts\/2350\/revisions"}],"wp:featuredmedia":[{"embeddable":true,"href":"https:\/\/ahmetsavasan.com\/tr_tr\/wp-json\/wp\/v2\/media\/2348"}],"wp:attachment":[{"href":"https:\/\/ahmetsavasan.com\/tr_tr\/wp-json\/wp\/v2\/media?parent=2350"}],"wp:term":[{"taxonomy":"category","embeddable":true,"href":"https:\/\/ahmetsavasan.com\/tr_tr\/wp-json\/wp\/v2\/categories?post=2350"},{"taxonomy":"post_tag","embeddable":true,"href":"https:\/\/ahmetsavasan.com\/tr_tr\/wp-json\/wp\/v2\/tags?post=2350"}],"curies":[{"name":"wp","href":"https:\/\/api.w.org\/{rel}","templated":true}]}}