{"id":2397,"date":"2016-10-26T18:02:43","date_gmt":"2016-10-26T18:02:43","guid":{"rendered":"http:\/\/www.ahmetsavasan.biz\/?p=2397"},"modified":"2025-09-01T10:23:49","modified_gmt":"2025-09-01T10:23:49","slug":"savasan-buyukkonuk-festival-turizminde-oncu-role-sahip","status":"publish","type":"post","link":"https:\/\/ahmetsavasan.com\/tr_tr\/savasan-buyukkonuk-festival-turizminde-oncu-role-sahip\/","title":{"rendered":"B\u00fcy\u00fckkonuk Festival Turizminde \u00d6nc\u00fc Role Sahip"},"content":{"rendered":"<div class=\"brief\">B\u00fcy\u00fckkonuk Belediyesi taraf\u0131ndan d\u00fczenlenen Eko G\u00fcn\u2019e \u00fclkemizde sa\u011fl\u0131k hizmeti almak i\u00e7in bulunan turist hastalar da b\u00fcy\u00fck ilgi g\u00f6sterdi.<\/div>\n<div>K\u0131br\u0131s Sa\u011fl\u0131k Turizmi Kurucu Ba\u015fkan\u0131 Ahmet Sava\u015fan B\u00fcy\u00fckkonuk Eko G\u00fcn\u2019e \u00fclkemizde sa\u011fl\u0131k hizmeti almak i\u00e7in bulunan turist hastalar\u0131n da b\u00fcy\u00fck ilgi g\u00f6sterdi\u011fini s\u00f6yledi.<\/div>\n<div><strong>Alternatif turizm aktivitelerine y\u00f6nelmek \u00f6nemli\u2026<\/strong><br \/>\nTurizm arz potansiyelinin y\u00fcksek oldu\u011fu fazla bozulmam\u0131\u015f do\u011fal, tarihi ve sosyo-k\u00fclt\u00fcrel \u00e7ekicili\u011fe sahip b\u00f6lgelerin kaynaklar\u0131n\u0131n planl\u0131 ve koruma kullanma ilkelerine ba\u011fl\u0131 olarak de\u011ferlendirilmesinin \u00f6nemine dikkat \u00e7eken Sava\u015fan, turizmde \u00fcr\u00fcn \u00e7e\u015fitlili\u011fini sa\u011flayacak alternatif turizm aktivitelerine y\u00f6nelmenin gereklili\u011fine vurgu yapt\u0131.<br \/>\n<strong>K\u00fclt\u00fcrel etkinliklere kat\u0131l\u0131m art\u0131yor\u2026<\/strong><br \/>\nG\u00fcn\u00fcm\u00fczde turizm talebinin deniz kum-g\u00fcne\u015ften ziyade do\u011fa, tarih ve k\u00fclt\u00fcr ama\u00e7l\u0131 seyahatlere do\u011fru y\u00f6neldi\u011fini s\u00f6yleyen Sava\u015fan, ba\u015fta B\u00fcy\u00fckkonuk\u2019da yap\u0131lan Eko G\u00fcn olmak \u00fczere \u00fclkemizin d\u00f6rt bir yan\u0131nda ger\u00e7ekle\u015ftirilen festivallere gerek Kuzey K\u0131br\u0131s\u2019tan gerekse de yurt d\u0131\u015f\u0131ndan g\u00fcn ge\u00e7tik\u00e7e kat\u0131l\u0131m\u0131n artt\u0131\u011f\u0131na i\u015faret etti.<br \/>\n<strong>\u0130maj olu\u015fturulmas\u0131 i\u00e7in \u00f6nemli bir ara\u00e7\u2026<\/strong><br \/>\nUlusal veya uluslararas\u0131 d\u00fczeyde yap\u0131lan k\u00fclt\u00fcrel etkinliklerin ulusal veya uluslararas\u0131 \u00f6l\u00e7ekte modern turizmde imaj olu\u015fturmak i\u00e7in kullan\u0131lan en \u00f6nemli ara\u00e7lar\u0131n ba\u015f\u0131nda geldi\u011fini s\u00f6yleyen Sava\u015fan, festivallerin, hem D\u00fcnya insanlar\u0131 aras\u0131ndaki dostlu\u011fu peki\u015ftirdi\u011fini, hem de tan\u0131\u015f\u0131lan yeni k\u00fclt\u00fcrlere ve ya\u015famlara duyulan merak\u0131 k\u00f6r\u00fckleyerek insanlar\u0131 yeni yerler g\u00f6rmeye te\u015fvik etti\u011fini s\u00f6yledi.<br \/>\n<strong>Ziyaret\u00e7ilerin harcama e\u011filimi art\u0131yor\u2026<\/strong><br \/>\n\u00d6ncelikle yerel halka y\u00f6nelik olarak d\u00fczenlenen festivallerin g\u00fcn\u00fcm\u00fczde yaratt\u0131\u011f\u0131 turizm potansiyeli ile uluslararas\u0131 d\u00fczeyde de ilgi yaratt\u0131\u011f\u0131na vurgu yapan Sava\u015fan, \u201cfestivaller ve etkinlikler turizm end\u00fcstrisinin \u00f6nemli birer par\u00e7as\u0131 ve sezon d\u0131\u015f\u0131 d\u00f6nemlerde turist \u00e7ekmek, b\u00f6lgeyle ilgili fark\u0131ndal\u0131k ve olumlu bir imaj yaratmak i\u00e7in g\u00fc\u00e7l\u00fc bir ara\u00e7 konumundad\u0131r. Bu tip etkinlikler \u00f6zellikle k\u0131rsal alanlarda yerel turizm end\u00fcstrisini geli\u015ftirerek yerel ekonomiye katk\u0131da bulunuyor. Ziyaret\u00e7ilerin her ge\u00e7en g\u00fcn y\u00fckselen harcama e\u011filimleri ise b\u00f6lgelere gelir art\u0131\u015f\u0131 sa\u011flaman\u0131n yan\u0131s\u0131ra, kamu yat\u0131r\u0131mlar\u0131n\u0131n da artmas\u0131na vesile oluyor\u201d dedi.<br \/>\n<strong>Yerel kalk\u0131nmaya etkisi b\u00fcy\u00fck\u2026<\/strong><br \/>\nG\u00fcn\u00fcm\u00fczde \u00f6zellikle geli\u015fmekte olan \u00fclkelerin; d\u00f6viz kazanmak, istihdam ve gelir yaratma olanaklar\u0131n\u0131 artt\u0131rmak, ekonomik ba\u011f\u0131ms\u0131zl\u0131klar\u0131n\u0131 kazanmak ve b\u00f6lgesel, yerel dengesizlikleri gidermek i\u00e7in turizmi bir ara\u00e7 olarak g\u00f6rd\u00fc\u011f\u00fcn\u00fcn alt\u0131n\u0131 \u00e7izen Sava\u015fan, k\u00fclt\u00fcr turizmi kapsam\u0131nda yer alan festivallerin yerel kalk\u0131nmaya \u00f6nemli katk\u0131 sa\u011flad\u0131\u011f\u0131n\u0131 s\u00f6yledi.<br \/>\n<strong>\u00dclke ekonomisine de katk\u0131 sa\u011fl\u0131yor\u2026<\/strong><br \/>\nGenelde \u00fclkelerin \u00f6zelde ise y\u00f6relerin, tan\u0131t\u0131lmas\u0131nda \u00f6nemli bir ara\u00e7 olan festival tarz\u0131 etkinliklerin, k\u00fclt\u00fcrel kimli\u011fin ortaya konulmas\u0131 ve D\u00fcnya\u2019ya tan\u0131t\u0131lmas\u0131nda \u00e7ok b\u00fcy\u00fck bir yeri oldu\u011funa i\u015faret eden Sava\u015fan, festival tarz\u0131 etkinliklerin sadece bir e\u011flence alan\u0131 olmad\u0131\u011f\u0131n\u0131, y\u00f6relerin ve \u00fclkelerin ekonomisine de katk\u0131 sa\u011flad\u0131\u011f\u0131n\u0131 vurgulad\u0131.<\/p>\n<div id=\"content\" class=\"text\">\n<div class=\"full\"><strong>Sennaro\u011flu: G\u00f6rd\u00fc\u011f\u00fcm\u00fcz ilgiden memnunuz\u2026<\/strong><br \/>\nAna hedeflerinin unutulmaya y\u00fcz tutmu\u015f K\u0131br\u0131s k\u00fclt\u00fcr\u00fcn\u00fcn canland\u0131r\u0131lmas\u0131 ve gelecek nesillere aktar\u0131lmas\u0131 oldu\u011funu vurgulayan B\u00fcy\u00fckkonuk Belediye Ba\u015fkan\u0131 Ahmet Sennaro\u011flu da, Eko G\u00fcn\u2019\u00fcn \u00e7ok titiz bir \u00e7al\u0131\u015fman\u0131n sonunda ger\u00e7ekle\u015ftirildi\u011fini ve gerek \u00fclke i\u00e7inden gerekse de yurt d\u0131\u015f\u0131ndan b\u00fcy\u00fck ilgi g\u00f6rmesinden memnun olduklar\u0131n\u0131 s\u00f6yledi.<\/div>\n<\/div>\n<\/div>\n<p>http:\/\/www.kibrispostasi.com\/savasan-buyukkonuk-festival-turizminde-oncu-role-sahip<\/p>\n","protected":false},"excerpt":{"rendered":"<p>B\u00fcy\u00fckkonuk Belediyesi taraf\u0131ndan d\u00fczenlenen Eko G\u00fcn\u2019e \u00fclkemizde sa\u011fl\u0131k hizmeti almak i\u00e7in bulunan turist hastalar da b\u00fcy\u00fck ilgi g\u00f6sterdi. K\u0131br\u0131s Sa\u011fl\u0131k Turizmi Kurucu Ba\u015fkan\u0131 Ahmet Sava\u015fan B\u00fcy\u00fckkonuk Eko G\u00fcn\u2019e \u00fclkemizde sa\u011fl\u0131k hizmeti almak i\u00e7in bulunan turist hastalar\u0131n da b\u00fcy\u00fck ilgi g\u00f6sterdi\u011fini s\u00f6yledi. Alternatif turizm aktivitelerine y\u00f6nelmek \u00f6nemli\u2026 Turizm arz potansiyelinin y\u00fcksek oldu\u011fu fazla bozulmam\u0131\u015f do\u011fal, tarihi [&hellip;]<\/p>\n","protected":false},"author":1,"featured_media":2402,"comment_status":"open","ping_status":"open","sticky":false,"template":"","format":"standard","meta":{"_monsterinsights_skip_tracking":false,"_monsterinsights_sitenote_active":false,"_monsterinsights_sitenote_note":"","_monsterinsights_sitenote_category":0,"footnotes":""},"categories":[140],"tags":[],"class_list":["post-2397","post","type-post","status-publish","format-standard","has-post-thumbnail","hentry","category-chtc"],"aioseo_notices":[],"_links":{"self":[{"href":"https:\/\/ahmetsavasan.com\/tr_tr\/wp-json\/wp\/v2\/posts\/2397","targetHints":{"allow":["GET"]}}],"collection":[{"href":"https:\/\/ahmetsavasan.com\/tr_tr\/wp-json\/wp\/v2\/posts"}],"about":[{"href":"https:\/\/ahmetsavasan.com\/tr_tr\/wp-json\/wp\/v2\/types\/post"}],"author":[{"embeddable":true,"href":"https:\/\/ahmetsavasan.com\/tr_tr\/wp-json\/wp\/v2\/users\/1"}],"replies":[{"embeddable":true,"href":"https:\/\/ahmetsavasan.com\/tr_tr\/wp-json\/wp\/v2\/comments?post=2397"}],"version-history":[{"count":1,"href":"https:\/\/ahmetsavasan.com\/tr_tr\/wp-json\/wp\/v2\/posts\/2397\/revisions"}],"predecessor-version":[{"id":20388,"href":"https:\/\/ahmetsavasan.com\/tr_tr\/wp-json\/wp\/v2\/posts\/2397\/revisions\/20388"}],"wp:featuredmedia":[{"embeddable":true,"href":"https:\/\/ahmetsavasan.com\/tr_tr\/wp-json\/wp\/v2\/media\/2402"}],"wp:attachment":[{"href":"https:\/\/ahmetsavasan.com\/tr_tr\/wp-json\/wp\/v2\/media?parent=2397"}],"wp:term":[{"taxonomy":"category","embeddable":true,"href":"https:\/\/ahmetsavasan.com\/tr_tr\/wp-json\/wp\/v2\/categories?post=2397"},{"taxonomy":"post_tag","embeddable":true,"href":"https:\/\/ahmetsavasan.com\/tr_tr\/wp-json\/wp\/v2\/tags?post=2397"}],"curies":[{"name":"wp","href":"https:\/\/api.w.org\/{rel}","templated":true}]}}