{"id":2428,"date":"2017-08-30T18:26:50","date_gmt":"2017-08-30T18:26:50","guid":{"rendered":"http:\/\/www.ahmetsavasan.biz\/?p=2428"},"modified":"2017-08-30T18:26:50","modified_gmt":"2017-08-30T18:26:50","slug":"savasan-30-agustos-bagimsizlik-icin-mucadele-veren-milletlere-yol-gostericidir","status":"publish","type":"post","link":"https:\/\/ahmetsavasan.com\/tr_tr\/savasan-30-agustos-bagimsizlik-icin-mucadele-veren-milletlere-yol-gostericidir\/","title":{"rendered":"30 A\u011fustos, Ba\u011f\u0131ms\u0131zl\u0131k \u0130\u00e7in M\u00fccadele Veren Milletlere Yol G\u00f6stericidir"},"content":{"rendered":"<p>K\u0131br\u0131s Sa\u011fl\u0131k Turizmi Konseyi Ba\u015fkan\u0131 Ahmet Sava\u015fan 30 A\u011fustos dolay\u0131s\u0131yla mesaj yay\u0131mlayarak,\u00a030 A\u011fustos Zaferi\u2019nin, sadece T\u00fcrk Milleti\u2019nin de\u011fil, h\u00fcrriyet ve ba\u011f\u0131ms\u0131zl\u0131\u011f\u0131 i\u00e7in m\u00fccadele veren milletlere de yol g\u00f6sterici oldu\u011funa vurgu yapt\u0131.<br \/>\n\u201c30 A\u011fustos\u2019un \u015fanl\u0131 T\u00fcrk tarihinin d\u00f6n\u00fcm noktalar\u0131ndan biri oldu\u011funu ifade eden Ahmet Sava\u015fan, 30 A\u011fustos\u2019un d\u00fcn\u00fcn iman ve iradesinin sembol\u00fc, bug\u00fcn\u00fcn esin kayna\u011f\u0131, yar\u0131nlar\u0131n ise g\u00fcvencesi oldu\u011funun alt\u0131n\u0131 \u00e7izdi.<br \/>\n<strong>B\u0130RL\u0130K VE B\u00dcT\u00dcNL\u00dc\u011e\u00dcN KUTSAL B\u0130R N\u0130\u015eANI&#8230;<\/strong><br \/>\n30 A\u011fustos Zaferi\u2019nin, sadece T\u00fcrk Milleti\u2019nin de\u011fil, h\u00fcrriyet ve ba\u011f\u0131ms\u0131zl\u0131\u011f\u0131 i\u00e7in m\u00fccadele veren milletlere yol g\u00f6sterici oldu\u011funu ifade eden Sava\u015fan; 30 A\u011fustos her t\u00fcrl\u00fc yoksullu\u011fa ve olumsuz ko\u015fula ra\u011fmen, y\u00fcce T\u00fcrk Milleti\u2019nin ordusuyla birlikte, ad\u0131n\u0131 insanl\u0131k tarihine bir kez daha \u015ferefle yazd\u0131rd\u0131\u011f\u0131 bir kahramanl\u0131k destan\u0131d\u0131r. Bu destan, vatan sevgisi ve \u00fcst\u00fcn cesaretiyle milletini ve vatan topraklar\u0131n\u0131 kan\u0131n\u0131n son damlas\u0131na kadar koruyan T\u00fcrk askerinin kudret ve kahramanl\u0131\u011f\u0131n\u0131n g\u00f6stergesi; ayn\u0131 zamanda da T\u00fcrk Milleti\u2019nin birlik ve b\u00fct\u00fcnl\u00fc\u011f\u00fcn\u00fcn kutsal bir ni\u015fan\u0131d\u0131r\u201d dedi.<br \/>\n<strong>\u00d6NEML\u0130 B\u0130R YAPI TA\u015eI&#8230;<\/strong><br \/>\nH\u00fcrriyetine, ba\u011f\u0131ms\u0131zl\u0131\u011f\u0131na, ba\u015f\u0131 dik ve onurluca ya\u015fama isten\u00e7 ve iradesine d\u00fc\u015fk\u00fcn olan T\u00fcrk Milleti\u2019nin kazand\u0131\u011f\u0131 30 A\u011fustos zaferinin, T\u00fcrkiye Cumhuriyeti\u2019nin kurulmas\u0131na \u00f6n ayak oldu\u011funu belirten Sava\u015fan, bu zaferin gelecek i\u00e7in de \u00f6nemli bir yap\u0131 ta\u015f\u0131 oldu\u011funu ifade etti.<br \/>\n<strong>TC EM\u0130N ADIMLARLA \u0130LERL\u0130YOR<\/strong><br \/>\nSava\u015fan, bir as\u0131ra yak\u0131n, azim, irade ve kararl\u0131l\u0131kla \u00e7ok \u00e7al\u0131\u015farak e\u011fitimden, ekonomiye, sa\u011fl\u0131ktan, bilim ve teknolojiye, sanattan, ticarete ve sanayiye kadar millet\u00e7e el ve g\u00f6n\u00fcl birli\u011fi ile \u00e7al\u0131\u015farak bug\u00fcnlere gelen T\u00fcrkiye Cumhuriyeti\u2019nin, \u2018Egemenlik kay\u0131ts\u0131z \u015farts\u0131z milletindir\u2019 \u00fclk\u00fcs\u00fcne ba\u011fl\u0131l\u0131kla, daha \u00f6zg\u00fcr ve daha \u00e7a\u011fda\u015f bir \u00fclke olma yolunda emin ad\u0131mlarla ilerledi\u011fine vurgu yapt\u0131.<br \/>\n<strong>DEMOKRAS\u0130 \u0130\u00c7\u0130N ATILACAK ADIM, 30 A\u011eUSTOS RUHUNA EKLENEN YEN\u0130 B\u0130R ZAFER&#8230;<\/strong><br \/>\n<strong>\u00a0<\/strong>T\u00fcrkiye\u2019de demokrasiyi k\u00f6kle\u015ftirmek i\u00e7in at\u0131lacak her ad\u0131m\u0131n, 30 A\u011fustos ruhuna eklenen yeni bir zafer olaca\u011f\u0131na dikkat \u00e7eken Sava\u015fan, bu duygu ve d\u00fc\u015f\u00fcncelerle T\u00fcrk Milleti\u2019nin ayr\u0131lmaz bir par\u00e7as\u0131 olarak, ba\u015fta Cumhuriyetin kurucusu Ba\u015fkomutan Gazi Mustafa Kemal Atat\u00fcrk yan\u0131s\u0131ra, silah arkada\u015flar\u0131n\u0131, \u015fehitleri ve gazileriyle Kurtulu\u015f Sava\u015f\u0131\u2019n\u0131n b\u00fct\u00fcn kahramanlar\u0131n\u0131 minnetle anar, Zafer Bayram\u0131\u2019n\u0131 kutlar\u0131z\u201d dedi.<\/p>\n<p>http:\/\/www.kibrispostasi.com\/savasan-30-agustos-bagimsizlik-icin-mucadele-veren-milletler<\/p>\n","protected":false},"excerpt":{"rendered":"<p>K\u0131br\u0131s Sa\u011fl\u0131k Turizmi Konseyi Ba\u015fkan\u0131 Ahmet Sava\u015fan 30 A\u011fustos dolay\u0131s\u0131yla mesaj yay\u0131mlayarak,\u00a030 A\u011fustos Zaferi\u2019nin, sadece T\u00fcrk Milleti\u2019nin de\u011fil, h\u00fcrriyet ve ba\u011f\u0131ms\u0131zl\u0131\u011f\u0131 i\u00e7in m\u00fccadele veren milletlere de yol g\u00f6sterici oldu\u011funa vurgu yapt\u0131. \u201c30 A\u011fustos\u2019un \u015fanl\u0131 T\u00fcrk tarihinin d\u00f6n\u00fcm noktalar\u0131ndan biri oldu\u011funu ifade eden Ahmet Sava\u015fan, 30 A\u011fustos\u2019un d\u00fcn\u00fcn iman ve iradesinin sembol\u00fc, bug\u00fcn\u00fcn esin kayna\u011f\u0131, yar\u0131nlar\u0131n [&hellip;]<\/p>\n","protected":false},"author":1,"featured_media":8966,"comment_status":"open","ping_status":"open","sticky":false,"template":"","format":"standard","meta":{"_monsterinsights_skip_tracking":false,"_monsterinsights_sitenote_active":false,"_monsterinsights_sitenote_note":"","_monsterinsights_sitenote_category":0,"footnotes":""},"categories":[102],"tags":[],"class_list":["post-2428","post","type-post","status-publish","format-standard","has-post-thumbnail","hentry","category-haberler"],"aioseo_notices":[],"_links":{"self":[{"href":"https:\/\/ahmetsavasan.com\/tr_tr\/wp-json\/wp\/v2\/posts\/2428","targetHints":{"allow":["GET"]}}],"collection":[{"href":"https:\/\/ahmetsavasan.com\/tr_tr\/wp-json\/wp\/v2\/posts"}],"about":[{"href":"https:\/\/ahmetsavasan.com\/tr_tr\/wp-json\/wp\/v2\/types\/post"}],"author":[{"embeddable":true,"href":"https:\/\/ahmetsavasan.com\/tr_tr\/wp-json\/wp\/v2\/users\/1"}],"replies":[{"embeddable":true,"href":"https:\/\/ahmetsavasan.com\/tr_tr\/wp-json\/wp\/v2\/comments?post=2428"}],"version-history":[{"count":0,"href":"https:\/\/ahmetsavasan.com\/tr_tr\/wp-json\/wp\/v2\/posts\/2428\/revisions"}],"wp:featuredmedia":[{"embeddable":true,"href":"https:\/\/ahmetsavasan.com\/tr_tr\/wp-json\/wp\/v2\/media\/8966"}],"wp:attachment":[{"href":"https:\/\/ahmetsavasan.com\/tr_tr\/wp-json\/wp\/v2\/media?parent=2428"}],"wp:term":[{"taxonomy":"category","embeddable":true,"href":"https:\/\/ahmetsavasan.com\/tr_tr\/wp-json\/wp\/v2\/categories?post=2428"},{"taxonomy":"post_tag","embeddable":true,"href":"https:\/\/ahmetsavasan.com\/tr_tr\/wp-json\/wp\/v2\/tags?post=2428"}],"curies":[{"name":"wp","href":"https:\/\/api.w.org\/{rel}","templated":true}]}}