{"id":2450,"date":"2017-07-20T19:31:30","date_gmt":"2017-07-20T19:31:30","guid":{"rendered":"http:\/\/www.ahmetsavasan.biz\/?p=2450"},"modified":"2017-07-20T19:31:30","modified_gmt":"2017-07-20T19:31:30","slug":"savasan-20-temmuz-kibris-turkunun-yeniden-dogdugu-bir-gundur","status":"publish","type":"post","link":"https:\/\/ahmetsavasan.com\/tr_tr\/savasan-20-temmuz-kibris-turkunun-yeniden-dogdugu-bir-gundur\/","title":{"rendered":"20 Temmuz K\u0131br\u0131s T\u00fcrk\u00fc&#8217;n\u00fcn yeniden do\u011fdu\u011fu bir g\u00fcnd\u00fcr"},"content":{"rendered":"<p>K\u0131br\u0131s Sa\u011fl\u0131k Turizmi Konseyi 20 Temmuz Bar\u0131\u015f ve \u00d6zg\u00fcrl\u00fck Bayram\u0131 dolay\u0131s\u0131yla yay\u0131nlad\u0131\u011f\u0131 mesajda 20 Temmuz\u2019un K\u0131br\u0131s T\u00fcrk\u00fc&#8217;n\u00fcn yeniden do\u011fu bir g\u00fcn oldu\u011funu vurgulad\u0131.<br \/>\n20 Temmuz 1974&#8217;\u00fcn K\u0131br\u0131s tarihinde ve K\u0131br\u0131s T\u00fcrk\u00fc\u2019n\u00fcn hayat\u0131nda d\u00f6n\u00fcm noktas\u0131 oldu\u011funu vurgulayan Konsey Ba\u015fkan\u0131 Ahmet Sava\u015fan, 15 Temmuz 1974 darbesinin, Yunanistan&#8217;daki askeri Cunta&#8217;n\u0131n K\u0131br\u0131s&#8217;taki uzant\u0131lar\u0131 ile Ada\u2019n\u0131n 1878\u2019de Osmanl\u0131\u2019dan \u0130ngiliz\u2019lere ge\u00e7mesinden itibaren hayalini kurdu\u011fu, Yunan hegemonyas\u0131n\u0131n b\u00fct\u00fcn Ada\u2019ya yay\u0131lmas\u0131 ve K\u0131br\u0131s\u2019\u0131n bir Helen adas\u0131 haline getirilmesi hedefiyle K\u0131br\u0131s Cumhuriyeti&#8217;ni y\u0131kmak i\u00e7in yap\u0131ld\u0131\u011f\u0131n\u0131 an\u0131msatt\u0131. Bu hain plan\u0131n garant\u00f6r\u00fcm\u00fcz ve K\u0131br\u0131s T\u00fcrk\u00fc&#8217;n\u00fcn Anavatan\u0131 T\u00fcrkiye&#8217;nin 19 Temmuz gecesi ba\u015flatt\u0131\u011f\u0131 ve 20 Temmuz sabah\u0131 fiilen ger\u00e7ekle\u015ftirdi\u011f askeri harekat sayesinde amac\u0131na ula\u015famadan engellendi\u011fine i\u015faret eden Sava\u015fan, 20 Temmuz\u2019un K\u0131br\u0131s T\u00fcrk\u00fc&#8217;n\u00fcn yeniden do\u011fdu\u011fu bir g\u00fcn oldu\u011funa vurgu yapt\u0131.<br \/>\n<strong>KIBRIS T\u00dcRK HALKI HAK SAH\u0130B\u0130 \u0130K\u0130 HALKTAN B\u0130R\u0130&#8230;<\/strong><br \/>\nMutlu Bar\u0131\u015f Harekat\u0131 sayesinde K\u0131br\u0131s T\u00fcrk\u00fc\u2019n\u00fcn, onbir y\u0131l esaret alt\u0131nda ya\u015fad\u0131\u011f\u0131 gettolardan \u00e7\u0131kt\u0131\u011f\u0131n\u0131 ifade eden Sava\u015fan, Rum-Yunan darbesine kar\u015f\u0131 kahraman Mehmet\u00e7ik ile y\u00fcrek y\u00fcre\u011fe, omuz omuza varolu\u015f m\u00fccadelesi veren m\u00fccahit K\u0131br\u0131s T\u00fcrk Halk\u0131\u2019n\u0131n, K\u0131br\u0131s topraklar\u0131nda hak sahibi iki halktan biri oldu\u011funu b\u00fct\u00fcn D\u00fcnya&#8217;ya g\u00f6sterildi\u011fini de ifade etti.<br \/>\n1977 ve 1979 tarihlerinde Denkta\u015f-Makarios ve Denkta\u015f-Kyprianou doruk anla\u015fmalar\u0131 ile olas\u0131 bir \u00e7\u00f6z\u00fcm\u00fcn ana hatlar\u0131n\u0131n belirlendi\u011fini an\u0131msatan Sava\u015fan, bu g\u00fcne gelinceye kadar, K\u0131br\u0131s\u2019ta siyasi e\u015fitli\u011fe dayal\u0131 iki kesimli iki toplumlu federal bir yap\u0131n\u0131n kurulmas\u0131 i\u00e7in \u00e7ok uzun y\u0131llar m\u00fczakere edildi\u011finin alt\u0131n\u0131 \u00e7izdi.<br \/>\n<strong>YEN\u0130 B\u0130R YOL HAR\u0130TASI BEL\u0130RLENMEL\u0130&#8230;<\/strong><br \/>\n1963 y\u0131l\u0131ndan bu yana ya\u015fananlar yan\u0131s\u0131ra, ge\u00e7en y\u0131l Kas\u0131m ay\u0131nda Mont Pelerin\u2019de, Ocak\u2019ta Cenevre\u2019de, 28 Haziran-7 Temmuz tarihleri aras\u0131nda Crans Montana\u2019daki m\u00fczakerelerin objektif olarak de\u011ferlendirilmesi gerekti\u011fine vurgu yapan Sava\u015fan, T\u00fcrkiye\u2019nin garant\u00f6rl\u00fc\u011f\u00fcn\u00fc, uluslararas\u0131 anla\u015fmalardan do\u011fan tek yanl\u0131 m\u00fcdahale hakk\u0131n\u0131n ortadan kald\u0131r\u0131lmas\u0131 ve T\u00fcrk askeri say\u0131s\u0131n\u0131n s\u0131f\u0131ra indirilmesi konular\u0131nda \u0131srar eden G\u00fcney K\u0131br\u0131s Rum Y\u00f6netimi ile Yunanistan\u2019\u0131n eski hedeflerinden ve hayallerinden vazge\u00e7mediklerini g\u00f6sterdi\u011fini vurgulad\u0131. Art\u0131k b\u00fct\u00fcn D\u00fcnya\u2019n\u0131n bu ger\u00e7e\u011fi g\u00f6rmesi gerekti\u011fini ifade eden Sava\u015fan, yap\u0131lmas\u0131 gerekenin pek \u00e7ok kesim taraf\u0131ndan her ge\u00e7en g\u00fcn daha fazla dile getirildi\u011fi gibi yeni bir yol haritas\u0131n\u0131n belirlenmesi oldu\u011funun alt\u0131n\u0131 \u00e7izdi.<br \/>\n<strong>\u00d6ZG\u00dcRL\u00dc\u011e\u00dcN DE\u011eER\u0130N\u0130 G\u00d6ZETEREK, KORUYACA\u011eIZ&#8230;<\/strong><br \/>\nK\u0131br\u0131s T\u00fcrk Halk\u0131\u2019n\u0131n, varolu\u015f m\u00fccadelesi s\u00fcrecinde hayat\u0131n\u0131 kaybeden ve gazi olan mehmet\u00e7ikler ile m\u00fccahitlere ilelebet minnettar olunaca\u011f\u0131n\u0131 ifade eden Sava\u015fan, \u201cen kutsal de\u011ferlerimiz olan vatan\u0131m\u0131z ile \u00f6zg\u00fcrl\u00fc\u011f\u00fcm\u00fcz u\u011fruna hayat\u0131n\u0131 veren aziz \u015fehitlerimizin ve gazilerimizin bu \u00e7ok k\u0131ymetli fedakarl\u0131\u011f\u0131n\u0131 asla unutmayaca\u011f\u0131z ve ya\u015fad\u0131\u011f\u0131m\u0131z s\u00fcrece, atalar\u0131m\u0131z\u0131n u\u011fruna hayatlar\u0131n\u0131 verdikleri bu vatan topra\u011f\u0131n\u0131n ve \u00f6zg\u00fcrl\u00fc\u011f\u00fcn de\u011ferini g\u00f6zeterek koruyaca\u011f\u0131z\u201d dedi.<\/p>\n","protected":false},"excerpt":{"rendered":"<p>K\u0131br\u0131s Sa\u011fl\u0131k Turizmi Konseyi 20 Temmuz Bar\u0131\u015f ve \u00d6zg\u00fcrl\u00fck Bayram\u0131 dolay\u0131s\u0131yla yay\u0131nlad\u0131\u011f\u0131 mesajda 20 Temmuz\u2019un K\u0131br\u0131s T\u00fcrk\u00fc&#8217;n\u00fcn yeniden do\u011fu bir g\u00fcn oldu\u011funu vurgulad\u0131. 20 Temmuz 1974&#8217;\u00fcn K\u0131br\u0131s tarihinde ve K\u0131br\u0131s T\u00fcrk\u00fc\u2019n\u00fcn hayat\u0131nda d\u00f6n\u00fcm noktas\u0131 oldu\u011funu vurgulayan Konsey Ba\u015fkan\u0131 Ahmet Sava\u015fan, 15 Temmuz 1974 darbesinin, Yunanistan&#8217;daki askeri Cunta&#8217;n\u0131n K\u0131br\u0131s&#8217;taki uzant\u0131lar\u0131 ile Ada\u2019n\u0131n 1878\u2019de Osmanl\u0131\u2019dan \u0130ngiliz\u2019lere ge\u00e7mesinden [&hellip;]<\/p>\n","protected":false},"author":1,"featured_media":8458,"comment_status":"open","ping_status":"open","sticky":false,"template":"","format":"standard","meta":{"_monsterinsights_skip_tracking":false,"_monsterinsights_sitenote_active":false,"_monsterinsights_sitenote_note":"","_monsterinsights_sitenote_category":0,"footnotes":""},"categories":[102],"tags":[],"class_list":["post-2450","post","type-post","status-publish","format-standard","has-post-thumbnail","hentry","category-haberler"],"aioseo_notices":[],"_links":{"self":[{"href":"https:\/\/ahmetsavasan.com\/tr_tr\/wp-json\/wp\/v2\/posts\/2450","targetHints":{"allow":["GET"]}}],"collection":[{"href":"https:\/\/ahmetsavasan.com\/tr_tr\/wp-json\/wp\/v2\/posts"}],"about":[{"href":"https:\/\/ahmetsavasan.com\/tr_tr\/wp-json\/wp\/v2\/types\/post"}],"author":[{"embeddable":true,"href":"https:\/\/ahmetsavasan.com\/tr_tr\/wp-json\/wp\/v2\/users\/1"}],"replies":[{"embeddable":true,"href":"https:\/\/ahmetsavasan.com\/tr_tr\/wp-json\/wp\/v2\/comments?post=2450"}],"version-history":[{"count":0,"href":"https:\/\/ahmetsavasan.com\/tr_tr\/wp-json\/wp\/v2\/posts\/2450\/revisions"}],"wp:featuredmedia":[{"embeddable":true,"href":"https:\/\/ahmetsavasan.com\/tr_tr\/wp-json\/wp\/v2\/media\/8458"}],"wp:attachment":[{"href":"https:\/\/ahmetsavasan.com\/tr_tr\/wp-json\/wp\/v2\/media?parent=2450"}],"wp:term":[{"taxonomy":"category","embeddable":true,"href":"https:\/\/ahmetsavasan.com\/tr_tr\/wp-json\/wp\/v2\/categories?post=2450"},{"taxonomy":"post_tag","embeddable":true,"href":"https:\/\/ahmetsavasan.com\/tr_tr\/wp-json\/wp\/v2\/tags?post=2450"}],"curies":[{"name":"wp","href":"https:\/\/api.w.org\/{rel}","templated":true}]}}