{"id":2458,"date":"2017-06-22T19:39:28","date_gmt":"2017-06-22T19:39:28","guid":{"rendered":"http:\/\/www.ahmetsavasan.biz\/?p=2458"},"modified":"2017-06-22T19:39:28","modified_gmt":"2017-06-22T19:39:28","slug":"savasan-kadin-cinayetlerini-kinadi","status":"publish","type":"post","link":"https:\/\/ahmetsavasan.com\/tr_tr\/savasan-kadin-cinayetlerini-kinadi\/","title":{"rendered":"Sava\u015fan, Kad\u0131n Cinayetlerini K\u0131nad\u0131&#8230;"},"content":{"rendered":"<p>Kad\u0131na y\u00f6nelik \u015fiddetin D\u00fcnya\u2019da ve \u00fclkemizde giderek artt\u0131\u011f\u0131na dikkat \u00e7eken K\u0131br\u0131s Sa\u011fl\u0131k Turizmi Konseyi Ba\u015fkan\u0131 Ahmet Sava\u015fan, \u015fiddetin kime kar\u015f\u0131 uygulan\u0131rsa uygulans\u0131n insanl\u0131k d\u0131\u015f\u0131 oldu\u011funun alt\u0131n\u0131 \u00e7izdi ve son ya\u015fanan cinayeti lanetledi.<br \/>\nKad\u0131na y\u00f6nelik \u015fiddetin, bir\u00e7ok \u00fclkede oldu\u011fu gibi KKTC\u2019de de g\u00fcncelli\u011fini koruyan \u00f6nemli sorunlardan biri oldu\u011funu ifade eden Sava\u015fan, kad\u0131n cinayetlerinin telafisi m\u00fcmk\u00fcn olmayan bir insan haklar\u0131 su\u00e7u ve ay\u0131b\u0131 oldu\u011funun alt\u0131n\u0131 \u00e7izdi.<br \/>\n<strong>\u00d6NCEL\u0130KL\u0130 TOPLUMSAL SORUMLULU\u011eUMUZ&#8230;<\/strong><br \/>\nKad\u0131nlara y\u00f6nelik insan haklar\u0131 ihlallerinin b\u00fct\u00fcn d\u00fcnyada m\u00fccadele edilmesi gereken \u00f6ncelikli toplumsal sorumluluklar aras\u0131nda bulundu\u011funu belirten Sava\u015fan, kad\u0131na y\u00f6nelik \u015fiddetin \u00f6nlenmesi i\u00e7in sivil toplum kurulu\u015flar\u0131n\u0131n, kad\u0131n \u00f6rg\u00fctlerinin, kamu kurumlar\u0131n\u0131n ve \u00fcniversitelerin i\u015f birli\u011finde \u00e7al\u0131\u015fmas\u0131n\u0131n olmazsa olmaz oldu\u011funa i\u015faret etti.<br \/>\n<strong>TEMELDEN E\u011e\u0130T\u0130M VER\u0130LMEL\u0130&#8230;<\/strong><br \/>\n\u00dclkemizde kad\u0131na y\u00f6nelik \u015fiddet ile m\u00fccadele konusunda pek \u00e7ok \u00e7al\u0131\u015fma yap\u0131ld\u0131\u011f\u0131n\u0131 ve ad\u0131m at\u0131ld\u0131\u011f\u0131n\u0131 ifade eden Sava\u015fan, hen\u00fcz istenen noktaya ula\u015f\u0131lamad\u0131\u011f\u0131na vurgu yapt\u0131. \u015eiddeti \u00f6nlemeye y\u00f6nelik yap\u0131lan yasal \u00e7al\u0131\u015fmalar\u0131n mutlaka ger\u00e7ek ya\u015famda da kar\u015f\u0131l\u0131\u011f\u0131n\u0131 bulmas\u0131 ve uygulan\u0131r olmas\u0131 gerekti\u011fini s\u00f6yleyen Sava\u015fan, \u201cToplumun Kad\u0131na Y\u00f6nelik \u015eiddet ile M\u00fccadele\u201d konusunda bilin\u00e7lendirilmesi i\u00e7in yap\u0131lan fark\u0131ndal\u0131k \u00e7al\u0131\u015fmalar\u0131n\u0131n daha kapsaml\u0131 ve daha temelden verilen bir e\u011fitim ile ger\u00e7ekle\u015ftirilmesi esas ama\u00e7 olmal\u0131d\u0131r\u201d dedi.<br \/>\n<strong>KINAMAK YER\u0130NE, BU DURUMU OLU\u015eTURAN NEDENLER \u0130LE M\u00dcCADELE ED\u0130LMEL\u0130&#8230;<\/strong><br \/>\n\u00dclkemizde kad\u0131na y\u00f6nelik herhangi bir \u015fiddet olay\u0131 ger\u00e7ekle\u015fti\u011finde k\u0131namak yerine, bu durumu olu\u015fturan nedenler ile m\u00fccadele edilmesi gerekti\u011finin alt\u0131n\u0131 \u00e7izen Sava\u015fan, \u201ckamu kurumlar\u0131, \u00fcniversiteler ve sivil toplum \u00f6rg\u00fctleri ba\u015fta olmak \u00fczere konu ile ilgili u\u011fra\u015f veren b\u00fct\u00fcn payda\u015flar, cinsiyet ayr\u0131m\u0131 yapmadan g\u00fc\u00e7l\u00fc bireyler yeti\u015ftirmek ve \u201cKad\u0131na Y\u00f6nelik \u015eiddet ile M\u00fccadele\u201d\u00a0 konusunda daha duyarl\u0131 bir toplum yap\u0131s\u0131na ula\u015fmak i\u00e7in hep birlikte \u00e7al\u0131\u015fmal\u0131d\u0131r\u201d dedi.<\/p>\n<p>http:\/\/www.kibrispostasi.com\/savasan-kadin-cinayetlerini-kinadi-22062017<\/p>\n<p>&nbsp;<\/p>\n","protected":false},"excerpt":{"rendered":"<p>Kad\u0131na y\u00f6nelik \u015fiddetin D\u00fcnya\u2019da ve \u00fclkemizde giderek artt\u0131\u011f\u0131na dikkat \u00e7eken K\u0131br\u0131s Sa\u011fl\u0131k Turizmi Konseyi Ba\u015fkan\u0131 Ahmet Sava\u015fan, \u015fiddetin kime kar\u015f\u0131 uygulan\u0131rsa uygulans\u0131n insanl\u0131k d\u0131\u015f\u0131 oldu\u011funun alt\u0131n\u0131 \u00e7izdi ve son ya\u015fanan cinayeti lanetledi. Kad\u0131na y\u00f6nelik \u015fiddetin, bir\u00e7ok \u00fclkede oldu\u011fu gibi KKTC\u2019de de g\u00fcncelli\u011fini koruyan \u00f6nemli sorunlardan biri oldu\u011funu ifade eden Sava\u015fan, kad\u0131n cinayetlerinin telafisi m\u00fcmk\u00fcn olmayan [&hellip;]<\/p>\n","protected":false},"author":1,"featured_media":8966,"comment_status":"open","ping_status":"open","sticky":false,"template":"","format":"standard","meta":{"_monsterinsights_skip_tracking":false,"_monsterinsights_sitenote_active":false,"_monsterinsights_sitenote_note":"","_monsterinsights_sitenote_category":0,"footnotes":""},"categories":[102],"tags":[],"class_list":["post-2458","post","type-post","status-publish","format-standard","has-post-thumbnail","hentry","category-haberler"],"aioseo_notices":[],"_links":{"self":[{"href":"https:\/\/ahmetsavasan.com\/tr_tr\/wp-json\/wp\/v2\/posts\/2458","targetHints":{"allow":["GET"]}}],"collection":[{"href":"https:\/\/ahmetsavasan.com\/tr_tr\/wp-json\/wp\/v2\/posts"}],"about":[{"href":"https:\/\/ahmetsavasan.com\/tr_tr\/wp-json\/wp\/v2\/types\/post"}],"author":[{"embeddable":true,"href":"https:\/\/ahmetsavasan.com\/tr_tr\/wp-json\/wp\/v2\/users\/1"}],"replies":[{"embeddable":true,"href":"https:\/\/ahmetsavasan.com\/tr_tr\/wp-json\/wp\/v2\/comments?post=2458"}],"version-history":[{"count":0,"href":"https:\/\/ahmetsavasan.com\/tr_tr\/wp-json\/wp\/v2\/posts\/2458\/revisions"}],"wp:featuredmedia":[{"embeddable":true,"href":"https:\/\/ahmetsavasan.com\/tr_tr\/wp-json\/wp\/v2\/media\/8966"}],"wp:attachment":[{"href":"https:\/\/ahmetsavasan.com\/tr_tr\/wp-json\/wp\/v2\/media?parent=2458"}],"wp:term":[{"taxonomy":"category","embeddable":true,"href":"https:\/\/ahmetsavasan.com\/tr_tr\/wp-json\/wp\/v2\/categories?post=2458"},{"taxonomy":"post_tag","embeddable":true,"href":"https:\/\/ahmetsavasan.com\/tr_tr\/wp-json\/wp\/v2\/tags?post=2458"}],"curies":[{"name":"wp","href":"https:\/\/api.w.org\/{rel}","templated":true}]}}