{"id":2465,"date":"2017-06-05T19:47:11","date_gmt":"2017-06-05T19:47:11","guid":{"rendered":"http:\/\/www.ahmetsavasan.biz\/?p=2465"},"modified":"2017-06-05T19:47:11","modified_gmt":"2017-06-05T19:47:11","slug":"savasan-kaynaklar-geri-dondurulemeyecek-sekilde-tukendi-3","status":"publish","type":"post","link":"https:\/\/ahmetsavasan.com\/tr_tr\/savasan-kaynaklar-geri-dondurulemeyecek-sekilde-tukendi-3\/","title":{"rendered":"Kaynaklar Geri D\u00f6nd\u00fcr\u00fclemeyecek \u015eekilde T\u00fckendi"},"content":{"rendered":"<p>K\u0131br\u0131s Sa\u011fl\u0131k Turizmi Konseyi 5 Haziran D\u00fcnya \u00c7evre G\u00fcn\u00fc dolay\u0131s\u0131yla mesaj yay\u0131mlayarak D\u00fcnya\u2019n\u0131n sa\u011fl\u0131kl\u0131 gelece\u011finin, kaynaklar\u0131 gezegenin sunabileceklerinin s\u0131n\u0131rlar\u0131n\u0131 bilerek t\u00fcketmekten ge\u00e7ti\u011fini vurgulad\u0131.<br \/>\nA\u00e7\u0131klamada, Birle\u015fmi\u015f Milletler D\u00fcnya Turizm \u00d6rg\u00fct\u00fc\u2019n\u00fcn 2017\u2019yi \u201cGeli\u015fme \u0130\u00e7in S\u00fcrd\u00fcr\u00fclebilir Turizm Y\u0131l\u0131\u201d ilan etti\u011fine de\u011finen Konsey Ba\u015fkan\u0131 Ahmet Sava\u015fan\u2019\u0131n \u201cgezegenin kendini yenileme kapasitesi i\u00e7erisinde e\u011fer onun kurallar\u0131na uyarsak hep beraber s\u00fcrd\u00fcr\u00fclebilir bir toplum yaratabilir ve bu toplum i\u00e7erisinde mevcut t\u00fcketim k\u00fclt\u00fcr\u00fcm\u00fcz\u00fc yeniden tan\u0131mlayarak refah i\u00e7inde ya\u015fayabiliriz\u201d dedi\u011fine yer verildi.<br \/>\n<strong>S\u00dcRD\u00dcR\u00dcLEB\u0130L\u0130RL\u0130K TUR\u0130ZM \u0130\u00c7\u0130N OLMAZSA OLMAZDIR&#8230;<\/strong><br \/>\nS\u00fcrd\u00fcr\u00fclebilir turizm ve seyahat anlay\u0131\u015f\u0131n\u0131n, do\u011fal, biyolojik, ekolojik, k\u00fclt\u00fcrel, toplumsal, k\u0131sacas\u0131 yenilenebilen t\u00fcm kaynaklara s\u00fcreklilik sa\u011flayacak, turistik \u00fcr\u00fcnlerin uzun y\u0131llar arza konu olabilme ko\u015fullar\u0131n\u0131 yaratacak, ba\u015fta \u00e7evre olmak \u00fczere kaynaklar\u0131 geli\u015ftirerek korumak \u00fczere optimal ve rasyonel \u015fekilde kullanacak bir planlama ve uygulama anlay\u0131\u015f\u0131 oldu\u011funu ifade eden Sava\u015fan, \u201cs\u00fcrd\u00fcr\u00fclebilir turizm, bir turizm t\u00fcr\u00fc de\u011fil, turizm ve seyahat i\u00e7in bir \u015fart ve turizm i\u00e7in olmazsa olmazd\u0131r\u201d dedi.<br \/>\n<strong>S\u00dcRD\u00dcR\u00dcLEB\u0130L\u0130R OLMAYAN T\u00dcKET\u0130M DAVRANI\u015eLARI ARTIYOR&#8230;<\/strong><br \/>\nGezegenin kaynaklar\u0131n\u0131n end\u00fcstrile\u015fmi\u015f \u00fclkelerde daha \u00e7ok t\u00fcketildi\u011fine de de\u011finen Sava\u015fan, s\u00fcrd\u00fcr\u00fclebilir olmayan t\u00fcketim davran\u0131\u015flar\u0131n\u0131n b\u00fct\u00fcn D\u00fcnya\u2019da artt\u0131\u011f\u0131na dikkat \u00e7ekti.<br \/>\n<strong>1,3 M\u0130LYAR TON GIDA \u0130SRAF ED\u0130L\u0130YOR&#8230;<\/strong><br \/>\n2030\u2019da \u00e7o\u011funlu\u011fu geli\u015fmekte olan \u00fclkelerden 3 milyar orta s\u0131n\u0131fa mensup t\u00fcketicinin bu art\u0131\u015fa kat\u0131laca\u011f\u0131n\u0131 da belirten Sava\u015fan, bahsi ge\u00e7en t\u00fcketimin en \u00f6nemli aya\u011f\u0131n\u0131 g\u0131da israf\u0131n\u0131n olu\u015fturdu\u011funu s\u00f6yledi. UNEP verilerine g\u00f6re her y\u0131l neredeyse 1 milyar insan\u0131n g\u0131das\u0131z kald\u0131\u011f\u0131n\u0131, 1,3 milyar ton g\u0131dan\u0131n ise israf edildi\u011fini belirten Sava\u015fan, \u201cdaha s\u00fcrd\u00fcr\u00fclebilir ya\u015fam tarzlar\u0131na sahip olmam\u0131z gezegen i\u00e7in can al\u0131c\u0131 bir \u00f6neme sahiptir\u201d dedi.<br \/>\n<strong>GEZEGEN\u0130N SINIRLILI\u011eI \u0130\u00c7\u0130NDE YA\u015eAMI B\u0130\u00c7\u0130MLEND\u0130RMEL\u0130Y\u0130Z&#8230;<\/strong><br \/>\n2050\u2019de e\u011fer mevcut \u00fcretim ve t\u00fcketim al\u0131\u015fkanl\u0131klar\u0131 devam eder ve gezegenin n\u00fcfusu 9,6 milyara ula\u015f\u0131rsa, ya\u015fam\u0131m\u0131z\u0131 s\u00fcrd\u00fcrebilmek i\u00e7in 3 gezegene ihtiya\u00e7 duyulaca\u011f\u0131n\u0131n hesapland\u0131\u011f\u0131n\u0131 ifade eden Sava\u015fan, sa\u011fl\u0131kl\u0131 bir gelecek i\u00e7in en hay\u0131rl\u0131 stratejinin, gezegenin s\u0131n\u0131rl\u0131l\u0131\u011f\u0131 i\u00e7inde ya\u015fam\u0131 bi\u00e7imlendirmek oldu\u011funu s\u00f6yledi.<br \/>\n<strong>GEZEGEN\u0130N REFAHI KAYNAKLARIN SORUMLU KULLANILMASINA BA\u011eLI&#8230;<\/strong><br \/>\nGezegenin refah\u0131, \u00e7evre, ekonominin sa\u011fl\u0131kl\u0131 i\u015flemesi nihayetinde kaynaklar\u0131n sorumlu bir \u015fekilde kullan\u0131lmas\u0131na ba\u011fl\u0131 oldu\u011funa i\u015faret eden Sava\u015fan, bunun sa\u011flanmas\u0131nda genelde devletlere \u00f6zelde ise bireylere b\u00fcy\u00fck sorumluluk d\u00fc\u015ft\u00fc\u011f\u00fcn\u00fc ifade etti.<br \/>\n<strong>EKOS\u0130STEMDE PEK \u00c7OK KAYNAK ALARM VER\u0130YOR&#8230;<\/strong><br \/>\nG\u00fcn\u00fcm\u00fczde gezegenin insanlara s\u00fcrd\u00fcr\u00fclebilir bir \u015fekilde sunabildiklerinden \u00e7ok daha fazlas\u0131n\u0131n t\u00fcketildi\u011finin alt\u0131n\u0131 \u00e7izen Sava\u015fan, ekosistemde pek \u00e7ok kayna\u011f\u0131n alarm verdi\u011fini ya da \u00e7oktan geri d\u00f6nd\u00fcr\u00fclemeyecek \u015fekilde t\u00fckendi\u011fini s\u00f6yledi.<br \/>\n<strong>\u00c7EVRE POL\u0130T\u0130KALARININ G\u00d6ZDEN GE\u00c7\u0130R\u0130LMES\u0130 \u0130\u00c7\u0130N FIRSAT&#8230;<\/strong><br \/>\nD\u00fcnya\u2019n\u0131n sa\u011fl\u0131kl\u0131 gelece\u011finin kaynaklar\u0131 gezegenin sunabileceklerinin s\u0131n\u0131rlar\u0131n\u0131 bilerek t\u00fcketmekten ge\u00e7ti\u011fini belirten Sava\u015fan, \u00c7evre G\u00fcn\u00fc\u2019nde devletlerin politikalar\u0131n\u0131 bu ger\u00e7ekler temelinde g\u00f6zden ge\u00e7irmeleri ve bu paralelde \u00f6nlem almalar\u0131 i\u00e7in \u00f6nemli bir f\u0131rsat yaratt\u0131\u011f\u0131n\u0131n alt\u0131n\u0131 \u00e7izdi.<\/p>\n","protected":false},"excerpt":{"rendered":"<p>K\u0131br\u0131s Sa\u011fl\u0131k Turizmi Konseyi 5 Haziran D\u00fcnya \u00c7evre G\u00fcn\u00fc dolay\u0131s\u0131yla mesaj yay\u0131mlayarak D\u00fcnya\u2019n\u0131n sa\u011fl\u0131kl\u0131 gelece\u011finin, kaynaklar\u0131 gezegenin sunabileceklerinin s\u0131n\u0131rlar\u0131n\u0131 bilerek t\u00fcketmekten ge\u00e7ti\u011fini vurgulad\u0131. A\u00e7\u0131klamada, Birle\u015fmi\u015f Milletler D\u00fcnya Turizm \u00d6rg\u00fct\u00fc\u2019n\u00fcn 2017\u2019yi \u201cGeli\u015fme \u0130\u00e7in S\u00fcrd\u00fcr\u00fclebilir Turizm Y\u0131l\u0131\u201d ilan etti\u011fine de\u011finen Konsey Ba\u015fkan\u0131 Ahmet Sava\u015fan\u2019\u0131n \u201cgezegenin kendini yenileme kapasitesi i\u00e7erisinde e\u011fer onun kurallar\u0131na uyarsak hep beraber s\u00fcrd\u00fcr\u00fclebilir bir [&hellip;]<\/p>\n","protected":false},"author":1,"featured_media":589,"comment_status":"open","ping_status":"open","sticky":false,"template":"","format":"standard","meta":{"_monsterinsights_skip_tracking":false,"_monsterinsights_sitenote_active":false,"_monsterinsights_sitenote_note":"","_monsterinsights_sitenote_category":0,"footnotes":""},"categories":[102],"tags":[],"class_list":["post-2465","post","type-post","status-publish","format-standard","has-post-thumbnail","hentry","category-haberler"],"aioseo_notices":[],"_links":{"self":[{"href":"https:\/\/ahmetsavasan.com\/tr_tr\/wp-json\/wp\/v2\/posts\/2465","targetHints":{"allow":["GET"]}}],"collection":[{"href":"https:\/\/ahmetsavasan.com\/tr_tr\/wp-json\/wp\/v2\/posts"}],"about":[{"href":"https:\/\/ahmetsavasan.com\/tr_tr\/wp-json\/wp\/v2\/types\/post"}],"author":[{"embeddable":true,"href":"https:\/\/ahmetsavasan.com\/tr_tr\/wp-json\/wp\/v2\/users\/1"}],"replies":[{"embeddable":true,"href":"https:\/\/ahmetsavasan.com\/tr_tr\/wp-json\/wp\/v2\/comments?post=2465"}],"version-history":[{"count":0,"href":"https:\/\/ahmetsavasan.com\/tr_tr\/wp-json\/wp\/v2\/posts\/2465\/revisions"}],"wp:featuredmedia":[{"embeddable":true,"href":"https:\/\/ahmetsavasan.com\/tr_tr\/wp-json\/wp\/v2\/media\/589"}],"wp:attachment":[{"href":"https:\/\/ahmetsavasan.com\/tr_tr\/wp-json\/wp\/v2\/media?parent=2465"}],"wp:term":[{"taxonomy":"category","embeddable":true,"href":"https:\/\/ahmetsavasan.com\/tr_tr\/wp-json\/wp\/v2\/categories?post=2465"},{"taxonomy":"post_tag","embeddable":true,"href":"https:\/\/ahmetsavasan.com\/tr_tr\/wp-json\/wp\/v2\/tags?post=2465"}],"curies":[{"name":"wp","href":"https:\/\/api.w.org\/{rel}","templated":true}]}}