{"id":2514,"date":"2017-03-02T20:40:36","date_gmt":"2017-03-02T20:40:36","guid":{"rendered":"http:\/\/www.ahmetsavasan.biz\/?p=2514"},"modified":"2017-03-02T20:40:36","modified_gmt":"2017-03-02T20:40:36","slug":"gokhan-altiner-yazdi-turizmde-lobi-iste-boyle-yapilir","status":"publish","type":"post","link":"https:\/\/ahmetsavasan.com\/tr_tr\/gokhan-altiner-yazdi-turizmde-lobi-iste-boyle-yapilir\/","title":{"rendered":"G\u00f6khan Alt\u0131ner yazd\u0131: &#8220;Turizmde Lobi \u0130\u015fte B\u00f6yle Yap\u0131l\u0131r&#8221;"},"content":{"rendered":"<p><em>Uluslararas\u0131 kat\u0131l\u0131mla ger\u00e7ekle\u015fen forum, gerek sa\u011fl\u0131k turizmine y\u00f6n veren akt\u00f6rleri bir araya getirmesi, gerek d\u00fcnya sa\u011fl\u0131k turizminin yeni yol haritas\u0131n\u0131n belirlenmesi, gerekse de Turizm ve \u00c7evre Bakan\u0131 Fikri Atao\u011flu\u2019nun KKTC ad\u0131na D\u00fcnya Sa\u011fl\u0131k Turizmi Konseyi Y\u00fcksek \u0130sti\u015fare Kurulu \u00dcyeli\u011fi\u2019ne; Sa\u011fl\u0131k Turizmi Konseyi Ba\u015fkan\u0131 Ahmet Sava\u015fan\u2019\u0131n da Y\u00f6netim Kurulu \u00dcyeli\u011fi\u2019ne se\u00e7ilmesi a\u00e7\u0131s\u0131ndan \u00fclkemiz ad\u0131na son derece \u00f6nemli sonu\u00e7lar bar\u0131nd\u0131r\u0131yor.<\/em><br \/>\n<em>Sava\u015fan, k\u00fcresel al\u0131m heyetlerinin kat\u0131l\u0131m\u0131yla ger\u00e7ekle\u015fen B2B toplant\u0131lar\u0131nda, \u00fclkemizin turistik, tarihi \u00f6zellikleri yan\u0131 s\u0131ra \u00fcniversite hastaneleri, \u00f6zel hastaneleri, klinikleri ve otellerimizde sunulan SPA, wellness olanaklar\u0131n\u0131 tan\u0131tma f\u0131rsat\u0131 bulduklar\u0131n\u0131 da anlatt\u0131. Sava\u015fan\u2019\u0131n en \u00f6nemli mesajlar\u0131ndan biri ise \u0130talya, \u00dcrd\u00fcn, M\u0131s\u0131r, Azerbaycan, Ukrayna ile t\u00fcp bebek; onkoloji; kalp, g\u00f6z ve di\u015f alanlar\u0131nda yeni anla\u015fmalar imzalad\u0131klar\u0131n\u0131 s\u00f6ylemesi oldu.<\/em><br \/>\nTurizm ve \u00c7evre Bakan\u0131 Fikri Atao\u011flu ve Sa\u011fl\u0131k Turizmi Konseyi Ba\u015fkan\u0131 Ahmet Sava\u015fan K\u0131br\u0131s konusunda i\u00e7inden ge\u00e7ti\u011fimiz b\u00f6ylesi \u00e7alkant\u0131l\u0131 bir s\u00fcre\u00e7te Rum ve Yunanl\u0131larla e\u015fit oldu\u011fumuzu b\u00fct\u00fcn d\u00fcnyaya g\u00f6sterdi&#8230;<br \/>\nKKTC, 25-27 \u015eubat tarihleri aras\u0131nda \u00dcrd\u00fcn\u2019\u00fcn ba\u015fkenti Amman&#8217;da ger\u00e7ekle\u015ftirilen D\u00fcnya Sa\u011fl\u0131k Turizmi Forumu\u2019na \u00dcrd\u00fcn, Cezayir, Azerbaycan, Bel\u00e7ika, Kanada, \u00c7in, M\u0131s\u0131r, Finlandiya, Almanya, Yunanistan, Hindistan, \u0130talya, T\u00fcrkiye, Katar, Singapur, Ukrayna, \u0130ngiltere, Amerika Birle\u015fik Devletleri\u2019nin de aralar\u0131nda bulundu\u011fu 42 \u00fclke ile birlikte kat\u0131ld\u0131.<br \/>\nForumda \u00fclkemizi Turizm ve \u00c7evre Bakan\u0131 Fikri Atao\u011flu ile Sa\u011fl\u0131k Turizmi Konseyi Ba\u015fkan\u0131 Ahmet Sava\u015fan temsil etti.<br \/>\nUluslararas\u0131 kat\u0131l\u0131mla ger\u00e7ekle\u015fen forum, gerek sa\u011fl\u0131k turizmine y\u00f6n veren akt\u00f6rleri bir araya getirmesi, gerek d\u00fcnya sa\u011fl\u0131k turizminin yeni yol haritas\u0131n\u0131n belirlenmesi, gerekse de Turizm ve \u00c7evre Bakan\u0131 Fikri Atao\u011flu\u2019nun KKTC ad\u0131na D\u00fcnya Sa\u011fl\u0131k Turizmi Konseyi Y\u00fcksek \u0130sti\u015fare Kurulu \u00dcyeli\u011fi\u2019ne, Sa\u011fl\u0131k Turizmi Konseyi Ba\u015fkan\u0131 Ahmet Sava\u015fan\u2019\u0131n da Y\u00f6netim Kurulu \u00dcyeli\u011fi\u2019ne se\u00e7ilmesi a\u00e7\u0131s\u0131ndan \u00fclkemiz ad\u0131na son derece \u00f6nemli sonu\u00e7lar bar\u0131nd\u0131r\u0131yor.<br \/>\nD\u00fcn Turizm ve \u00c7evre Bakan\u0131 aya\u011f\u0131n\u0131n tozuyla Ercan Havaalan\u0131\u2019nda Ahmet Sava\u015fan ve m\u00fcste\u015farlar\u0131 ile birlikte bir bas\u0131n toplant\u0131s\u0131 d\u00fczenleyerek \u00dcrd\u00fcn temaslar\u0131n\u0131 kamuoyu ile payla\u015ft\u0131.<br \/>\nAtao\u011flu bas\u0131n toplant\u0131s\u0131nda forum kapsam\u0131nda \u00dcrd\u00fcn Ba\u015fbakan\u0131 Hani Mulqi, Prenses Ghaida Talal, Prenses Dina Mired, Sa\u011fl\u0131k ve Turizm Bakanlar\u0131 ile bir araya geldiklerini ve \u00fclkeler aras\u0131 i\u015f birli\u011finin kar\u015f\u0131l\u0131kl\u0131 olarak geli\u015ftirilmesi konular\u0131nda g\u00f6r\u00fc\u015f al\u0131\u015fveri\u015finde bulunduklar\u0131n\u0131, ayr\u0131ca da 87 \u00fclke aras\u0131ndan D\u00fcnya Sa\u011fl\u0131k Turizmi Konseyi Y\u00f6netim Kurulu ile Y\u00fcksek \u0130sti\u015fare Kurulu \u00fcyeliklerine KKTC ad\u0131na kendisi ile Ahmet Sava\u015fan\u2019\u0131n se\u00e7ildi\u011fini anlatt\u0131.<br \/>\nAtao\u011flu ayr\u0131ca uzun y\u0131llard\u0131r \u00fclkemizin d\u00fcnyan\u0131n d\u00f6rt bir yan\u0131ndan, do\u011fal, k\u00fclt\u00fcrel, tarihi ve turistik zenginlikleri i\u00e7in tatil amac\u0131yla ve ayr\u0131ca e\u011fitim i\u00e7in yo\u011fun bir \u015fekilde tercih edildi\u011fini s\u00f6yleyerek, Birle\u015fmi\u015f Milletler D\u00fcnya Turizm \u00d6rg\u00fct\u00fc\u2019n\u00fcn \u00f6ng\u00f6r\u00fclerini hat\u0131rlatarak turizm sekt\u00f6r\u00fcn\u00fcn \u00f6n\u00fcm\u00fczdeki 20 y\u0131lda b\u00fcy\u00fcmeye devam edece\u011fini ve 2020 y\u0131l\u0131 itibar\u0131yla 2 trilyon dolar hacme ula\u015faca\u011f\u0131na dikkat \u00e7ekti. Atao\u011flu, d\u00fcnyada ya\u015fanan pek \u00e7ok olumsuzlu\u011fa ra\u011fmen geli\u015fimini s\u00fcrd\u00fcren turizm end\u00fcstrisinde \u00f6zg\u00fcn yerini alan sa\u011fl\u0131k turizmine yatk\u0131n b\u00fct\u00fcn \u00fclkeler gibi Kuzey K\u0131br\u0131s\u2019\u0131n da somut ad\u0131mlar atmaya, gerekli yasal ve altyap\u0131sal d\u00fczenlemeleri hayata ge\u00e7irmeye ve bu alan\u0131 te\u015fviklendirmeye kararl\u0131 oldu\u011funa da de\u011findi.<br \/>\nSava\u015fan\u2019\u0131n da bas\u0131n toplant\u0131s\u0131nda yapt\u0131\u011f\u0131 konu\u015fmadan forum kapsam\u0131nda bakanl\u0131k temsilcileri, el\u00e7iler yan\u0131 s\u0131ra, hastane sa\u011fl\u0131k ve akreditasyon kurulu\u015flar\u0131, sigorta, havayolu, acente ve otel temsilcileri ba\u015fta olmak \u00fczere 42 \u00fclkeden etkili payda\u015f\u0131n kat\u0131l\u0131m\u0131 ile ger\u00e7ekle\u015fen \u201cSa\u011fl\u0131k Turizminde K\u00fcreselle\u015fme\u201d oturumuna kat\u0131ld\u0131klar\u0131n\u0131 ve k\u00fcresel sa\u011fl\u0131k turizmi hedefleri, mevzuatlar, akreditasyon, e\u011fitim ve ara\u015ft\u0131rma, sa\u011fl\u0131k seyahatinin kapsam\u0131n\u0131n geni\u015fletilmesi, pazarlama ve markala\u015fma, etik gibi konular\u0131 tart\u0131\u015farak d\u00fcnya sa\u011fl\u0131k turizmi yol haritas\u0131n\u0131n belirlenmesine katk\u0131 koyduklar\u0131n\u0131 \u00f6\u011frendik.<br \/>\nAyr\u0131ca Sava\u015fan k\u00fcresel al\u0131m heyetlerinin kat\u0131l\u0131m\u0131yla ger\u00e7ekle\u015fen B2B toplant\u0131lar\u0131nda, \u00fclkemizin turistik, tarihi \u00f6zellikleri yan\u0131 s\u0131ra \u00fcniversite hastaneleri, \u00f6zel hastaneleri, klinikleri ve otellerimizde sunulan SPA, wellness olanaklar\u0131n\u0131 tan\u0131tma f\u0131rsat\u0131 bulduklar\u0131n\u0131 da anlatt\u0131. Sava\u015fan\u2019\u0131n en \u00f6nemli mesajlar\u0131ndan biri ise \u0130talya, \u00dcrd\u00fcn, M\u0131s\u0131r, Azerbaycan, Ukrayna ile t\u00fcp bebek, onkoloji, kalp, g\u00f6z ve di\u015f alanlar\u0131nda yeni anla\u015fmalar imzalad\u0131klar\u0131n\u0131 s\u00f6ylemesi oldu.<br \/>\nAtao\u011flu\u2019nun a\u00e7\u0131klamalar\u0131ndan sonra D\u00fcnya Sa\u011fl\u0131k Turizmi Konseyi\u2019ni ara\u015ft\u0131rd\u0131m ve \u201c87 \u00fclkenin \u00fcyesi oldu\u011fu 147 network ofisi ile alan\u0131nda d\u00fcnyan\u0131n en geni\u015f temsiliyetine sahip bir konsey oldu\u011funu \u00f6\u011frendim. Dahas\u0131 da var; KKTC, Birle\u015fik Arap Emirlikleri Dubai Sa\u011fl\u0131k Otoritesi Ba\u015fkan\u0131 Dr. Layla Al Marzouqi\u2019nin ba\u015fkanl\u0131\u011f\u0131na se\u00e7ildi\u011fi D\u00fcnya Sa\u011fl\u0131k Turizmi Konseyi\u2019nde masada genel sekreterli\u011fini Yunanl\u0131 delegenin yapt\u0131\u011f\u0131 ve aralar\u0131nda G\u00fcney K\u0131br\u0131s Rum Y\u00f6netimi\u2019nin de yere ald\u0131\u011f\u0131 18 \u00fclke ile birlikte e\u015fit olarak temsil ediliyor.<br \/>\nNe diyelim\u2026 Sn. Fikri Atao\u011flu ve Sn. Ahmet Sava\u015fan K\u0131br\u0131s konusunda i\u00e7inden ge\u00e7ti\u011fimiz b\u00f6ylesi \u00e7alkant\u0131l\u0131 bir s\u00fcre\u00e7te Rum ve Yunanl\u0131larla e\u015fit oldu\u011fumuzu b\u00fct\u00fcn d\u00fcnya \u00f6n\u00fcnde g\u00f6sterdi. Helal olsun&#8230;<br \/>\n************<br \/>\n<a name=\"_GoBack\"><\/a><strong>Okur mektubu\u2026 Ada b\u00f6l\u00fcn\u00fcr m\u00fc?<\/strong><br \/>\nAraya se\u00e7imler ve ayr\u0131l\u0131klar girecek, hatta k\u0131rg\u0131nl\u0131klar ve derken zaten bizim se\u00e7imlerimiz kap\u0131y\u0131 \u00e7alacak ve bu mesele \u00e7\u00f6z\u00fclmeyecek. Diyelim ki \u00e7\u00f6z\u00fcm olmad\u0131 peki ne olacak? KKTC\u2019yi kimsecikler tan\u0131maz, K\u0131br\u0131s T\u00fcrk Devleti kuramazs\u0131n\u0131z, adada b\u00f6l\u00fcnme kesinle\u015fmez. Kimse yeni bir devlet ve d\u00fczen beklemesin bunlar\u0131n hi\u00e7biri olmaz.<br \/>\nPeki ne olur? KKTC tam anlam\u0131yla Tayvanla\u015f\u0131r. Aynen bu yazd\u0131\u011f\u0131m olur. K\u0131br\u0131s\u2019\u0131n kuzeyine imtiyazlar tan\u0131n\u0131r, k\u0131smi olarak ambargolar azalt\u0131l\u0131r, s\u00f6zde baz\u0131 maddi yard\u0131mlar yap\u0131l\u0131r ve dahas\u0131. Bu kadar, ba\u015fka da bir \u015fey olmaz.<br \/>\nMilliyet\u00e7ilik duygular\u0131 da artmaz.<br \/>\nAma Rumlar da ilanihaye T\u00fcrk ordusuyla uyuyup kabus g\u00f6rerek uyanmaya devam eder. Rumlar da bundan mutluysa sorun yok zaten. Do\u011fal gaz G\u00fcney\u2019den Kuzey topraklar\u0131ndan uzan\u0131r ve T\u00fcrkiye\u2019ye gider. Su, Kuzey\u2019den G\u00fcney\u2019e hatta gerekirse \u0130srail\u2019e dahi akar gider, zenginle\u015fme yine ya\u015fan\u0131r ama K\u0131br\u0131sl\u0131 T\u00fcrkler kimliksiz ya\u015famaya devam eder.<br \/>\nOlacak olanlar bunlard\u0131r.<br \/>\nUmar\u0131m ben yan\u0131l\u0131r\u0131m ve \u00e7\u00f6z\u00fcl\u00fcr Rumlar\u0131n dizindeki y\u00fczy\u0131llard\u0131r ba\u011fl\u0131 duran siyah pe\u00e7eleri de \u00e7\u00f6z\u00fcm olur.<br \/>\n***************<br \/>\n<strong>G\u00fcn\u00fcn S\u00f6z\u00fc<\/strong><br \/>\n<strong>Sevmek insan y\u00fcre\u011fi kadard\u0131r, k\u00fc\u00e7\u00fckse b\u00fcy\u00fc\u011f\u00fcn\u00fc ta\u015f\u0131yamazs\u0131n.<\/strong><br \/>\n<strong>Attila \u0130lhan<\/strong><br \/>\nhttp:\/\/www.kibrispostasi.com\/gokhan-altiner-yazdi-turizmde-lobi-iste-boyle-yapilir-020320<\/p>\n","protected":false},"excerpt":{"rendered":"<p>Uluslararas\u0131 kat\u0131l\u0131mla ger\u00e7ekle\u015fen forum, gerek sa\u011fl\u0131k turizmine y\u00f6n veren akt\u00f6rleri bir araya getirmesi, gerek d\u00fcnya sa\u011fl\u0131k turizminin yeni yol haritas\u0131n\u0131n belirlenmesi, gerekse de Turizm ve \u00c7evre Bakan\u0131 Fikri Atao\u011flu\u2019nun KKTC ad\u0131na D\u00fcnya Sa\u011fl\u0131k Turizmi Konseyi Y\u00fcksek \u0130sti\u015fare Kurulu \u00dcyeli\u011fi\u2019ne; Sa\u011fl\u0131k Turizmi Konseyi Ba\u015fkan\u0131 Ahmet Sava\u015fan\u2019\u0131n da Y\u00f6netim Kurulu \u00dcyeli\u011fi\u2019ne se\u00e7ilmesi a\u00e7\u0131s\u0131ndan \u00fclkemiz ad\u0131na son derece [&hellip;]<\/p>\n","protected":false},"author":1,"featured_media":2386,"comment_status":"open","ping_status":"open","sticky":false,"template":"","format":"standard","meta":{"_monsterinsights_skip_tracking":false,"_monsterinsights_sitenote_active":false,"_monsterinsights_sitenote_note":"","_monsterinsights_sitenote_category":0,"footnotes":""},"categories":[102],"tags":[],"class_list":["post-2514","post","type-post","status-publish","format-standard","has-post-thumbnail","hentry","category-haberler"],"aioseo_notices":[],"_links":{"self":[{"href":"https:\/\/ahmetsavasan.com\/tr_tr\/wp-json\/wp\/v2\/posts\/2514","targetHints":{"allow":["GET"]}}],"collection":[{"href":"https:\/\/ahmetsavasan.com\/tr_tr\/wp-json\/wp\/v2\/posts"}],"about":[{"href":"https:\/\/ahmetsavasan.com\/tr_tr\/wp-json\/wp\/v2\/types\/post"}],"author":[{"embeddable":true,"href":"https:\/\/ahmetsavasan.com\/tr_tr\/wp-json\/wp\/v2\/users\/1"}],"replies":[{"embeddable":true,"href":"https:\/\/ahmetsavasan.com\/tr_tr\/wp-json\/wp\/v2\/comments?post=2514"}],"version-history":[{"count":0,"href":"https:\/\/ahmetsavasan.com\/tr_tr\/wp-json\/wp\/v2\/posts\/2514\/revisions"}],"wp:featuredmedia":[{"embeddable":true,"href":"https:\/\/ahmetsavasan.com\/tr_tr\/wp-json\/wp\/v2\/media\/2386"}],"wp:attachment":[{"href":"https:\/\/ahmetsavasan.com\/tr_tr\/wp-json\/wp\/v2\/media?parent=2514"}],"wp:term":[{"taxonomy":"category","embeddable":true,"href":"https:\/\/ahmetsavasan.com\/tr_tr\/wp-json\/wp\/v2\/categories?post=2514"},{"taxonomy":"post_tag","embeddable":true,"href":"https:\/\/ahmetsavasan.com\/tr_tr\/wp-json\/wp\/v2\/tags?post=2514"}],"curies":[{"name":"wp","href":"https:\/\/api.w.org\/{rel}","templated":true}]}}