{"id":9757,"date":"2018-04-10T11:51:07","date_gmt":"2018-04-10T11:51:07","guid":{"rendered":"https:\/\/www.ahmetsavasan.biz\/?p=9757"},"modified":"2025-09-01T09:24:44","modified_gmt":"2025-09-01T09:24:44","slug":"savasan-kktcye-5-milyon-euronun-gelmesini-hedefliyoruz","status":"publish","type":"post","link":"https:\/\/ahmetsavasan.com\/tr_tr\/savasan-kktcye-5-milyon-euronun-gelmesini-hedefliyoruz\/","title":{"rendered":"KKTC&#8217;ye 5 Milyon Euro&#8217;nun Gelmesini Hedefliyoruz"},"content":{"rendered":"<p>[vc_row][vc_column][vc_column_text]<\/p>\n<div id=\"content\" class=\"text\">\n<div class=\"full\">\n<p>D\u00fcnya sa\u011fl\u0131k, spor ve alternatif turizm kongre fuar\u0131na sekt\u00f6r temsilcileri ile birlikte Turizm ve \u00c7evre Bakanl\u0131\u011f\u0131 \u015femsiyesi alt\u0131nda kat\u0131lan K\u0131br\u0131s Sa\u011fl\u0131k Turizmi Konseyi, KKTC\u2019ye 5 Milyon Euro kazand\u0131rmak hedefiyle 20\u2019den fazla \u00fclke ile yeni anla\u015fmaya imza att\u0131.<\/p>\n<p><img decoding=\"async\" src=\"http:\/\/www.kibrispostasi.com\/upload\/news\/turizm2.jpg\" alt=\"\" \/>Sa\u011fl\u0131k Turizmi Konseyi\u2019nden yap\u0131lan a\u00e7\u0131klamaya g\u00f6re; 165 \u00fclkeden 5 binin \u00fczerinde al\u0131m heyetinin kat\u0131l\u0131m\u0131yla Antalya&#8217;da bu y\u0131l ikincisi TC Cumhurba\u015fkan\u0131 Recep Tayyip Erdo\u011fan himayesinde ger\u00e7ekle\u015ftirilen organizasyona Konsey Ba\u015fkan\u0131 Dr. <a class=\"words\" href=\"http:\/\/www.kibrispostasi.com\/index.php\/tpl\/tumu\/pers\/13\">Ahmet Sava\u015fan<\/a>, Y\u00f6netim Kurulu \u00dcyesi Dr. Remzi Gardiyano\u011flu, Uluslararas\u0131 Anla\u015fmalar Hukuk Dan\u0131\u015fman\u0131 Av. Hasan \u00d6zyi\u011fit ile Rus \u00dclkeler Koordinat\u00f6r\u00fc Madina Gumarova\u2019n\u0131n kat\u0131ld\u0131\u011f\u0131 belirtildi. Ayn\u0131 a\u00e7\u0131klamada Sava\u015fan ve beraberindeki heyetin iki g\u00fcn boyunca devam eden B2B g\u00f6r\u00fc\u015fmelere kat\u0131ld\u0131\u011f\u0131 ve 40\u2019dan fazla \u00fclke temsilcisiyle ayr\u0131 ayr\u0131 g\u00f6r\u00fc\u015ferek 20 yeni anla\u015fmaya imza att\u0131\u011f\u0131na yer verildi.<\/p>\n<p><img decoding=\"async\" src=\"http:\/\/www.kibrispostasi.com\/upload\/news\/turizm.jpg\" alt=\"\" \/><\/p>\n<p><strong>AVRUPA, RUSYA, UZAKDO\u011eU VE ORTADO\u011eU \u00dcLKELER\u0130YLE ANLA\u015eMA YAPILDI&#8230;<\/strong><\/p>\n<p>50 bin ikili i\u015f g\u00f6r\u00fc\u015fmesi ve 20 milyar TL&#8217;lik ticaret hacmi hedefiyle Antalya\u2019da ger\u00e7ekle\u015ftirilen uluslararas\u0131 organizasyonda Kuzey K\u0131br\u0131s\u2019\u0131n da sa\u011fl\u0131k, spor ve alternatif turizm olanaklar\u0131n\u0131 en etkin \u015fekilde tan\u0131tma imkan\u0131 buldu\u011funun alt\u0131n\u0131 \u00e7izen Dr. <a class=\"words\" href=\"http:\/\/www.kibrispostasi.com\/index.php\/tpl\/tumu\/pers\/13\">Ahmet Sava\u015fan<\/a>, yeni anla\u015fmalar\u0131n Avrupa, Rusya, Uzakdo\u011fu ve Ortado\u011fu \u00fclkelerini ile imzaland\u0131\u011f\u0131n\u0131 belirtti.<\/p>\n<p><strong>ANLA\u015eMALAR \u00dcYE HASTANE, KL\u0130N\u0130K VE OTELLER\u0130 KAPSIYOR&#8230;<\/strong><\/p>\n<p>Yap\u0131lan anla\u015fmalar\u0131n K\u0131br\u0131s Sa\u011fl\u0131k Turizmi Konseyi\u2019ne \u00fcye hastane, klinik ve otellere yurt d\u0131\u015f\u0131ndan sa\u011fl\u0131k turisti g\u00f6nderilmesini kapsad\u0131\u011f\u0131na vurgu yapan Sava\u015fan, \u201cyap\u0131lan anla\u015fmalar sayesindeKuzey K\u0131br\u0131s\u2019a plastik cerrahi, t\u00fcp bebek, di\u015f, kalp, radyoterapi, wellness ve sa\u011fl\u0131kl\u0131 ya\u015fam k\u00f6yleri gibi alanlarda 1000 yeni sa\u011fl\u0131k turisti g\u00f6nderilmesini hedefliyoruz\u201d ifadelerini kulland\u0131.<\/p>\n<\/div>\n<\/div>\n<p>[\/vc_column_text][\/vc_column][\/vc_row]<\/p>\n","protected":false},"excerpt":{"rendered":"<p>[vc_row][vc_column][vc_column_text] D\u00fcnya sa\u011fl\u0131k, spor ve alternatif turizm kongre fuar\u0131na sekt\u00f6r temsilcileri ile birlikte Turizm ve \u00c7evre Bakanl\u0131\u011f\u0131 \u015femsiyesi alt\u0131nda kat\u0131lan K\u0131br\u0131s Sa\u011fl\u0131k Turizmi Konseyi, KKTC\u2019ye 5 Milyon Euro kazand\u0131rmak hedefiyle 20\u2019den fazla \u00fclke ile yeni anla\u015fmaya imza att\u0131. Sa\u011fl\u0131k Turizmi Konseyi\u2019nden yap\u0131lan a\u00e7\u0131klamaya g\u00f6re; 165 \u00fclkeden 5 binin \u00fczerinde al\u0131m heyetinin kat\u0131l\u0131m\u0131yla Antalya&#8217;da bu y\u0131l [&hellip;]<\/p>\n","protected":false},"author":1,"featured_media":9728,"comment_status":"open","ping_status":"open","sticky":false,"template":"","format":"standard","meta":{"_monsterinsights_skip_tracking":false,"_monsterinsights_sitenote_active":false,"_monsterinsights_sitenote_note":"","_monsterinsights_sitenote_category":0,"footnotes":""},"categories":[140],"tags":[],"class_list":["post-9757","post","type-post","status-publish","format-standard","has-post-thumbnail","hentry","category-chtc"],"aioseo_notices":[],"_links":{"self":[{"href":"https:\/\/ahmetsavasan.com\/tr_tr\/wp-json\/wp\/v2\/posts\/9757","targetHints":{"allow":["GET"]}}],"collection":[{"href":"https:\/\/ahmetsavasan.com\/tr_tr\/wp-json\/wp\/v2\/posts"}],"about":[{"href":"https:\/\/ahmetsavasan.com\/tr_tr\/wp-json\/wp\/v2\/types\/post"}],"author":[{"embeddable":true,"href":"https:\/\/ahmetsavasan.com\/tr_tr\/wp-json\/wp\/v2\/users\/1"}],"replies":[{"embeddable":true,"href":"https:\/\/ahmetsavasan.com\/tr_tr\/wp-json\/wp\/v2\/comments?post=9757"}],"version-history":[{"count":1,"href":"https:\/\/ahmetsavasan.com\/tr_tr\/wp-json\/wp\/v2\/posts\/9757\/revisions"}],"predecessor-version":[{"id":20294,"href":"https:\/\/ahmetsavasan.com\/tr_tr\/wp-json\/wp\/v2\/posts\/9757\/revisions\/20294"}],"wp:featuredmedia":[{"embeddable":true,"href":"https:\/\/ahmetsavasan.com\/tr_tr\/wp-json\/wp\/v2\/media\/9728"}],"wp:attachment":[{"href":"https:\/\/ahmetsavasan.com\/tr_tr\/wp-json\/wp\/v2\/media?parent=9757"}],"wp:term":[{"taxonomy":"category","embeddable":true,"href":"https:\/\/ahmetsavasan.com\/tr_tr\/wp-json\/wp\/v2\/categories?post=9757"},{"taxonomy":"post_tag","embeddable":true,"href":"https:\/\/ahmetsavasan.com\/tr_tr\/wp-json\/wp\/v2\/tags?post=9757"}],"curies":[{"name":"wp","href":"https:\/\/api.w.org\/{rel}","templated":true}]}}