{"id":9759,"date":"2018-04-20T11:57:14","date_gmt":"2018-04-20T11:57:14","guid":{"rendered":"https:\/\/www.ahmetsavasan.biz\/?p=9759"},"modified":"2018-04-20T11:57:14","modified_gmt":"2018-04-20T11:57:14","slug":"savasanin-uluslararasi-basarisi","status":"publish","type":"post","link":"https:\/\/ahmetsavasan.com\/tr_tr\/savasanin-uluslararasi-basarisi\/","title":{"rendered":"Sava\u015fan&#8217;\u0131n Uluslararas\u0131 Ba\u015far\u0131s\u0131"},"content":{"rendered":"<p>[vc_row][vc_column][vc_column_text]<\/p>\n<ul>\n<li><strong><em>38 \u00fclkeden 47 delegenin kat\u0131l\u0131m\u0131 ile ger\u00e7ekle\u015fen D\u00fcnya Sa\u011fl\u0131k Turizmi Konseyi (Global Healthcare Travel Council) Genel Kurulu\u2019nda KKTC ad\u0131na Dr. Ahmet Sava\u015fan D\u00fcnya Ba\u015fkan Yard\u0131mc\u0131l\u0131\u011f\u0131na se\u00e7ilmi\u015fti. Hem de Yunanistan\u2019dan da olumlu oy almay\u0131 ba\u015fararak.\u00a0<\/em><\/strong><\/li>\n<li><strong><em>KKTC\u2019nin 54. \u00fcye \u00fclke olarak D\u00fcnya Konseyine kabul edildi\u011fini ve 2017 y\u0131l\u0131nda da D\u00fcnya Konseyi\u2019nde y\u00f6netim kurulu \u00fcyesi olarak g\u00f6rev yapt\u0131\u011f\u0131n\u0131 anlatan Sava\u015fan, D\u00fcnya Sa\u011fl\u0131k Turizmi Konseyi\u2019nde Kuzey K\u0131br\u0131s\u2019\u0131n bu g\u00fcn 57 \u00fclkeyle birlikte e\u015fit ko\u015fullarda bayra\u011f\u0131 ile temsil edildi\u011fini s\u00f6yledi.<\/em><\/strong><\/li>\n<\/ul>\n<p>K\u0131br\u0131s Sa\u011fl\u0131k Turizmi Konseyi Ba\u015fkan\u0131, dostum Dr. Ahmet Sava\u015fan\u2019la d\u00fcn bulu\u015fup uzun bir sohbet etme f\u0131rsat\u0131 bulduk. Sava\u015fan, Sa\u011fl\u0131k Turizmi alan\u0131nda ciddi \u00e7al\u0131\u015fmalar\u0131 bulunan ve \u00fclke insan\u0131na hem sosyal hem de siyaseten ciddi hizmetler vermek i\u00e7in \u00e7al\u0131\u015fan gen\u00e7 ve ayd\u0131n birisi benim nazar\u0131mda.<\/p>\n<p>Bir s\u00fcre \u00f6nce Genel Milletvekilli\u011fi se\u00e7imlerine kat\u0131lan ve 48,171 oy almas\u0131na kar\u015f\u0131n, (ki hat\u0131rlatmakta fayda g\u00f6r\u00fcyorum Ba\u015fbakan Erhurman 37,776, Serdar Denkta\u015f 13,557, Kudret\u00a0 \u00d6zersay 31,280, Cemal \u00d6zyi\u011fit\u00a0 15,180, Erhan Ar\u0131kl\u0131\u00a0 ise 10,398 oy alarak se\u00e7ilmi\u015fti) yeni se\u00e7im sisteminin azizli\u011fine u\u011frad\u0131\u011f\u0131 i\u00e7in parlamentoya girememi\u015f olmas\u0131na kar\u015f\u0131n, bu alanda b\u00fcy\u00fck bir potansiyele sahip oldu\u011funu kan\u0131tlam\u0131\u015f bir isim Ahmet Sava\u015fan.<\/p>\n<p><strong>\u201cSE\u00c7\u0130LSEM DE SE\u00c7\u0130LMESEM DE H\u0130ZMETE DEVAM&#8230;\u201d<\/strong><\/p>\n<p>Hat\u0131rlayacaks\u0131n\u0131z Sava\u015fan se\u00e7im \u00f6ncesi a\u00e7\u0131klayarak \u201cse\u00e7ilsem de se\u00e7ilmesem de \u00fclkeme hizmet yolunda m\u00fccadeleye ve hizmete devam edece\u011fim\u201d demi\u015fti. \u00d6yle de yap\u0131yor g\u00f6rd\u00fc\u011f\u00fcm\u00fcz kadar\u0131yla. Sadece siyasi alanda da de\u011fil, y\u0131llard\u0131r turizm, e\u011fitim ve sa\u011fl\u0131k alan\u0131nda durmaks\u0131z\u0131n \u00e7al\u0131\u015f\u0131yor ve \u00fclke insan\u0131na hizmet ediyor.<\/p>\n<p>Sava\u015fan\u2019\u0131n sa\u011fl\u0131k turizminin \u00fclkede geli\u015fmesi ve \u00fclke i\u00e7i katma de\u011ferin artmas\u0131 i\u00e7in son on y\u0131lda canla ba\u015fla \u00e7al\u0131\u015ft\u0131\u011f\u0131 ortada. Ama ona ge\u00e7meden \u00f6nce \u00fclkemizde kanayan en \u00f6nemli yaralar\u0131n ba\u015f\u0131nda gelen kanser hastal\u0131\u011f\u0131n\u0131n \u00f6nlenmesi ve erken te\u015fhis bilincinin geli\u015fmesi y\u00f6n\u00fcnde yapt\u0131\u011f\u0131 \u00e7al\u0131\u015fmalar\u0131 konu\u015ftuk.<\/p>\n<p>Sava\u015fan, kanserin D\u00fcnya genelinde giderek artan bir sa\u011fl\u0131k problemi oldu\u011funu ve toplumlarda \u00f6nemli bir sosyo-ekonomik y\u00fcke, bireylerde de maddi ve manevi kay\u0131p ve zorluklara yol a\u00e7t\u0131\u011f\u0131n\u0131 anlatt\u0131 ve kanserin \u00f6nemli bir k\u0131sm\u0131n\u0131n \u00f6nlenebilir olmas\u0131n\u0131n bu konuya verilen \u00f6nemi art\u0131rd\u0131\u011f\u0131n\u0131 vurgulad\u0131.<\/p>\n<p>Sava\u015fan, konseyin, kanser ile ilgili fark\u0131ndal\u0131k ve bilin\u00e7 d\u00fczeyinin artmas\u0131n\u0131 sa\u011flamak ve insanlar\u0131n do\u011fru bildi\u011fi yanl\u0131\u015flardan kurtulmas\u0131na yard\u0131mc\u0131 olmak amac\u0131yla selfcheck uygulamas\u0131n\u0131 geli\u015ftirdi\u011fini ve Kanser Hastalar\u0131na Yard\u0131m Derne\u011fi \u00fczerinden \u00fclkemizdeki b\u00fct\u00fcn kad\u0131nlara hediye edildi\u011fini anlatt\u0131.<\/p>\n<p><strong>\u201cKKTC\u2019DEK\u0130 VAKALARIN 3\u2019TE 1\u2019\u0130 MEME KANSER\u0130\u201d<\/strong><\/p>\n<p>Kuzey K\u0131br\u0131s\u2019ta y\u0131lda 700 civar\u0131nda yeni kanser vakas\u0131n\u0131n tespit edildi\u011fini ve bu vakalar\u0131n 3\u2019te 1\u2019inin meme kanseri oldu\u011funu belirten Ahmet Sava\u015fan, y\u0131lda ortalama D\u00fcnya\u2019da 1,4 milyon ki\u015fiye, \u00fclkemizde ise 250-300 ki\u015fiye meme kanseri te\u015fhisi kondu\u011funun alt\u0131n\u0131 \u00e7izdi.<\/p>\n<p><strong>\u201cSELFCHECK\u201d\u0130 \u00dcCRETS\u0130Z \u0130ND\u0130R\u0130N&#8230;\u201d<\/strong><\/p>\n<p>Google Play veya Apple Stor\u2019dan \u00fccretsiz indirilebilen \u201cselfcheck\u201d mobil uygulama sayesinde kad\u0131nlar\u0131n her ay yapt\u0131klar\u0131 meme muayenelerini kay\u0131t alt\u0131nda tutabileceklerini ve de\u011fi\u015fiklikleri de erken farkederek doktora ba\u015fvurabileceklerini anlatan Sava\u015fan, profesyonel bir takip sistemi sunan uygulaman\u0131n ayn\u0131 zamanda, en do\u011fru muayene zamanlar\u0131n\u0131 da kullan\u0131c\u0131ya hat\u0131rlatt\u0131\u011f\u0131n\u0131 s\u00f6yledi. Uygulama sayesinde do\u011fru bilinen pek \u00e7ok yanl\u0131\u015f\u0131n kad\u0131nlar\u0131m\u0131z taraf\u0131ndan yap\u0131lmayaca\u011f\u0131n\u0131 dile getiren Sava\u015fan b\u00fct\u00fcn kad\u0131nlara bu uygulamay\u0131 indirmesi \u00e7a\u011fr\u0131s\u0131nda bulundu.<\/p>\n<p><strong>\u201cKANSER B\u0130LD\u0130R\u0130M ZORUNLULU\u011eU YASASI \u00c7IKMALI\u201d<\/strong><\/p>\n<p>Ge\u00e7ti\u011fimiz hafta sonu konsey yetkilileri ile birlikte, Kanser Hastalar\u0131na Yard\u0131m Derne\u011fi ev sahipli\u011finde ger\u00e7ekle\u015fen ve sa\u011fl\u0131k bakan\u0131 ile pek \u00e7ok yard\u0131m sever insan\u0131n kat\u0131ld\u0131\u011f\u0131 \u201ckanser bildirim zorunlulu\u011fu yasas\u0131\u201dn\u0131n \u00e7\u0131kart\u0131lmas\u0131 temal\u0131 etkinlikte y\u00fcr\u00fcd\u00fcklerini anlatan Sava\u015fan, kanser bildirim zorunlulu\u011fu yasas\u0131 ile birlikte kanser haritas\u0131n\u0131n \u00e7\u0131kart\u0131lmas\u0131n\u0131n \u00f6nemini de vurgulad\u0131.<\/p>\n<p>Gelelim yaz\u0131m\u0131z\u0131n ana temas\u0131na. Ge\u00e7ti\u011fimiz g\u00fcnlerde Kuzey K\u0131br\u0131s olarak turizmciler, KKTC Turizm ve \u00c7evre Bakan\u0131 Fikri Atao\u011flu ba\u015fkanl\u0131\u011f\u0131nda Antalya&#8217;da bu y\u0131l ikincisi TC Cumhurba\u015fkan\u0131 Recep Tayyip Erdo\u011fan himayesinde ger\u00e7ekle\u015ftirilen D\u00fcnya sa\u011fl\u0131k, spor ve alternatif turizm kongre fuar\u0131na kat\u0131ld\u0131. Uluslararas\u0131 organizasyonda 165 \u00fclkeden 5 binin \u00fczerinde al\u0131m heyeti yer ald\u0131. Bizler de \u00fclkemizin sa\u011fl\u0131k ve spor alan\u0131ndaki \u00fcr\u00fcnlerini tan\u0131tma ve ayr\u0131ca yeni anla\u015fmalar yapma f\u0131rsat\u0131 da bulduk.<\/p>\n<p>Ama Antalya\u2019da ger\u00e7ekle\u015fen ve T\u00fcrkiye\u2019nin de \u00e7ok b\u00fcy\u00fck \u00f6nem verdi\u011fi bu dev organizasyonda KKTC olarak bizleri gururland\u0131ran \u00e7ok \u00f6nemli bir ba\u015far\u0131 elde ettik.<\/p>\n<p><strong>KKTC\u2019YE YUNAN\u0130STAN GENEL SEKRETERL\u0130K YAPACAK&#8230;\u00a0<\/strong><\/p>\n<p>38 \u00fclkeden 47 delegenin kat\u0131l\u0131m\u0131 ile ger\u00e7ekle\u015fen D\u00fcnya Sa\u011fl\u0131k Turizmi Konseyi (Global Healthcare Travel Council) Genel Kurulu\u2019nda KKTC ad\u0131na Dr. Ahmet Sava\u015fan D\u00fcnya Ba\u015fkan Yard\u0131mc\u0131l\u0131\u011f\u0131na se\u00e7ilmi\u015fti. Hem de Yunanistan\u2019dan da olumlu oy almay\u0131 ba\u015fararak.<\/p>\n<p>Sava\u015fan\u2019a bu ba\u015far\u0131n\u0131n anlam\u0131n\u0131 ve nas\u0131l bir s\u00fcrecin sonunda elde edildi\u011fini sordum.<\/p>\n<p><strong>57 \u00dcLKEYLE B\u0130RL\u0130KTE E\u015e\u0130T YER ALDIK&#8230;<\/strong><\/p>\n<p>KKTC\u2019nin 54. \u00fcye \u00fclke olarak D\u00fcnya Konseyine kabul edildi\u011fini ve 2017 y\u0131l\u0131nda da D\u00fcnya Konseyi\u2019nde y\u00f6netim kurulu \u00fcyesi olarak g\u00f6rev yapt\u0131\u011f\u0131n\u0131 anlatan Sava\u015fan, D\u00fcnya Sa\u011fl\u0131k Turizmi Konseyi\u2019nde Kuzey K\u0131br\u0131s\u2019\u0131n bu g\u00fcn 57 \u00fclkeyle birlikte e\u015fit ko\u015fullarda bayra\u011f\u0131 ile temsil edildi\u011fini s\u00f6yledi.<\/p>\n<p>Sava\u015fan, D\u00fcnya Sa\u011fl\u0131k Turizmi Konseyi Kurucu Ba\u015fkan\u0131 Emin \u00c7akmak\u2019\u0131n ba\u015fkanl\u0131\u011f\u0131nda ger\u00e7ekle\u015ftirilen ve 2018 y\u0131l\u0131nda D\u00fcnya sa\u011fl\u0131k turizmine y\u00f6n verecek \u00fclkelerin temsilcilerinin belirlendi\u011fi genel kurulda D\u00fcnya Ba\u015fkanl\u0131\u011f\u0131na Azerbaycan\u2019dan Rusyan Guliyev, Genel Ba\u015fkan Yard\u0131mc\u0131l\u0131\u011f\u0131na kendisinin ve\u00a0 Genel Sekreterli\u011fe de Yunanistan\u2019dan Constantine Constantinides\u2019in getirildi\u011fini anlatt\u0131.<\/p>\n<p><strong>B\u0130R M\u0130LLET \u00dc\u00c7 DEVLET&#8230;<\/strong><\/p>\n<p>T\u00fcrkiye, Azerbaycan ve KKTC\u2019nin D\u00fcnya Sa\u011fl\u0131k Turizmi Konseyi \u00e7at\u0131s\u0131 alt\u0131nda e\u015fit \u015fekilde yer almas\u0131n\u0131n bir millet \u00fc\u00e7 devlet olgusuna b\u00fcy\u00fck bir anlam katt\u0131\u011f\u0131n\u0131 belirten Sava\u015fan, bu ba\u015far\u0131n\u0131n \u00fclke insan\u0131n\u0131n \u00e7al\u0131\u015farak neleri ba\u015farabilece\u011fini d\u00fcnyaya g\u00f6stermesi bak\u0131m\u0131ndan k\u0131ymetli bir ad\u0131m oldu\u011funun alt\u0131n\u0131 \u00e7izdi.<\/p>\n<p><strong>\u201cHEDEF\u0130M\u0130Z D\u00dcNYA SA\u011eLIK TUR\u0130ZM\u0130 KONSEY\u0130 BA\u015eKANLI\u011eI&#8230;\u201d<\/strong><\/p>\n<p>3. D\u00fcnya Sa\u011fl\u0131k Turizmi Formu\u2019nun 25 \u015eubat 2019 tarihinde Azerbaycan\u2019\u0131n ba\u015fkenti Bak\u00fc\u2019de yap\u0131laca\u011f\u0131n\u0131 da s\u00f6yleyen Ahmet Sava\u015fan, hedeflerinin D\u00fcnya Sa\u011fl\u0131k Turizmi Konseyi Ba\u015fkanl\u0131\u011f\u0131n\u0131 2020 y\u0131l\u0131nda Kuzey K\u0131br\u0131s\u2019a almak oldu\u011funu a\u00e7\u0131klad\u0131.<\/p>\n<p>D\u00fcnya sa\u011fl\u0131k, spor ve alternatif turizm kongre fuar\u0131nda ayr\u0131ca KKTC\u2019ye 5 Milyon Euro kazand\u0131rmak hedefiyle konseyin 20\u2019den fazla \u00fclke ile yeni anla\u015fmaya imza att\u0131\u011f\u0131n\u0131 da ifade eden Ahmet Sava\u015fan, yeni anla\u015fmalar\u0131n Avrupa, Rusya, Uzakdo\u011fu ve Ortado\u011fu \u00fclkeleri\u00a0 ile imzaland\u0131\u011f\u0131n\u0131 s\u00f6yledi.<\/p>\n<p><strong>2018\u2019DE 1000 SA\u011eLIK TUR\u0130ST\u0130&#8230;<\/strong><\/p>\n<p>Yap\u0131lan anla\u015fmalar\u0131n K\u0131br\u0131s Sa\u011fl\u0131k Turizmi Konseyi\u2019ne \u00fcye hastane, klinik ve otellere yurt d\u0131\u015f\u0131ndan sa\u011fl\u0131k turisti g\u00f6nderilmesini kapsad\u0131\u011f\u0131n\u0131n alt\u0131n\u0131 \u00e7izen\u00a0 Sava\u015fan, yap\u0131lan anla\u015fmalar sayesinde 2018 y\u0131l\u0131nda Kuzey K\u0131br\u0131s\u2019a plastik cerrahi, t\u00fcp bebek, di\u015f, kalp, radyoterapi, wellness ve sa\u011fl\u0131kl\u0131 ya\u015fam tatilleri gibi alanlarda 1000 yeni sa\u011fl\u0131k turisti g\u00f6nderilmesinin hedeflendi\u011fini s\u00f6yledi.<\/p>\n<p>Ne diyelim, Allah sana \u00fclkene daha fazla hizmet etmek i\u00e7in sa\u011fl\u0131k ve g\u00fc\u00e7 versin&#8230;[\/vc_column_text][vc_single_image image=&#8221;9724&#8243; img_size=&#8221;1200&#215;640&#8243;][\/vc_column][\/vc_row]<\/p>\n","protected":false},"excerpt":{"rendered":"<p>[vc_row][vc_column][vc_column_text] 38 \u00fclkeden 47 delegenin kat\u0131l\u0131m\u0131 ile ger\u00e7ekle\u015fen D\u00fcnya Sa\u011fl\u0131k Turizmi Konseyi (Global Healthcare Travel Council) Genel Kurulu\u2019nda KKTC ad\u0131na Dr. Ahmet Sava\u015fan D\u00fcnya Ba\u015fkan Yard\u0131mc\u0131l\u0131\u011f\u0131na se\u00e7ilmi\u015fti. Hem de Yunanistan\u2019dan da olumlu oy almay\u0131 ba\u015fararak.\u00a0 KKTC\u2019nin 54. \u00fcye \u00fclke olarak D\u00fcnya Konseyine kabul edildi\u011fini ve 2017 y\u0131l\u0131nda da D\u00fcnya Konseyi\u2019nde y\u00f6netim kurulu \u00fcyesi olarak g\u00f6rev [&hellip;]<\/p>\n","protected":false},"author":1,"featured_media":9725,"comment_status":"open","ping_status":"open","sticky":false,"template":"","format":"standard","meta":{"_monsterinsights_skip_tracking":false,"_monsterinsights_sitenote_active":false,"_monsterinsights_sitenote_note":"","_monsterinsights_sitenote_category":0,"footnotes":""},"categories":[102],"tags":[],"class_list":["post-9759","post","type-post","status-publish","format-standard","has-post-thumbnail","hentry","category-haberler"],"aioseo_notices":[],"_links":{"self":[{"href":"https:\/\/ahmetsavasan.com\/tr_tr\/wp-json\/wp\/v2\/posts\/9759","targetHints":{"allow":["GET"]}}],"collection":[{"href":"https:\/\/ahmetsavasan.com\/tr_tr\/wp-json\/wp\/v2\/posts"}],"about":[{"href":"https:\/\/ahmetsavasan.com\/tr_tr\/wp-json\/wp\/v2\/types\/post"}],"author":[{"embeddable":true,"href":"https:\/\/ahmetsavasan.com\/tr_tr\/wp-json\/wp\/v2\/users\/1"}],"replies":[{"embeddable":true,"href":"https:\/\/ahmetsavasan.com\/tr_tr\/wp-json\/wp\/v2\/comments?post=9759"}],"version-history":[{"count":0,"href":"https:\/\/ahmetsavasan.com\/tr_tr\/wp-json\/wp\/v2\/posts\/9759\/revisions"}],"wp:featuredmedia":[{"embeddable":true,"href":"https:\/\/ahmetsavasan.com\/tr_tr\/wp-json\/wp\/v2\/media\/9725"}],"wp:attachment":[{"href":"https:\/\/ahmetsavasan.com\/tr_tr\/wp-json\/wp\/v2\/media?parent=9759"}],"wp:term":[{"taxonomy":"category","embeddable":true,"href":"https:\/\/ahmetsavasan.com\/tr_tr\/wp-json\/wp\/v2\/categories?post=9759"},{"taxonomy":"post_tag","embeddable":true,"href":"https:\/\/ahmetsavasan.com\/tr_tr\/wp-json\/wp\/v2\/tags?post=9759"}],"curies":[{"name":"wp","href":"https:\/\/api.w.org\/{rel}","templated":true}]}}