{"id":9775,"date":"2018-05-28T08:30:37","date_gmt":"2018-05-28T08:30:37","guid":{"rendered":"https:\/\/www.ahmetsavasan.biz\/?p=9775"},"modified":"2018-05-28T08:30:37","modified_gmt":"2018-05-28T08:30:37","slug":"savasan-ataturku-yuregimizle-degil-aklimizla-da-seversek-yeni-zaferler-kazanabiliriz","status":"publish","type":"post","link":"https:\/\/ahmetsavasan.com\/tr_tr\/savasan-ataturku-yuregimizle-degil-aklimizla-da-seversek-yeni-zaferler-kazanabiliriz\/","title":{"rendered":"Atat\u00fcrk\u2019\u00fc Y\u00fcre\u011fimizle De\u011fil, Akl\u0131m\u0131zla Da Seversek Yeni Zaferler Kazanabiliriz!"},"content":{"rendered":"<p>[vc_row][vc_column][vc_column_text]Sa\u011fl\u0131k Turizmi Konseyi Ba\u015fkan\u0131 Dr. Ahmet Sava\u015fan, 19 May\u0131s Atat\u00fcrk\u2019\u00fc Anma, Gen\u00e7lik ve Spor Bayram\u0131 nedeniyle mesaj yay\u0131mlad\u0131.<\/p>\n<p>Mustafa Kemal Atat\u00fcrk\u2019\u00fc sadece y\u00fcre\u011fimizle de\u011fil, akl\u0131m\u0131zla da seversek yeni zaferler kazanabilece\u011fimize vurgu yapan Sava\u015fan mesaj\u0131nda, &#8220;bu \u00f6nemli tarihi, gelece\u011fimizin teminat\u0131 olan gen\u00e7lere arma\u011fan eden b\u00fcy\u00fck \u00f6nder Atat\u00fcrk\u2019\u00fcn gelece\u011fe olan g\u00fcvenini, inan\u00e7 ve kararl\u0131l\u0131\u011f\u0131n\u0131 minnetle selaml\u0131yoruz\u201d ifadelerini kulland\u0131.<\/p>\n<p>\u201cOnun fikirlerini ve ba\u015far\u0131lar\u0131n\u0131, se\u00e7ilmi\u015f s\u00f6zlerini her yere dikilen ve kendisinin yan\u0131nda d\u00fc\u015f\u00fcncelerini de betonlara g\u00f6men, putla\u015ft\u0131ran b\u00fcstlerle, da\u011fa ta\u015fa kaz\u0131nan fig\u00fcrlerle, ticari araca d\u00f6n\u00fc\u015fm\u00fc\u015f takvim, rozet gibi e\u015fyaya tapma ayinleriyle canl\u0131 tutamay\u0131z\u201d diyen Sava\u015fan, Samsun&#8217;a ayak basarak Milli M\u00fccadele&#8217;yi ba\u015flatt\u0131\u011f\u0131 bu g\u00fcnde, demokresi, insan haklar\u0131 ve hayat\u0131n di\u011fer alanlar\u0131nda bizlere m\u00fccadele etme ilham\u0131 veren Ulu \u00d6nder Atat\u00fcrk ba\u015fta olmak \u00fczere, silah arkada\u015flar\u0131n\u0131, Kurtulu\u015f Sava\u015f\u0131\u2019n\u0131n kahramanlar\u0131n\u0131, \u015fehitlerimizi ve gazilerimizi sayg\u0131 ve g\u00f6n\u00fcl borcuyla anar, 19 May\u0131s Atat\u00fcrk\u2019\u00fc Anma ve Gen\u00e7lik ve Spor Bayram\u0131\u2019n\u0131 kutlar\u0131z\u201d dedi.<\/p>\n<p>[\/vc_column_text][\/vc_column][\/vc_row]<\/p>\n","protected":false},"excerpt":{"rendered":"<p>[vc_row][vc_column][vc_column_text]Sa\u011fl\u0131k Turizmi Konseyi Ba\u015fkan\u0131 Dr. Ahmet Sava\u015fan, 19 May\u0131s Atat\u00fcrk\u2019\u00fc Anma, Gen\u00e7lik ve Spor Bayram\u0131 nedeniyle mesaj yay\u0131mlad\u0131. Mustafa Kemal Atat\u00fcrk\u2019\u00fc sadece y\u00fcre\u011fimizle de\u011fil, akl\u0131m\u0131zla da seversek yeni zaferler kazanabilece\u011fimize vurgu yapan Sava\u015fan mesaj\u0131nda, &#8220;bu \u00f6nemli tarihi, gelece\u011fimizin teminat\u0131 olan gen\u00e7lere arma\u011fan eden b\u00fcy\u00fck \u00f6nder Atat\u00fcrk\u2019\u00fcn gelece\u011fe olan g\u00fcvenini, inan\u00e7 ve kararl\u0131l\u0131\u011f\u0131n\u0131 minnetle selaml\u0131yoruz\u201d ifadelerini [&hellip;]<\/p>\n","protected":false},"author":1,"featured_media":9776,"comment_status":"open","ping_status":"open","sticky":false,"template":"","format":"standard","meta":{"_monsterinsights_skip_tracking":false,"_monsterinsights_sitenote_active":false,"_monsterinsights_sitenote_note":"","_monsterinsights_sitenote_category":0,"footnotes":""},"categories":[102],"tags":[],"class_list":["post-9775","post","type-post","status-publish","format-standard","has-post-thumbnail","hentry","category-haberler"],"aioseo_notices":[],"_links":{"self":[{"href":"https:\/\/ahmetsavasan.com\/tr_tr\/wp-json\/wp\/v2\/posts\/9775","targetHints":{"allow":["GET"]}}],"collection":[{"href":"https:\/\/ahmetsavasan.com\/tr_tr\/wp-json\/wp\/v2\/posts"}],"about":[{"href":"https:\/\/ahmetsavasan.com\/tr_tr\/wp-json\/wp\/v2\/types\/post"}],"author":[{"embeddable":true,"href":"https:\/\/ahmetsavasan.com\/tr_tr\/wp-json\/wp\/v2\/users\/1"}],"replies":[{"embeddable":true,"href":"https:\/\/ahmetsavasan.com\/tr_tr\/wp-json\/wp\/v2\/comments?post=9775"}],"version-history":[{"count":0,"href":"https:\/\/ahmetsavasan.com\/tr_tr\/wp-json\/wp\/v2\/posts\/9775\/revisions"}],"wp:featuredmedia":[{"embeddable":true,"href":"https:\/\/ahmetsavasan.com\/tr_tr\/wp-json\/wp\/v2\/media\/9776"}],"wp:attachment":[{"href":"https:\/\/ahmetsavasan.com\/tr_tr\/wp-json\/wp\/v2\/media?parent=9775"}],"wp:term":[{"taxonomy":"category","embeddable":true,"href":"https:\/\/ahmetsavasan.com\/tr_tr\/wp-json\/wp\/v2\/categories?post=9775"},{"taxonomy":"post_tag","embeddable":true,"href":"https:\/\/ahmetsavasan.com\/tr_tr\/wp-json\/wp\/v2\/tags?post=9775"}],"curies":[{"name":"wp","href":"https:\/\/api.w.org\/{rel}","templated":true}]}}