{"id":9838,"date":"2018-10-02T13:59:20","date_gmt":"2018-10-02T13:59:20","guid":{"rendered":"https:\/\/www.ahmetsavasan.biz\/?p=9838"},"modified":"2018-10-02T13:59:20","modified_gmt":"2018-10-02T13:59:20","slug":"erhurman-saglik-turizmi-icin-gereken-adimlar-atilacak","status":"publish","type":"post","link":"https:\/\/ahmetsavasan.com\/tr_tr\/erhurman-saglik-turizmi-icin-gereken-adimlar-atilacak\/","title":{"rendered":"Erh\u00fcrman: &#8220;Sa\u011fl\u0131k Turizmi \u0130\u00e7in Gereken Ad\u0131mlar At\u0131lacak&#8221;"},"content":{"rendered":"<p><strong>Ba\u015fbakan\u00a0<a class=\"words\" href=\"http:\/\/www.kibrispostasi.com\/index.php\/tpl\/tumu\/pers\/6\">Tufan Erh\u00fcrman<\/a>\u00a0D\u00fcnya Sa\u011fl\u0131k Turizmi Konseyi Ba\u015fkan Yard\u0131mc\u0131l\u0131\u011f\u0131 g\u00f6revine se\u00e7ilen Dr.\u00a0<a class=\"words\" href=\"http:\/\/www.kibrispostasi.com\/index.php\/tpl\/tumu\/pers\/13\">Ahmet Sava\u015fan<\/a>\u00a0ve beraberindeki heyeti kabul etti.<\/strong><\/p>\n<p>Kab\u00fclde, D\u00fcnya Sa\u011fl\u0131k Turizmi Konseyi Ba\u015fkan Yard\u0131mc\u0131l\u0131\u011f\u0131 g\u00f6revine se\u00e7ilen Dr.\u00a0<a class=\"words\" href=\"http:\/\/www.kibrispostasi.com\/index.php\/tpl\/tumu\/pers\/13\">Ahmet Sava\u015fan<\/a>\u2019\u0131 kutlayan Ba\u015fbakan Erh\u00fcrman, turizmin KKTC ekonomisi a\u00e7\u0131s\u0131ndan \u00e7ok \u00f6nemli bir yere sahip oldu\u011funa i\u015faret etti. Turizmin \u00e7e\u015fitlendirilerek y\u0131la yay\u0131lmas\u0131 gerekti\u011fini belirten Erh\u00fcrman, sa\u011fl\u0131k turizminin bu kapsamda sahiplenilerek te\u015fvik edilmesi ve denetlenmesi gerekti\u011fine vurgu yapt\u0131.<\/p>\n<p><strong>GHTC KKTC i\u00e7in b\u00fcy\u00fck f\u0131rsat&#8230;<\/strong><\/p>\n<p>D\u00fcnya Sa\u011fl\u0131k Turizmi Konseyi Ba\u015fkan Yard\u0131mc\u0131l\u0131\u011f\u0131n\u0131n Kuzey K\u0131br\u0131s\u2019da olmas\u0131n\u0131n KKTC\u2019nin uluslararas\u0131 platforumdaki ili\u015fkilerini geli\u015ftirmesi bak\u0131m\u0131ndan b\u00fcy\u00fck bir f\u0131rsat sundu\u011funu belirten Erh\u00fcrman, Ba\u015fbakanl\u0131\u011f\u0131n bu alan\u0131n geli\u015fmesi i\u00e7in yasal d\u00fczenlemelerin yap\u0131lmas\u0131 ve gereken di\u011fer ad\u0131mlar\u0131n at\u0131lmas\u0131na destek verece\u011fini s\u00f6yledi.<\/p>\n<p><strong>57 \u00fclke ile i\u015fbirli\u011fi art\u0131yor&#8230;<\/strong><\/p>\n<p>D\u00fcnya Sa\u011fl\u0131k Turizmi Konseyi\u2019nin (Global Healthcare Travel Council-GHTC) uluslararas\u0131 alanda y\u00fcr\u00fctt\u00fc\u011f\u00fc faaliyetler hakk\u0131nda Ba\u015fbakan\u00a0<a class=\"words\" href=\"http:\/\/www.kibrispostasi.com\/index.php\/tpl\/tumu\/pers\/6\">Tufan Erh\u00fcrman<\/a>\u2019a bilgi veren GHTC Ba\u015fkan Yad\u0131mc\u0131s\u0131 Dr.\u00a0<a class=\"words\" href=\"http:\/\/www.kibrispostasi.com\/index.php\/tpl\/tumu\/pers\/13\">Ahmet Sava\u015fan<\/a>\u00a0da kabulde yapt\u0131\u011f\u0131 konu\u015fmada, T\u00fcrkiye\u2019nin b\u00fcy\u00fck deste\u011fi sayesinde konseye \u00fcye 57 \u00fclke ile Sa\u011fl\u0131k Turizmi alan\u0131nda i\u015fbirli\u011finin artarak devam etti\u011fini ve bunun da turizm gelirlerine olumlu yans\u0131d\u0131\u011f\u0131n\u0131 anlatt\u0131.<\/p>\n<p><strong>Siyasi deste\u011fe ihtiya\u00e7 var&#8230;<\/strong><\/p>\n<p>G\u00fcney K\u0131br\u0131s Rum Y\u00f6netimi\u2019nin Y\u00fcnanistan nezdinde GHTC\u2019nin Y\u00fcnanl\u0131 Genel Sekreterinin istifas\u0131 ile sonu\u00e7lanan giri\u015fimleri hakk\u0131nda da Ba\u015fbakan Erh\u00fcrman\u2019a bilgi veren\u00a0<a class=\"words\" href=\"http:\/\/www.kibrispostasi.com\/index.php\/tpl\/tumu\/pers\/13\">Ahmet Sava\u015fan<\/a>, Sa\u011fl\u0131k Turizmi\u2019nin KKTC\u2019de s\u00fcrd\u00fcr\u00fclebilir bir yap\u0131ya kavu\u015fmas\u0131 i\u00e7in siyasi deste\u011fe ihtiya\u00e7 oldu\u011funa vurgu yapt\u0131. Kuzey K\u0131br\u0131s Sa\u011fl\u0131k Turizmi Konseyi\u2019nin b\u00fct\u00fcn payda\u015flar ve konunun uzmanlar\u0131 ile birlikte haz\u0131rlad\u0131\u011f\u0131 stratejik plan\u0131n en k\u0131sa s\u00fcrede Ba\u015fbakan\u2019l\u0131\u011fa ileteceklerini belirten Sava\u015fan, s\u00f6z konusu raporun Ba\u015fbakan ba\u015fkanl\u0131\u011f\u0131nda sa\u011fl\u0131k ile turizm bakanlar\u0131n\u0131n da kat\u0131l\u0131m\u0131 ile ger\u00e7ekle\u015ftirilecek bir toplant\u0131da de\u011ferlendirilmesini talep etti.<\/p>\n<p>Ba\u015fbakanl\u0131kta ger\u00e7ekle\u015fen g\u00f6r\u00fc\u015fmede Sava\u015fan\u2019a, konsey y\u00f6netim kurulu \u00fcyeleri, K\u0131br\u0131s T\u00fcrk Serbest \u00c7al\u0131\u015fan Hekimler Birli\u011fi Ba\u015fkan\u0131 Dr. Remzi Gardiyano\u011flu, \u00d6zel Hastaneler Birli\u011fi Ba\u015fkan\u0131 Dr. Hayat \u0130zel, K\u0131br\u0131s T\u00fcrk Otelciler Birli\u011fi Ba\u015fkan\u0131 Fethi \u00d6zbo\u011fa\u00e7, KITSAB YK \u00dcyesi Orhan Tolun, Faiz Camg\u00f6z, Do\u00e7. Dr. Sava\u015f \u00d6zyi\u011fit,\u00a0 Yrd. Do\u00e7. Dr. Ediz Tuncel ve Avukat \u00d6zkul \u00d6zyi\u011fit e\u015flik etti.<\/p>\n","protected":false},"excerpt":{"rendered":"<p>Ba\u015fbakan\u00a0Tufan Erh\u00fcrman\u00a0D\u00fcnya Sa\u011fl\u0131k Turizmi Konseyi Ba\u015fkan Yard\u0131mc\u0131l\u0131\u011f\u0131 g\u00f6revine se\u00e7ilen Dr.\u00a0Ahmet Sava\u015fan\u00a0ve beraberindeki heyeti kabul etti. Kab\u00fclde, D\u00fcnya Sa\u011fl\u0131k Turizmi Konseyi Ba\u015fkan Yard\u0131mc\u0131l\u0131\u011f\u0131 g\u00f6revine se\u00e7ilen Dr.\u00a0Ahmet Sava\u015fan\u2019\u0131 kutlayan Ba\u015fbakan Erh\u00fcrman, turizmin KKTC ekonomisi a\u00e7\u0131s\u0131ndan \u00e7ok \u00f6nemli bir yere sahip oldu\u011funa i\u015faret etti. Turizmin \u00e7e\u015fitlendirilerek y\u0131la yay\u0131lmas\u0131 gerekti\u011fini belirten Erh\u00fcrman, sa\u011fl\u0131k turizminin bu kapsamda sahiplenilerek te\u015fvik edilmesi [&hellip;]<\/p>\n","protected":false},"author":1,"featured_media":9839,"comment_status":"open","ping_status":"open","sticky":false,"template":"","format":"standard","meta":{"_monsterinsights_skip_tracking":false,"_monsterinsights_sitenote_active":false,"_monsterinsights_sitenote_note":"","_monsterinsights_sitenote_category":0,"footnotes":""},"categories":[102],"tags":[],"class_list":["post-9838","post","type-post","status-publish","format-standard","has-post-thumbnail","hentry","category-haberler"],"aioseo_notices":[],"_links":{"self":[{"href":"https:\/\/ahmetsavasan.com\/tr_tr\/wp-json\/wp\/v2\/posts\/9838","targetHints":{"allow":["GET"]}}],"collection":[{"href":"https:\/\/ahmetsavasan.com\/tr_tr\/wp-json\/wp\/v2\/posts"}],"about":[{"href":"https:\/\/ahmetsavasan.com\/tr_tr\/wp-json\/wp\/v2\/types\/post"}],"author":[{"embeddable":true,"href":"https:\/\/ahmetsavasan.com\/tr_tr\/wp-json\/wp\/v2\/users\/1"}],"replies":[{"embeddable":true,"href":"https:\/\/ahmetsavasan.com\/tr_tr\/wp-json\/wp\/v2\/comments?post=9838"}],"version-history":[{"count":0,"href":"https:\/\/ahmetsavasan.com\/tr_tr\/wp-json\/wp\/v2\/posts\/9838\/revisions"}],"wp:featuredmedia":[{"embeddable":true,"href":"https:\/\/ahmetsavasan.com\/tr_tr\/wp-json\/wp\/v2\/media\/9839"}],"wp:attachment":[{"href":"https:\/\/ahmetsavasan.com\/tr_tr\/wp-json\/wp\/v2\/media?parent=9838"}],"wp:term":[{"taxonomy":"category","embeddable":true,"href":"https:\/\/ahmetsavasan.com\/tr_tr\/wp-json\/wp\/v2\/categories?post=9838"},{"taxonomy":"post_tag","embeddable":true,"href":"https:\/\/ahmetsavasan.com\/tr_tr\/wp-json\/wp\/v2\/tags?post=9838"}],"curies":[{"name":"wp","href":"https:\/\/api.w.org\/{rel}","templated":true}]}}